{"id":550001,"date":"2025-11-21T22:19:14","date_gmt":"2025-11-21T22:19:14","guid":{"rendered":"https:\/\/www.europesays.com\/fr\/550001\/"},"modified":"2025-11-21T22:19:14","modified_gmt":"2025-11-21T22:19:14","slug":"le-ninja-air-fryer-max-pro-a-8598e-au-lieu-de-14580e","status":"publish","type":"post","link":"https:\/\/www.europesays.com\/fr\/550001\/","title":{"rendered":"le Ninja Air Fryer MAX PRO \u00e0 85,98\u20ac au lieu de 145,80\u20ac"},"content":{"rendered":"<p>Une r\u00e9duction de 41% sur un appareil de cuisine qui cartonne depuis des mois, c\u2019est exactement le genre d\u2019opportunit\u00e9 qu\u2019on guette pendant le Black Friday. Le Ninja Air Fryer Max Pro AF180EUCP passe de 145,80\u20ac \u00e0 seulement 85,98\u20ac. Pour ceux qui veulent cuisiner plus sainement sans passer des heures en cuisine, le moment est bien choisi.<\/p>\n<p>Promo Ninja Air Fryer MAX PRO Black Friday<\/p>\n<p>D\u00e9couvrez l\u2019offre <a href=\"https:\/\/www.pyreneesinfotarbes.fr\/amazon-black-friday-deals-code-promo\/\" target=\"_blank\" rel=\"noopener\">Black Friday Amazon<\/a> sur le Ninja Air Fryer MAX PRO :<\/p>\n<p><b>Une vraie capacit\u00e9 familiale de 6,2 litres<\/b><\/p>\n<p>On parle souvent de capacit\u00e9 g\u00e9n\u00e9reuse dans les descriptions produits, mais l\u00e0, les chiffres parlent d\u2019eux-m\u00eames. Ce mod\u00e8le accueille quatre blancs de poulet, 900 grammes de frites ou un poulet entier. Fini les fourn\u00e9es successives pour nourrir tout le monde.<\/p>\n<p>Son format carr\u00e9 optimise l\u2019espace de cuisson mieux que les mod\u00e8les ronds classiques. R\u00e9sultat : plus de place pour les aliments, moins d\u2019encombrement sur le plan de travail. Les dimensions restent raisonnables (39 x 29 x 31 cm), ce qui change des monstres qui squattent la moiti\u00e9 de la cuisine.<\/p>\n<p><b>La technologie Max Crisp qui change tout<\/b><\/p>\n<p>Le principe reste simple : de l\u2019air tr\u00e8s chaud qui circule \u00e0 grande vitesse. Mais Ninja pousse le concept jusqu\u2019\u00e0 240\u00b0C avec sa technologie Max Crisp. Cette temp\u00e9rature \u00e9lev\u00e9e fait toute la diff\u00e9rence entre des frites molles et des frites vraiment croustillantes.<\/p>\n<p>Les tests ind\u00e9pendants le confirment : l\u2019appareil monte en temp\u00e9rature en moins de 3 minutes et maintient une stabilit\u00e9 thermique remarquable. Les variations ne d\u00e9passent pas 2\u00b0C au centre, ce qui garantit une cuisson homog\u00e8ne \u00e0 chaque utilisation.<\/p>\n<p><b>Six modes pour remplacer plusieurs appareils<\/b><\/p>\n<p>L\u2019Air Fryer standard utilise jusqu\u2019\u00e0 75% de mati\u00e8res grasses en moins qu\u2019une friture classique. Le mode Roast s\u2019occupe des viandes et l\u00e9gumes r\u00f4tis. La fonction Bake permet de cuire gratins et g\u00e2teaux sans allumer le four. Le mode Reheat r\u00e9chauffe sans dess\u00e9cher. La fonction Dehydrate transforme fruits et l\u00e9gumes en snacks sains. Et le Max Crisp monte \u00e0 240\u00b0C pour le croustillant ultime, m\u00eame sur du surgel\u00e9.<\/p>\n<p>Chaque fonction dispose de r\u00e9glages pr\u00e9d\u00e9finis, mais vous pouvez les ajuster selon vos pr\u00e9f\u00e9rences. L\u2019\u00e9cran digital affiche temp\u00e9rature et temps restant en temps r\u00e9el.<\/p>\n<p><b>Une plaque modulable qui s\u2019adapte<\/b><\/p>\n<p>Petit d\u00e9tail qui fait la diff\u00e9rence : la plaque de cuisson se positionne \u00e0 deux hauteurs. En haut, elle rapproche les aliments de la r\u00e9sistance pour intensifier le grillage. En bas, elle lib\u00e8re de l\u2019espace pour les grosses pi\u00e8ces.<\/p>\n<p>Vous pouvez m\u00eame ajouter la grille pour cuire sur deux niveaux simultan\u00e9ment. Prot\u00e9ines en haut, l\u00e9gumes en bas. Pratique pour gagner du temps, m\u00eame si la cuisson demande un peu plus d\u2019attention qu\u2019en mode simple niveau.<\/p>\n<p><b>Des \u00e9conomies qui vont au-del\u00e0 du prix d\u2019achat<\/b><\/p>\n<p>La r\u00e9duction de 60\u20ac fait d\u00e9j\u00e0 plaisir au portefeuille. Mais l\u2019appareil consomme jusqu\u2019\u00e0 60% d\u2019\u00e9nergie en moins qu\u2019un four traditionnel. Sur une ann\u00e9e d\u2019utilisation r\u00e9guli\u00e8re, ces \u00e9conomies s\u2019accumulent vraiment.<\/p>\n<p>La rapidit\u00e9 de mont\u00e9e en temp\u00e9rature joue beaucoup. Pas besoin de pr\u00e9chauffer pendant 10 minutes comme avec un four. Deux \u00e0 trois minutes suffisent, et vous pouvez commencer \u00e0 cuisiner.<\/p>\n<p><b>Un entretien qui ne prend pas la t\u00eate<\/b><\/p>\n<p>Le panier et la plaque sont antiadh\u00e9sifs et passent au lave-vaisselle. Les r\u00e9sidus partent facilement, m\u00eame lav\u00e9s \u00e0 la main. Le rev\u00eatement ext\u00e9rieur mat r\u00e9siste bien aux traces de doigts. Un coup de chiffon humide entre deux utilisations, et l\u2019appareil reste pr\u00e9sentable.<\/p>\n<p><b>Discret pour une cuisine ouverte<\/b><\/p>\n<p>\u00c0 46 d\u00e9cibels, le Ninja Max Pro fait partie des mod\u00e8les les plus silencieux du march\u00e9. Vous pouvez tenir une conversation normale pendant qu\u2019il tourne. Dans une cuisine ouverte sur le salon, ce silence fait vraiment la diff\u00e9rence.<\/p>\n<p><b>Ce que disent les utilisateurs<\/b><\/p>\n<p>Note de 4,7 sur 5 bas\u00e9e sur plus de 28 000 avis Amazon. Les retours positifs mentionnent surtout la qualit\u00e9 de cuisson, la facilit\u00e9 d\u2019utilisation et la solidit\u00e9 de l\u2019appareil. Plusieurs utilisateurs expliquent avoir abandonn\u00e9 leur four pour les cuissons du quotidien.<\/p>\n<p>Plus de 700 unit\u00e9s vendues le mois dernier, ce qui confirme l\u2019engouement pour ce mod\u00e8le. Les critiques n\u00e9gatives restent rares et portent principalement sur le livret de recettes jug\u00e9 trop basique.<\/p>\n<p><b>Une offre \u00e0 saisir rapidement<\/b><\/p>\n<p>Les promotions Black Friday sur les produits r\u00e9cents et performants ne durent g\u00e9n\u00e9ralement pas longtemps. \u00c0 85,98\u20ac au lieu de 145,80\u20ac, le Ninja Max Pro retrouvera probablement son prix habituel une fois les stocks \u00e9coul\u00e9s ou la p\u00e9riode promotionnelle termin\u00e9e.<\/p>\n<p>La polyvalence de l\u2019appareil justifie cet investissement. Il remplace efficacement un four d\u2019appoint, un d\u00e9shydrateur et une friteuse classique. Trois appareils en un, avec des performances valid\u00e9es par les tests ind\u00e9pendants.<\/p>\n","protected":false},"excerpt":{"rendered":"Une r\u00e9duction de 41% sur un appareil de cuisine qui cartonne depuis des mois, c\u2019est exactement le genre&hellip;\n","protected":false},"author":2,"featured_media":550002,"comment_status":"","ping_status":"","sticky":false,"template":"","format":"standard","meta":{"footnotes":""},"categories":[6],"tags":[35,33,34,1011,27],"class_list":{"0":"post-550001","1":"post","2":"type-post","3":"status-publish","4":"format-standard","5":"has-post-thumbnail","7":"category-economie","8":"tag-business","9":"tag-economie","10":"tag-economy","11":"tag-fr","12":"tag-france"},"share_on_mastodon":{"url":"https:\/\/pubeurope.com\/@fr\/115590015450246270","error":""},"_links":{"self":[{"href":"https:\/\/www.europesays.com\/fr\/wp-json\/wp\/v2\/posts\/550001","targetHints":{"allow":["GET"]}}],"collection":[{"href":"https:\/\/www.europesays.com\/fr\/wp-json\/wp\/v2\/posts"}],"about":[{"href":"https:\/\/www.europesays.com\/fr\/wp-json\/wp\/v2\/types\/post"}],"author":[{"embeddable":true,"href":"https:\/\/www.europesays.com\/fr\/wp-json\/wp\/v2\/users\/2"}],"replies":[{"embeddable":true,"href":"https:\/\/www.europesays.com\/fr\/wp-json\/wp\/v2\/comments?post=550001"}],"version-history":[{"count":0,"href":"https:\/\/www.europesays.com\/fr\/wp-json\/wp\/v2\/posts\/550001\/revisions"}],"wp:featuredmedia":[{"embeddable":true,"href":"https:\/\/www.europesays.com\/fr\/wp-json\/wp\/v2\/media\/550002"}],"wp:attachment":[{"href":"https:\/\/www.europesays.com\/fr\/wp-json\/wp\/v2\/media?parent=550001"}],"wp:term":[{"taxonomy":"category","embeddable":true,"href":"https:\/\/www.europesays.com\/fr\/wp-json\/wp\/v2\/categories?post=550001"},{"taxonomy":"post_tag","embeddable":true,"href":"https:\/\/www.europesays.com\/fr\/wp-json\/wp\/v2\/tags?post=550001"}],"curies":[{"name":"wp","href":"https:\/\/api.w.org\/{rel}","templated":true}]}}