{"id":550003,"date":"2025-11-21T22:20:15","date_gmt":"2025-11-21T22:20:15","guid":{"rendered":"https:\/\/www.europesays.com\/fr\/550003\/"},"modified":"2025-11-21T22:20:15","modified_gmt":"2025-11-21T22:20:15","slug":"trump-tend-la-main-au-nouveau-maire-democrate-mamdani","status":"publish","type":"post","link":"https:\/\/www.europesays.com\/fr\/550003\/","title":{"rendered":"Trump tend la main au nouveau maire d\u00e9mocrate Mamdani"},"content":{"rendered":"<p>\n    Donald Trump et Zohran Mamdani se sont rencontr\u00e9s \u00e0 la Maison-Blanche ce vendredi. L\u2019\u00e9lu d\u00e9mocrate a jug\u00e9 cet entretien \u00abtr\u00e8s productif\u00bb.<\/p>\n<p class=\"fig-paragraph\">Oubli\u00e9s les \u00e9changes acerbes des derniers mois. Donald Trump a promis vendredi \u00abd\u2019aider\u00bb\u00a0<a href=\"http:\/\/www.lefigaro.fr\/international\/a-new-york-le-nouveau-maire-zohran-mamdani-distribue-des-repas-dans-une-banque-alimentaire-20251118\" data-fig-type=\"NewsFlash\" data-gtm-custom-categorie=\"navigation\" data-gtm-custom-action=\"crossclick\" data-gtm-custom-label=\"Contextuel\" data-gtm-event=\"customEventSPE\" data-fig-domain=\"LEFIGARO\" target=\"_blank\" rel=\"noopener\">Zohran Mamdani<\/a>\u00a0\u00e0 faire de New York une ville \u00abforte et tr\u00e8s s\u00fbre\u00bb en recevant le maire \u00e9lu de la m\u00e9tropole,\u00a0<a href=\"http:\/\/www.lefigaro.fr\/international\/voyons-comment-un-communiste-s-en-sortira-a-new-york-la-reaction-de-donald-trump-a-l-election-de-mamdani-20251106\" data-fig-type=\"NewsFlash\" data-gtm-custom-categorie=\"navigation\" data-gtm-custom-action=\"crossclick\" data-gtm-custom-label=\"Contextuel\" data-gtm-event=\"customEventSPE\" data-fig-domain=\"LEFIGARO\" target=\"_blank\" rel=\"noopener\">socialiste revendiqu\u00e9<\/a>, \u00e0 la Maison-Blanche.<\/p>\n<p class=\"fig-paragraph\">\u00abJe pense que vous allez avoir, je l\u2019esp\u00e8re, un excellent maire. Plus il r\u00e9ussira, plus je serai content. (&#8230;) Nous allons l\u2019aider \u00e0 r\u00e9aliser le r\u00eave de tout le monde, avoir un New York fort et tr\u00e8s s\u00fbr\u00bb, a d\u00e9clar\u00e9 sur un ton cordial le pr\u00e9sident am\u00e9ricain, qui a qualifi\u00e9 \u00e0 r\u00e9p\u00e9tition Zohran Mamdani de \u00abcommuniste\u00bb pendant la campagne municipale. L\u2019\u00e9lu d\u00e9mocrate a lui jug\u00e9 \u00abtr\u00e8s productive\u00bb son entrevue avec le milliardaire r\u00e9publicain.<\/p>\n<p>                                    <a class=\"fig-a11y-skip a11y-hidden\" href=\"#fig-a11y-skip-main-inarticle\"><br \/>\n        Passer la publicit\u00e9<br \/>\n    <\/a><\/p>\n<p class=\"fig-paragraph\">L\u2019\u00e9lu d\u00e9mocrate a lui jug\u00e9 \u00abtr\u00e8s productive\u00bb son entrevue avec le milliardaire r\u00e9publicain. Il a soulign\u00e9 que leur r\u00e9union \u00abn\u2019avait pas port\u00e9 sur les points de d\u00e9saccord, qui sont nombreux\u00bb, mais sur leur \u00abobjectif commun d\u2019\u00eatre au service des New-Yorkais\u00bb pour lutter contre la vie ch\u00e8re, sa grande promesse de campagne.<\/p>\n<p>\u00abOn a dit de moi des choses bien pire que despote\u00bb<\/p>\n<p class=\"fig-paragraph\">Pendant leur apparition commune devant les cam\u00e9ras, Donald Trump, lui-m\u00eame new-yorkais, a presque sembl\u00e9 prendre sous son aile le d\u00e9mocrate de 34 ans, pr\u00e9disant qu\u2019il allait \u00absurprendre certains conservateurs.\u00bb<\/p>\n<p class=\"fig-paragraph\">Interrog\u00e9 sur des propos pass\u00e9s de Zohran Mamdani, qui l\u2019avait qualifi\u00e9 de \u00abdespote\u00bb, Donald Trump, qui peut \u00eatre fort rancunier, a r\u00e9pondu sur un ton l\u00e9ger: \u00abOn a dit de moi des choses bien pire que despote. Donc ce n\u2019est pas si insultant que \u00e7a. Peut-\u00eatre qu\u2019il changera d\u2019avis.\u00bb<\/p>\n<p class=\"fig-paragraph\">Le pr\u00e9sident am\u00e9ricain a aussi f\u00e9licit\u00e9 son visiteur pour sa campagne \u00abincroyable\u00bb, qu\u2019il a d\u00e9but\u00e9e en parfait inconnu pour finir non seulement en maire \u00e9lu, mais en nouvelle \u00e9toile des progressistes am\u00e9ricains. \u00abIl a dit que beaucoup de mes \u00e9lecteurs avaient en fait vot\u00e9 pour lui, a not\u00e9 le pr\u00e9sident.\u00bb \u00abUn sur 10\u00bb, a rench\u00e9ri le maire-\u00e9lu. \u00abCa me va\u00bb, a conclu le pr\u00e9sident am\u00e9ricain.<\/p>\n","protected":false},"excerpt":{"rendered":"Donald Trump et Zohran Mamdani se sont rencontr\u00e9s \u00e0 la Maison-Blanche ce vendredi. L\u2019\u00e9lu d\u00e9mocrate a jug\u00e9 cet&hellip;\n","protected":false},"author":2,"featured_media":550004,"comment_status":"","ping_status":"","sticky":false,"template":"","format":"standard","meta":{"footnotes":""},"categories":[5],"tags":[11,75,1011,27,14,415,12,28,66756],"class_list":{"0":"post-550003","1":"post","2":"type-post","3":"status-publish","4":"format-standard","5":"has-post-thumbnail","7":"category-international","8":"tag-actualites","9":"tag-donald-trump","10":"tag-fr","11":"tag-france","12":"tag-international","13":"tag-new-york","14":"tag-news","15":"tag-world","16":"tag-zorhan-mamdani"},"share_on_mastodon":{"url":"https:\/\/pubeurope.com\/@fr\/115590019462759722","error":""},"_links":{"self":[{"href":"https:\/\/www.europesays.com\/fr\/wp-json\/wp\/v2\/posts\/550003","targetHints":{"allow":["GET"]}}],"collection":[{"href":"https:\/\/www.europesays.com\/fr\/wp-json\/wp\/v2\/posts"}],"about":[{"href":"https:\/\/www.europesays.com\/fr\/wp-json\/wp\/v2\/types\/post"}],"author":[{"embeddable":true,"href":"https:\/\/www.europesays.com\/fr\/wp-json\/wp\/v2\/users\/2"}],"replies":[{"embeddable":true,"href":"https:\/\/www.europesays.com\/fr\/wp-json\/wp\/v2\/comments?post=550003"}],"version-history":[{"count":0,"href":"https:\/\/www.europesays.com\/fr\/wp-json\/wp\/v2\/posts\/550003\/revisions"}],"wp:featuredmedia":[{"embeddable":true,"href":"https:\/\/www.europesays.com\/fr\/wp-json\/wp\/v2\/media\/550004"}],"wp:attachment":[{"href":"https:\/\/www.europesays.com\/fr\/wp-json\/wp\/v2\/media?parent=550003"}],"wp:term":[{"taxonomy":"category","embeddable":true,"href":"https:\/\/www.europesays.com\/fr\/wp-json\/wp\/v2\/categories?post=550003"},{"taxonomy":"post_tag","embeddable":true,"href":"https:\/\/www.europesays.com\/fr\/wp-json\/wp\/v2\/tags?post=550003"}],"curies":[{"name":"wp","href":"https:\/\/api.w.org\/{rel}","templated":true}]}}