{"id":550005,"date":"2025-11-21T22:21:15","date_gmt":"2025-11-21T22:21:15","guid":{"rendered":"https:\/\/www.europesays.com\/fr\/550005\/"},"modified":"2025-11-21T22:21:15","modified_gmt":"2025-11-21T22:21:15","slug":"lordre-des-medecins-sinquiete-du-projet-de-reorganisation-des-agences-regionales-de-sante-porte-par-sebastien-lecornu","status":"publish","type":"post","link":"https:\/\/www.europesays.com\/fr\/550005\/","title":{"rendered":"L&rsquo;Ordre des m\u00e9decins s&rsquo;inqui\u00e8te du projet de r\u00e9organisation des Agences r\u00e9gionales de sant\u00e9, port\u00e9 par S\u00e9bastien Lecornu"},"content":{"rendered":"\n<p class=\"c-chapo \">\n  Le Premier ministre a notamment propos\u00e9 de transf\u00e9rer leurs comp\u00e9tences au profit des pr\u00e9fets et des d\u00e9partements.\n<\/p>\n<p>      lire plus tard<\/p>\n<p id=\"dialog__title\" class=\"dialog__title\">Pour sauvegarder cet article, connectez-vous ou cr\u00e9ez un compte franceinfo<\/p>\n<p class=\"dialog__description\">Sans paiement. Sans abonnement.<\/p>\n<p>        Fermer la fen\u00eatre d\u2019activation des notifications France Info<\/p>\n<p>      cr\u00e9er votre compte<\/p>\n<p>      se connecter<\/p>\n<p>        Fermer la fen\u00eatre de pr\u00e9sentation<\/p>\n<p>    <img loading=\"lazy\" decoding=\"async\" class=\"signature__image lazyload\" width=\"100\" height=\"100\" data- alt=\"\" src=\"https:\/\/www.europesays.com\/fr\/wp-content\/uploads\/2025\/05\/64a68815cd1a7_placeholder-36b69ec8.png\"\/><\/p>\n<p>    Publi\u00e9 le 21\/11\/2025 21:14<\/p>\n<p>        Temps de lecture : 2min<\/p>\n<p>    <img decoding=\"async\"  alt=\"Le logo de l'Agence R\u00e9gionale de Sant\u00e9 (Grand Est), \u00e0 Nancy, le 12 novembre 2021. (NICOLAS GUYONNET \/ HANS LUCAS \/ AFP)\" width=\"432\" height=\"243\" src=\"https:\/\/www.europesays.com\/fr\/wp-content\/uploads\/2025\/11\/080-hl-nguyonnet-1648797-6920c7ea5c5b5633069681.jpg\" fetchpriority=\"high\"\/><\/p>\n<p>      Le logo de l&rsquo;Agence R\u00e9gionale de Sant\u00e9 (Grand Est), \u00e0 Nancy, le 12 novembre 2021. (NICOLAS GUYONNET \/ HANS LUCAS \/ AFP)<\/p>\n<p>Apr\u00e8s onze anciens ministres de la Sant\u00e9, au tour de <a href=\"https:\/\/www.franceinfo.fr\/societe\/harcelement-sexuel\/enquete-franceinfo-il-est-la-pour-les-proteger-l-ordre-des-medecins-accuse-d-inaction-face-aux-violences-sexuelles_7277820.html\" rel=\"nofollow noopener\" target=\"_blank\">l&rsquo;Ordre des m\u00e9decins<\/a> de tirer la sonnette d&rsquo;alarme. L&rsquo;instance professionnelle qui repr\u00e9sente les docteurs s&rsquo;est inqui\u00e9t\u00e9e,\u00a0vendredi 21 novembre, du projet de S\u00e9bastien Lecornu <a href=\"https:\/\/www.franceinfo.fr\/sante\/onze-ex-ministres-etrillent-les-propositions-de-sebastien-lecornu-sur-les-agences-regionales-de-sante_7624736.html\" rel=\"nofollow noopener\" target=\"_blank\">de transf\u00e9rer aux pr\u00e9fets et aux conseils d\u00e9partementaux les comp\u00e9tences de sant\u00e9 aujourd&rsquo;hui d\u00e9volues aux Agences r\u00e9gionales de sant\u00e9<\/a> (ARS).<\/p>\n<p>Dans un communiqu\u00e9, \u00ab\u00a0le Conseil national de l&rsquo;Ordre des m\u00e9decins exprime sa pr\u00e9occupation quant \u00e0 l&rsquo;hypoth\u00e8se d&rsquo;une suppression \u00e0 l&rsquo;horizon 2026 des Agences r\u00e9gionales de sant\u00e9\u00a0\u00bb. \u00ab\u00a0La priorit\u00e9 ne r\u00e9side pas dans la disparition de cet \u00e9chelon r\u00e9gional, mais dans la red\u00e9finition de ses missions et le renforcement de ses capacit\u00e9s d&rsquo;action pour r\u00e9pondre aux r\u00e9alit\u00e9s sanitaires des territoires\u00a0\u00bb, a-t-il ajout\u00e9.<\/p>\n<p>Les ARS, qui comptent pr\u00e8s de 8\u00a0000 agents, sont depuis 2010 le bras arm\u00e9 de l&rsquo;Etat pour appliquer la politique de sant\u00e9 sur le terrain. Elles ont des comp\u00e9tences notamment en mati\u00e8re de veille sanitaire et de pr\u00e9paration aux crises, et de r\u00e9gulation de l&rsquo;offre de sant\u00e9, en particulier en ce qui concerne les \u00e9tablissements hospitaliers et les Ehpad. Depuis leur naissance, elles sont tr\u00e8s critiqu\u00e9es par les \u00e9lus locaux, qui les accusent de bureaucratisme et d&rsquo;inefficacit\u00e9.<\/p>\n<p>Devant l&rsquo;Assembl\u00e9e des d\u00e9partements de France, le Premier ministre a propos\u00e9 de transf\u00e9rer leurs comp\u00e9tences au profit des pr\u00e9fets et des d\u00e9partements, et d&rsquo;accorder aux d\u00e9partements une partie des recettes de CSG (contribution sociale g\u00e9n\u00e9ralis\u00e9e) qui financent aujourd&rsquo;hui la S\u00e9curit\u00e9 sociale.<\/p>\n<p>Dans son communiqu\u00e9, l&rsquo;Ordre des m\u00e9decins appelle \u00e0 un \u00ab\u00a0recentrage des ARS sur leurs comp\u00e9tences sanitaires\u00a0\u00bb, et \u00e0 une \u00ab\u00a0autonomie renforc\u00e9e\u00a0\u00bb dans l&rsquo;application des politiques nationales. L&rsquo;Ordre insiste \u00e9galement sur la n\u00e9cessit\u00e9 pour les Agences \u00ab\u00a0d&rsquo;impliquer davantage les \u00e9lus des collectivit\u00e9s, d\u00e9partements et r\u00e9gions, \u00e9chelons indispensables pour comprendre les r\u00e9alit\u00e9s locales\u00a0\u00bb.<\/p>\n","protected":false},"excerpt":{"rendered":"Le Premier ministre a notamment propos\u00e9 de transf\u00e9rer leurs comp\u00e9tences au profit des pr\u00e9fets et des d\u00e9partements. lire&hellip;\n","protected":false},"author":2,"featured_media":550006,"comment_status":"","ping_status":"","sticky":false,"template":"","format":"standard","meta":{"footnotes":""},"categories":[4],"tags":[11,1011,27,12,25],"class_list":{"0":"post-550005","1":"post","2":"type-post","3":"status-publish","4":"format-standard","5":"has-post-thumbnail","7":"category-france","8":"tag-actualites","9":"tag-fr","10":"tag-france","11":"tag-news","12":"tag-republique-francaise"},"share_on_mastodon":{"url":"https:\/\/pubeurope.com\/@fr\/115590024131605754","error":""},"_links":{"self":[{"href":"https:\/\/www.europesays.com\/fr\/wp-json\/wp\/v2\/posts\/550005","targetHints":{"allow":["GET"]}}],"collection":[{"href":"https:\/\/www.europesays.com\/fr\/wp-json\/wp\/v2\/posts"}],"about":[{"href":"https:\/\/www.europesays.com\/fr\/wp-json\/wp\/v2\/types\/post"}],"author":[{"embeddable":true,"href":"https:\/\/www.europesays.com\/fr\/wp-json\/wp\/v2\/users\/2"}],"replies":[{"embeddable":true,"href":"https:\/\/www.europesays.com\/fr\/wp-json\/wp\/v2\/comments?post=550005"}],"version-history":[{"count":0,"href":"https:\/\/www.europesays.com\/fr\/wp-json\/wp\/v2\/posts\/550005\/revisions"}],"wp:featuredmedia":[{"embeddable":true,"href":"https:\/\/www.europesays.com\/fr\/wp-json\/wp\/v2\/media\/550006"}],"wp:attachment":[{"href":"https:\/\/www.europesays.com\/fr\/wp-json\/wp\/v2\/media?parent=550005"}],"wp:term":[{"taxonomy":"category","embeddable":true,"href":"https:\/\/www.europesays.com\/fr\/wp-json\/wp\/v2\/categories?post=550005"},{"taxonomy":"post_tag","embeddable":true,"href":"https:\/\/www.europesays.com\/fr\/wp-json\/wp\/v2\/tags?post=550005"}],"curies":[{"name":"wp","href":"https:\/\/api.w.org\/{rel}","templated":true}]}}