{"id":550009,"date":"2025-11-21T22:23:36","date_gmt":"2025-11-21T22:23:36","guid":{"rendered":"https:\/\/www.europesays.com\/fr\/550009\/"},"modified":"2025-11-21T22:23:36","modified_gmt":"2025-11-21T22:23:36","slug":"le-salon-de-letudiant-se-tient-tout-ce-week-end","status":"publish","type":"post","link":"https:\/\/www.europesays.com\/fr\/550009\/","title":{"rendered":"le salon de l&rsquo;Etudiant se tient tout ce week-end"},"content":{"rendered":"\n<p>Si vous \u00eates peut-\u00eatre en pleine r\u00e9flexion sur votre avenir, c&rsquo;est une opportunit\u00e9 \u00e0 ne pas rater. Ce week-end a lieu le salon de l\u2019\u00e9tudiant \u00e0 Saint-\u00c9tienne. \u00c7a se passe au parc Expo de 9h \u00e0 17h. Sur place, vous retrouverez toutes les formations propos\u00e9es pr\u00e8s de chez nous. Il sera aussi possible d\u2019\u00e9changer avec des professionnels et de participer \u00e0 divers ateliers et conf\u00e9rences.<\/p>\n<p>C\u2019est gratuit <a href=\"https:\/\/www.letudiant.fr\/compte\/salon\/authentification.html?referer=https%3A%2F%2Fmy.letudiant.fr%2Faccount%2Fprovider%2Fsaml%2Fsalon%3FRelayState%3Dhttps%253A%2F%2Fmyletudiant.eventmaker.io%2Foauth%2Fauthorize%253Fclient_id%253DNrkp77Cwntz3u5w7FAmMVYQhqyA2ruR1mOA0gptPaQk%2526code_challenge%253DJFJBZV0xXvEq8tn_xyC1mO8J-ZMh6MXP86x9v4qP_Dk%2526code_challenge_method%253DS256%2526locale%253Dfr%2526provider%253D629629afe21f41003c07bf91%2526redirect_uri%253Dhttps%25253A%25252F%25252Fsalon-de-l-etudiant-saint-etienne.salon.letudiant.fr%25252Fauth%25252Foauth%25252Fcallback%2526response_type%253Dcode%2526scope%253Dpublic%2526state%253De97a48f3f7fdada3948ce37748fa8c31%2526was_already_signed_in%253Dfalse%26SAMLRequest%3DfZHBbsIwEER%2FJTefEmMTVLCSSAhUCYlWFbQ99FIZsxEWjp16bVr%252BvklQBT2019XMm9ndAmVjWjGP4WA38BEBQzJHBB%252B0swtnMTbgt%252BBPWsHLZl2SQwgtCkqbs4EQ91rakMEJbGjkEXymHZUdi%2FZYqqQxO6mOJFl2XG1lD71FZFdG7alUykUbaOvdSe%2FBXyAojbMkWS1L8n7HeD6ua5aq3a5O8wnwdDadsHTMGZtN%252BbTOJe%252BkiBFWFkPHLQkf8UnKWMrZM2NiPBL57I0kr%252BBxKMOzEUm%252BGmNR9HElid4KJ1GjsLIBFEGJ7fxhLTqhkD%252BXubW0%2F3u6bYJTzpCq6NViaOer680KejsvLg957Dir5ZMzWp2TuTHuc%252BFBBihJ8BFIcu98I8PfySxjw0Tv03qQimixBaVrDXtCq0vo78dX3w%253D%253D%26method%3DGET\" rel=\"noopener nofollow\" target=\"_blank\">\u00e0 condition de s\u2019inscrire sur le site<\/a> du salon de l&rsquo;\u00c9tudiant. L&rsquo;\u00e9v\u00e8nement s&rsquo;adresse aussi bien aux lyc\u00e9ens \u00e0 la recherche de conseils dans leur projet d\u2019orientation qu&rsquo;aux \u00e9tudiants souhaitant se r\u00e9orienter.<\/p>\n","protected":false},"excerpt":{"rendered":"Si vous \u00eates peut-\u00eatre en pleine r\u00e9flexion sur votre avenir, c&rsquo;est une opportunit\u00e9 \u00e0 ne pas rater. Ce&hellip;\n","protected":false},"author":2,"featured_media":550010,"comment_status":"","ping_status":"","sticky":false,"template":"","format":"standard","meta":{"footnotes":""},"categories":[9653],"tags":[1111,11,2430,4081,1777,674,1119,1011,27,3367,12,66757,66758,25,4001,6290],"class_list":{"0":"post-550009","1":"post","2":"type-post","3":"status-publish","4":"format-standard","5":"has-post-thumbnail","7":"category-saint-etienne","8":"tag-actu","9":"tag-actualites","10":"tag-auvergne-rhone-alpes","11":"tag-etudiant","12":"tag-eu","13":"tag-europe","14":"tag-formation","15":"tag-fr","16":"tag-france","17":"tag-loire","18":"tag-news","19":"tag-parc_expo","20":"tag-post_bac","21":"tag-republique-francaise","22":"tag-saint-etienne","23":"tag-salon"},"share_on_mastodon":{"url":"https:\/\/pubeurope.com\/@fr\/115590031279686129","error":""},"_links":{"self":[{"href":"https:\/\/www.europesays.com\/fr\/wp-json\/wp\/v2\/posts\/550009","targetHints":{"allow":["GET"]}}],"collection":[{"href":"https:\/\/www.europesays.com\/fr\/wp-json\/wp\/v2\/posts"}],"about":[{"href":"https:\/\/www.europesays.com\/fr\/wp-json\/wp\/v2\/types\/post"}],"author":[{"embeddable":true,"href":"https:\/\/www.europesays.com\/fr\/wp-json\/wp\/v2\/users\/2"}],"replies":[{"embeddable":true,"href":"https:\/\/www.europesays.com\/fr\/wp-json\/wp\/v2\/comments?post=550009"}],"version-history":[{"count":0,"href":"https:\/\/www.europesays.com\/fr\/wp-json\/wp\/v2\/posts\/550009\/revisions"}],"wp:featuredmedia":[{"embeddable":true,"href":"https:\/\/www.europesays.com\/fr\/wp-json\/wp\/v2\/media\/550010"}],"wp:attachment":[{"href":"https:\/\/www.europesays.com\/fr\/wp-json\/wp\/v2\/media?parent=550009"}],"wp:term":[{"taxonomy":"category","embeddable":true,"href":"https:\/\/www.europesays.com\/fr\/wp-json\/wp\/v2\/categories?post=550009"},{"taxonomy":"post_tag","embeddable":true,"href":"https:\/\/www.europesays.com\/fr\/wp-json\/wp\/v2\/tags?post=550009"}],"curies":[{"name":"wp","href":"https:\/\/api.w.org\/{rel}","templated":true}]}}