{"id":550012,"date":"2025-11-21T22:26:04","date_gmt":"2025-11-21T22:26:04","guid":{"rendered":"https:\/\/www.europesays.com\/fr\/550012\/"},"modified":"2025-11-21T22:26:04","modified_gmt":"2025-11-21T22:26:04","slug":"nancy-celebre-les-champions-de-leconomie-lorraine","status":"publish","type":"post","link":"https:\/\/www.europesays.com\/fr\/550012\/","title":{"rendered":"Nancy c\u00e9l\u00e8bre les champions de l\u2019\u00e9conomie lorraine"},"content":{"rendered":"<p>Nancy va briller de mille feux ce mercredi 26 novembre au Centre Prouv\u00e9. Les Ailes de Cristal, rendez-vous d\u00e9sormais incontournable de l\u2019\u00e9conomie r\u00e9gionale, vont de nouveau c\u00e9l\u00e9brer les entreprises qui font rayonner la Lorraine bien au-del\u00e0 de ses fronti\u00e8res. Organis\u00e9 par le groupe EBRA et port\u00e9 par L\u2019Est R\u00e9publicain, Le R\u00e9publicain Lorrain et Vosges Matin, l\u2019\u00e9v\u00e9nement r\u00e9unira dirigeants, \u00e9lus, partenaires et jeunes entrepreneurs dans une ambiance chaleureuse. Un savant m\u00e9lange de s\u00e9rieux \u00e9conomique et d\u2019enthousiasme contagieux\u2026<\/p>\n<p>  \u00a0 Des entreprises locales sur le devant de la sc\u00e8ne <\/p>\n<p>Ann\u00e9e apr\u00e8s ann\u00e9e, les Ailes de Cristal s\u2019imposent comme l\u2019un des barom\u00e8tres de la vitalit\u00e9 lorraine. Innovation, export, engagement environnemental, initiatives audacieuses : les troph\u00e9es r\u00e9compensent celles et ceux qui osent, qui inventent et qui s\u2019engagent. Sur sc\u00e8ne, les dirigeants laur\u00e9ats affichent souvent le m\u00eame sourire un brin incr\u00e9dule : celui de voir leur travail reconnu devant plusieurs centaines de professionnels. Dans la salle, les applaudissements nourris rappellent que le tissu \u00e9conomique local n\u2019est pas seulement solide : il est fier de lui-m\u00eame.<\/p>\n<p>\u00a0 Une 10e  \u00e9dition qui voit les choses en grand <\/p>\n<p>Pour souffler sa dixi\u00e8me bougie, le rendez-vous a \u00e9largi le cercle des possibles en s\u2019accompagnant d\u2019un tout nouveau format : l\u2019Eco Day. Au programme : rencontres emploi-formation, espace entrepreneuriat, d\u00e9monstrations, \u00e9changes avec des professionnels\u2026 Une mani\u00e8re d\u2019ouvrir les portes bien au-del\u00e0 des seuls chefs d\u2019entreprise. Objectif affich\u00e9 : rassembler les talents d\u2019aujourd\u2019hui et ceux de demain, et rappeler que l\u2019\u00e9conomie locale ne se construit jamais seule, mais \u00e0 plusieurs, g\u00e9n\u00e9ration apr\u00e8s g\u00e9n\u00e9ration. Depuis plusieurs ann\u00e9es, <a href=\"https:\/\/www.estrepublicain.fr\/economie\/2025\/11\/20\/les-entreprises-a-l-honneur\" target=\"_blank\" rel=\"noopener\">les Ailes de Cristal<\/a> mettent en lumi\u00e8re non seulement des PME \u00e9tablies, mais aussi des jeunes entreprises innovantes. L\u2019Universit\u00e9 de Lorraine, via son P\u00f4le entrepreneuriat \u00e9tudiant (PeeL), a ainsi vu plusieurs de ses startups \u00e9tudiantes distingu\u00e9es lors des c\u00e9r\u00e9monies pass\u00e9es. Parmi elles : Dynalips, qui d\u00e9veloppe une solution de synchronisation des mouvements labiaux pour des avatars virtuels, ou Swapios, une plateforme de t\u00e9l\u00e9-expertise pour les professionnels de sant\u00e9.<\/p>\n<p>Ce soutien aux projets \u00e9tudiants illustre une volont\u00e9 de favoriser l\u2019entrepreneuriat d\u00e8s les phases en amont, et de donner aux talents locaux l\u2019opportunit\u00e9 de se confronter au monde \u00e9conomique r\u00e9el. \u00c0 l\u2019occasion de leur 10\u1d49 anniversaire, les Ailes de Cristal accentuent encore cette dynamique : l\u2019\u00e9dition 2025 est pens\u00e9e comme un pont entre innovation naissante et business p\u00e9renne.<\/p>\n<p>\u00a0 Un jury renouvel\u00e9 our un horizon renouvel\u00e9 <\/p>\n<p>Le jury des Ailes de Cristal 2025 s\u2019est r\u00e9cemment r\u00e9uni au si\u00e8ge de L\u2019Est R\u00e9publicain, pour s\u00e9lectionner les laur\u00e9ats qui seront mis \u00e0 l\u2019honneur lors du gala. Pour cette \u00e9dition anniversaire, l\u2019\u00e9v\u00e9nement veut plus que jamais renforcer \u00ab les connexions fortes au sein de l\u2019\u00e9cosyst\u00e8me \u00bb, en mixant start-up, PME en croissance et entreprises traditionnelles. En dix ans, les Ailes de Cristal sont devenues un moment de rayonnement pour l\u2019\u00e9conomie lorraine, avec plus de 1 000 entreprises nomm\u00e9es au fil des \u00e9ditions. L\u2019\u00e9v\u00e9nement contribue \u00e0 cr\u00e9er une vitrine m\u00e9diatique via L\u2019Est R\u00e9publicain, Le R\u00e9publicain Lorrain et Vosges Matin, pour des entrepreneurs qui, autrement, pourraient rester dans l\u2019ombre.<\/p>\n<p>Pour les start-up, \u00eatre distingu\u00e9es aux Ailes de Cristal, c\u2019est non seulement une reconnaissance symbolique, mais aussi un levier de visibilit\u00e9 tr\u00e8s concret aupr\u00e8s d\u2019investisseurs, de clients et de partenaires institutionnels. Car les Ailes de Cristal, c\u2019est aussi cela : un moment o\u00f9 Nancy se r\u00e9v\u00e8le capitale de l\u2019audace et du savoir-faire r\u00e9gional. Et une fois les projecteurs \u00e9teints sur la sc\u00e8ne de l\u2019amphi de Prouv\u00e9, une certitude demeure : la Lorraine ne manque ni d\u2019id\u00e9es, ni de talent\u2026 et encore moins d\u2019ambition.<\/p>\n<p class=\"note\">Eco Day, acc\u00e8s grand public et professionnels, de 10 h \u00e0 18 h, mercredi 26 novembre au Centre Prouv\u00e9 \u00e0 Nancy. Pour s\u2019inscrire : www.eco-day.fr<\/p>\n","protected":false},"excerpt":{"rendered":"Nancy va briller de mille feux ce mercredi 26 novembre au Centre Prouv\u00e9. Les Ailes de Cristal, rendez-vous&hellip;\n","protected":false},"author":2,"featured_media":550013,"comment_status":"","ping_status":"","sticky":false,"template":"","format":"standard","meta":{"footnotes":""},"categories":[9635],"tags":[1111,11,4406,33,1704,1777,674,1011,27,775,693,5015,3457,1702,1703,12,3456,25],"class_list":{"0":"post-550012","1":"post","2":"type-post","3":"status-publish","4":"format-standard","5":"has-post-thumbnail","7":"category-nancy","8":"tag-actu","9":"tag-actualites","10":"tag-commerce-et-services","11":"tag-economie","12":"tag-edition-nancy-et-agglomeration","13":"tag-eu","14":"tag-europe","15":"tag-fr","16":"tag-france","17":"tag-grand-est","18":"tag-industrie","19":"tag-innovation-et-start-up","20":"tag-meurthe-et-moselle","21":"tag-nancy","22":"tag-nancy-ville-54b","23":"tag-news","24":"tag-region-lorraine","25":"tag-republique-francaise"},"share_on_mastodon":{"url":"https:\/\/pubeurope.com\/@fr\/115590043040809618","error":""},"_links":{"self":[{"href":"https:\/\/www.europesays.com\/fr\/wp-json\/wp\/v2\/posts\/550012","targetHints":{"allow":["GET"]}}],"collection":[{"href":"https:\/\/www.europesays.com\/fr\/wp-json\/wp\/v2\/posts"}],"about":[{"href":"https:\/\/www.europesays.com\/fr\/wp-json\/wp\/v2\/types\/post"}],"author":[{"embeddable":true,"href":"https:\/\/www.europesays.com\/fr\/wp-json\/wp\/v2\/users\/2"}],"replies":[{"embeddable":true,"href":"https:\/\/www.europesays.com\/fr\/wp-json\/wp\/v2\/comments?post=550012"}],"version-history":[{"count":0,"href":"https:\/\/www.europesays.com\/fr\/wp-json\/wp\/v2\/posts\/550012\/revisions"}],"wp:featuredmedia":[{"embeddable":true,"href":"https:\/\/www.europesays.com\/fr\/wp-json\/wp\/v2\/media\/550013"}],"wp:attachment":[{"href":"https:\/\/www.europesays.com\/fr\/wp-json\/wp\/v2\/media?parent=550012"}],"wp:term":[{"taxonomy":"category","embeddable":true,"href":"https:\/\/www.europesays.com\/fr\/wp-json\/wp\/v2\/categories?post=550012"},{"taxonomy":"post_tag","embeddable":true,"href":"https:\/\/www.europesays.com\/fr\/wp-json\/wp\/v2\/tags?post=550012"}],"curies":[{"name":"wp","href":"https:\/\/api.w.org\/{rel}","templated":true}]}}