{"id":550014,"date":"2025-11-21T22:27:38","date_gmt":"2025-11-21T22:27:38","guid":{"rendered":"https:\/\/www.europesays.com\/fr\/550014\/"},"modified":"2025-11-21T22:27:38","modified_gmt":"2025-11-21T22:27:38","slug":"le-grand-est-lance-une-experimentation-on-vous-explique","status":"publish","type":"post","link":"https:\/\/www.europesays.com\/fr\/550014\/","title":{"rendered":"le Grand Est lance une exp\u00e9rimentation, on vous explique"},"content":{"rendered":"<p>                    Par<br \/>\n        <strong><br \/>\n            <a href=\"https:\/\/actu.fr\/auteur\/amandine-mehl\" title=\"Consulter tous les articles de Amandine Mehl\" rel=\"nofollow noopener\" target=\"_blank\">Amandine Mehl<\/a><br \/>\n                    <\/strong><\/p>\n<p>        Publi\u00e9 le<\/p>\n<p>            8 sept. 2025 \u00e0 11h32        <\/p>\n<p>Lundi 1er\u00a0septembre 2025, la <strong>R\u00e9gion Grand Est<\/strong>, en partenariat avec Transdev Grand Est, groupe sp\u00e9cialis\u00e9 dans les mobilit\u00e9s, a lanc\u00e9 une <strong>exp\u00e9rimentation<\/strong> \u00ab\u2009en faveur de la s\u00fbret\u00e9 dans les <a href=\"https:\/\/actu.fr\/tag\/transport\" rel=\"nofollow noopener\" target=\"_blank\">transports<\/a>\u2009\u00bb \u00e0 destination des <strong>femmes<\/strong>.<\/p>\n<p class=\" wall-content\">L\u2019id\u00e9e\u2009: proposer un <strong>service de descente \u00e0 la demande<\/strong> dans les <strong>cars Fluo interurbains<\/strong>.<\/p>\n<p>Renforcer le sentiment de s\u00e9curit\u00e9 \u00ab\u2009pour les femmes voyageant seules en soir\u00e9e\u2009\u00bb<\/p>\n<p class=\" wall-content\">Pour l\u2019heure, le dispositif concerne les lignes de cars<strong> \u00e0 destination de Bussang et La Bresse, depuis Remiremont<\/strong>. \u00ab\u2009Cette exp\u00e9rimentation d\u00e9ploy\u00e9e en milieu rural sur des lignes interurbaines <strong>vosgiennes<\/strong> vise \u00e0 <strong>renforcer le sentiment de s\u00e9curit\u00e9<\/strong>, notamment pour les femmes voyageant seules en soir\u00e9e\u2009\u00bb, peut-on lire dans un communiqu\u00e9.<\/p>\n<p class=\" wall-content\">N\u00e9anmoins, <strong>chaque passager<\/strong> peut demander au conducteur \u00e0 <strong>descendre entre deux arr\u00eats r\u00e9guliers<\/strong>, tous les jours de 18h \u00e0 22h, sur des points pr\u00e9d\u00e9finis et s\u00e9curis\u00e9s. \u00ab\u2009Ces <strong>arr\u00eats suppl\u00e9mentaires<\/strong> ont \u00e9t\u00e9 soigneusement s\u00e9lectionn\u00e9s pour garantir les m\u00eames conditions de s\u00e9curit\u00e9 que les arr\u00eats classiques\u2009: signalisation visible, am\u00e9nagements adapt\u00e9s et localis\u00e9s sur l\u2019itin\u00e9raire habituel des lignes\u2009\u00bb, est-il pr\u00e9cis\u00e9.<\/p>\n<p>Une exp\u00e9rimentation qui pourrait \u00eatre g\u00e9n\u00e9ralis\u00e9e dans le Grand Est \u00e0 l\u2019avenir<\/p>\n<p class=\" wall-content\">Ainsi, sur la ligne L002 Remiremont \u2013 Bussang, <strong>11 arr\u00eats suppl\u00e9mentaires<\/strong> ont \u00e9t\u00e9 cr\u00e9\u00e9s et <strong>8<\/strong> sur la ligne L003 Remiremont \u2013 La Bresse.<\/p>\n<p class=\" wall-content\">Lanc\u00e9e pour une <strong>dur\u00e9e de 10\u00a0mois<\/strong>, soit jusqu\u2019au 3\u00a0juillet 2026, l\u2019exp\u00e9rimentation pourrait donner lieu, \u00e0 l\u2019issue, \u00e0 une \u00ab<strong>\u2009harmonisation du dispositif \u00e0 l\u2019\u00e9chelle r\u00e9gionale<\/strong>\u2009\u00bb, termine la R\u00e9gion Grand Est.<\/p>\n<p class=\" wall-content\">Personnalisez votre actualit\u00e9 en ajoutant vos villes et m\u00e9dias en favori avec <a href=\"https:\/\/moncompte.actu.fr\" title=\"D\u00e9couvez Mon Actu\" rel=\"nofollow noopener\" data-trk=\"{&quot;cta&quot;:{&quot;action&quot;:&quot;https:\\\/\\\/moncompte.actu.fr&quot;,&quot;category&quot;:&quot;mon compte&quot;,&quot;from&quot;:&quot;article footer&quot;,&quot;name&quot;:&quot;Mon actu&quot;,&quot;type&quot;:&quot;cta&quot;}}\" target=\"_blank\">Mon Actu<\/a>.<\/p>\n","protected":false},"excerpt":{"rendered":"Par Amandine Mehl Publi\u00e9 le 8 sept. 2025 \u00e0 11h32 Lundi 1er\u00a0septembre 2025, la R\u00e9gion Grand Est, en&hellip;\n","protected":false},"author":2,"featured_media":550015,"comment_status":"","ping_status":"","sticky":false,"template":"","format":"standard","meta":{"footnotes":""},"categories":[9635],"tags":[1111,11,1777,674,1011,27,775,1702,12,25,104,2803],"class_list":{"0":"post-550014","1":"post","2":"type-post","3":"status-publish","4":"format-standard","5":"has-post-thumbnail","7":"category-nancy","8":"tag-actu","9":"tag-actualites","10":"tag-eu","11":"tag-europe","12":"tag-fr","13":"tag-france","14":"tag-grand-est","15":"tag-nancy","16":"tag-news","17":"tag-republique-francaise","18":"tag-societe","19":"tag-transport"},"share_on_mastodon":{"url":"https:\/\/pubeurope.com\/@fr\/115590046919670246","error":""},"_links":{"self":[{"href":"https:\/\/www.europesays.com\/fr\/wp-json\/wp\/v2\/posts\/550014","targetHints":{"allow":["GET"]}}],"collection":[{"href":"https:\/\/www.europesays.com\/fr\/wp-json\/wp\/v2\/posts"}],"about":[{"href":"https:\/\/www.europesays.com\/fr\/wp-json\/wp\/v2\/types\/post"}],"author":[{"embeddable":true,"href":"https:\/\/www.europesays.com\/fr\/wp-json\/wp\/v2\/users\/2"}],"replies":[{"embeddable":true,"href":"https:\/\/www.europesays.com\/fr\/wp-json\/wp\/v2\/comments?post=550014"}],"version-history":[{"count":0,"href":"https:\/\/www.europesays.com\/fr\/wp-json\/wp\/v2\/posts\/550014\/revisions"}],"wp:featuredmedia":[{"embeddable":true,"href":"https:\/\/www.europesays.com\/fr\/wp-json\/wp\/v2\/media\/550015"}],"wp:attachment":[{"href":"https:\/\/www.europesays.com\/fr\/wp-json\/wp\/v2\/media?parent=550014"}],"wp:term":[{"taxonomy":"category","embeddable":true,"href":"https:\/\/www.europesays.com\/fr\/wp-json\/wp\/v2\/categories?post=550014"},{"taxonomy":"post_tag","embeddable":true,"href":"https:\/\/www.europesays.com\/fr\/wp-json\/wp\/v2\/tags?post=550014"}],"curies":[{"name":"wp","href":"https:\/\/api.w.org\/{rel}","templated":true}]}}