{"id":550018,"date":"2025-11-21T22:30:26","date_gmt":"2025-11-21T22:30:26","guid":{"rendered":"https:\/\/www.europesays.com\/fr\/550018\/"},"modified":"2025-11-21T22:30:26","modified_gmt":"2025-11-21T22:30:26","slug":"des-mesures-inedites-pour-soutenir-les-victimes-au-quotidien","status":"publish","type":"post","link":"https:\/\/www.europesays.com\/fr\/550018\/","title":{"rendered":"des mesures in\u00e9dites pour soutenir les victimes au quotidien"},"content":{"rendered":"<p>                    Par<br \/>\n        <strong><br \/>\n            <a href=\"https:\/\/actu.fr\/auteur\/lea-pippinato\" title=\"Consulter tous les articles de L\u00e9a Pippinato\" target=\"_blank\" rel=\"noopener\">L\u00e9a Pippinato<\/a><br \/>\n                    <\/strong><\/p>\n<p>        Publi\u00e9 le<\/p>\n<p>            21 nov. 2025 \u00e0 18h45        <\/p>\n<p><a href=\"https:\/\/www.justice.gouv.fr\/documentation\/bulletin-officiel\/circulaire-relative-laccueil-lamelioration-prise-charge-victimes-dinfractions\" target=\"_blank\" rel=\"noopener\">La circulaire du minist\u00e8re de la Justice du 13 octobre dernier<\/a> a invit\u00e9 les juridictions \u00e0 examiner leurs pratiques en mati\u00e8re d\u2019accueil des victimes. \u00c0 <strong>Montpellier<\/strong>, le conseil de juridiction r\u00e9uni <strong>ce vendredi 21 novembre 2025<\/strong> a permis de mesurer le chemin parcouru depuis 2021 et d\u2019identifier de nouveaux axes de progr\u00e8s.<\/p>\n<p class=\" wall-content\">La pr\u00e9sidente du tribunal judiciaire, Catherine Lelong, a insist\u00e9 sur l\u2019engagement local. \u00ab\u00a0Nous n\u2019avons pas attendu la circulaire. \u00c0 Montpellier, nous travaillons depuis longtemps pour informer, accompagner et suivre les victimes\u00a0\u00bb. <a href=\"https:\/\/actu.fr\/occitanie\/montpellier_34172\/tribunal-de-montpellier-les-priorites-de-thierry-lescouarc-h-le-nouveau-procureur-de-la-republique_63171976.html\" target=\"_blank\" rel=\"noopener\">Le nouveau procureur de la R\u00e9publique, Thierry Lescouarc\u2019h<\/a>, a expliqu\u00e9 que la politique p\u00e9nale s\u2019appuie sur \u00ab\u00a0une priorit\u00e9 claire : les atteintes aux personnes, qu\u2019elles soient physiques, psychologiques ou discriminatoires\u00a0\u00bb.<\/p>\n<p>    <a href=\"https:\/\/www.google.com\/maps\/embed?pb=!1m18!1m12!1m3!1d2888.8245698452693!2d3.8667794764599663!3d43.61019417110421!2m3!1f0!2f0!3f0!3m2!1i1024!2i768!4f13.1!3m3!1m2!1s0x12b6afaa72f9407f%3A0x8635a1527e55fabe!2sTribunal%20Judiciaire%20de%20Montpellier!5e0!3m2!1sfr!2sfr!4v1763741396963!5m2!1sfr!2sfr\" title=\"Ouvrie le lien\" target=\"_blank\" rel=\"noopener\">Cliquez ici pour visualiser le contenu<\/a><\/p>\n<p>Des actions consolid\u00e9es au fil des ann\u00e9es<\/p>\n<p class=\" wall-content\">La juridiction montpelli\u00e9raine a engag\u00e9 tr\u00e8s t\u00f4t une d\u00e9marche structur\u00e9e. <strong>D\u00e8s 2021<\/strong>, magistrats, greffiers, d\u00e9l\u00e9gu\u00e9s du procureur et partenaires associatifs ont cherch\u00e9 \u00e0 renforcer la place des victimes \u00e0 toutes les \u00e9tapes de la proc\u00e9dure. Catherine Lelong a rappel\u00e9 ce contexte : \u00ab\u00a0On dit parfois que les magistrats manquent de formation ou d\u2019attention envers les victimes. Ce n\u2019est pas vrai ici. Nous sommes tr\u00e8s attentifs et nous travaillons malgr\u00e9 des moyens limit\u00e9s.\u00a0\u00bb Le tribunal s\u2019appuie fortement sur <strong>France Victimes 34<\/strong>. Cette association, dot\u00e9e d\u2019un juriste pr\u00e9sent au bureau d\u2019aide aux victimes du tribunal, fonctionne gr\u00e2ce \u00e0 un financement partag\u00e9 entre l\u2019\u00c9tat et les collectivit\u00e9s, et constitue un pilier visible de l\u2019accompagnement.<\/p>\n<p class=\" wall-content\">La convention sign\u00e9e en avril 2022 entre les procureurs de Montpellier, de B\u00e9ziers et France Victimes 34 a marqu\u00e9 un tournant. Elle a permis d\u2019instaurer la contribution citoyenne, utilis\u00e9e comme alternative aux poursuites. Les b\u00e9n\u00e9ficiaires versent une somme ensuite d\u00e9di\u00e9e \u00e0 des aides d\u2019urgence pour des femmes victimes de violences conjugales. Le dispositif a produit des r\u00e9sultats importants : <strong>103 850 euros<\/strong> en 2023, <strong>73 300 euros<\/strong> en 2024. Les enqu\u00eateurs du ressort de Montpellier ont \u00e9t\u00e9 sensibilis\u00e9s \u00e0 cet enjeu. Ils doivent remettre les coordonn\u00e9es de France Victimes 34, informer sur les droits, notamment sur la constitution de partie civile, et orienter vers la permanence d\u2019avocats \u00ab\u00a0victimes\u00a0\u00bb. Dans les situations de violences conjugales, chaque victime remplit une grille d\u2019\u00e9valuation du danger. Ce document sert de base aux magistrats pour appr\u00e9cier le niveau de gravit\u00e9.<\/p>\n<p>L\u2019essor du dispositif EVVI<\/p>\n<p class=\" wall-content\">Depuis 2019, un protocole associe les forces de l\u2019ordre, France Victimes 34 et le parquet pour mettre en \u0153uvre l\u2019\u00e9valuation des besoins des victimes (EVVI). Lorsqu\u2019une premi\u00e8re \u00e9valuation r\u00e9alis\u00e9e en audition r\u00e9v\u00e8le une situation complexe, les magistrats peuvent demander une analyse plus compl\u00e8te. L\u2019objectif est clair : identifier les personnes expos\u00e9es \u00e0 des risques \u00e9lev\u00e9s, qu\u2019ils soient li\u00e9s au type d\u2019infraction ou \u00e0 la situation personnelle. Le nombre d\u2019EVVI a fortement augment\u00e9 :<strong> 243 en 2020, 540 en 2024<\/strong>. Montpellier a fait le choix de confier la remise du TGD (T\u00e9l\u00e9phone Grave Danger) au parquet. Cette organisation permet de garantir une explication imm\u00e9diate du fonctionnement de l\u2019appareil. Entre 2021 et 2025, les attributions ont \u00e9t\u00e9 multipli\u00e9es par trois. Aujourd\u2019hui, 64 victimes en sont \u00e9quip\u00e9es.<\/p>\n<p>Vid\u00e9os : en ce moment sur Actu<\/p>\n<p class=\" wall-content\">Le dispositif UAPED (Unit\u00e9 d\u2019Accueil P\u00e9diatrique pour Enfants en Danger), ouvert en 2023, offre un environnement m\u00e9dico-social pens\u00e9 pour les mineurs victimes. Il permet des auditions film\u00e9es qui \u00e9vitent la r\u00e9p\u00e9tition des r\u00e9cits traumatiques. L\u2019unit\u00e9 rassemble psychologues, m\u00e9decins et enqu\u00eateurs. \u00ab\u00a0Elle cr\u00e9e un cadre s\u00fbr et coh\u00e9rent. La parole de l\u2019enfant y est mieux prot\u00e9g\u00e9e\u00a0\u00bb, a pr\u00e9cis\u00e9 le procureur. En juin 2024, <a href=\"https:\/\/actu.fr\/occitanie\/montpellier_34172\/montpellier-cinq-mois-apres-l-ouverture-la-maison-des-femmes-agnes-mclaren-dresse-un-bilan-encourageant_61954941.html\" target=\"_blank\" rel=\"noopener\">la Maison des femmes Agn\u00e8s McLaren a vu le jour gr\u00e2ce \u00e0 un partenariat entre le tribunal, le CHU et les forces de s\u00e9curit\u00e9<\/a>. Elle accueille les femmes victimes de violences intrafamiliales et propose une prise en charge m\u00e9dicale, sociale et judiciaire. En un an, <strong>pr\u00e8s de 400 victimes<\/strong> s\u2019y sont rendues.\u00a0<\/p>\n<p>Votre r\u00e9gion, votre actu !<\/p>\n<p>Recevez chaque jour les infos qui comptent pour vous.<\/p>\n<p>\t<a href=\"https:\/\/actu.fr\/newsletter\" class=\"ac-btn ac-btn--corner ac-btn--medium ac-btn--blue800\" target=\"_blank\" rel=\"noopener\">S&rsquo;incrire<\/a><br \/>\nUn dispositif invers\u00e9 : loger l\u2019auteur plut\u00f4t que la victime<\/p>\n<p class=\" wall-content\">Montpellier a aussi innov\u00e9 avec la mise \u00e0 disposition de logements pour les auteurs de violences sous contr\u00f4le judiciaire. Trois logements sont aujourd\u2019hui disponibles. Ils accueillent des auteurs pour une p\u00e9riode maximale de trois mois, le temps de leur comparution. L\u2019objectif est clair : \u00e9viter que la victime ne soit contrainte de quitter le domicile familial. \u00ab\u00a0Il fallait inverser la logique. L\u2019auteur doit partir, pas la victime\u00a0\u00bb, a assum\u00e9 la pr\u00e9sidente. En quatre ans, <strong>une quarantaine d\u2019hommes<\/strong> ont b\u00e9n\u00e9fici\u00e9 du dispositif, g\u00e9r\u00e9 avec France Victimes 34. Le tribunal a estim\u00e9 n\u00e9cessaire de r\u00e9\u00e9quilibrer la repr\u00e9sentation juridique. Fin 2022, une convention avec le barreau a instaur\u00e9 une permanence d\u2019avocats \u00ab\u00a0victimes\u00a0\u00bb. \u00ab\u00a0Voir une victime seule \u00e0 l\u2019audience face \u00e0 un pr\u00e9venu assist\u00e9 par un avocat nous semblait injuste\u00a0\u00bb, a affirm\u00e9 Catherine Lelong. L\u2019avocat peut d\u00e9sormais intervenir rapidement pour pr\u00e9parer la constitution de partie civile et accompagner la victime.<\/p>\n<p class=\" wall-content\"><strong> Depuis 2021<\/strong>, un comit\u00e9 de suivi des sortants de d\u00e9tention s\u2019assure de la s\u00e9curit\u00e9 des victimes lors des permissions de sortie ou des lib\u00e9rations. La victime est syst\u00e9matiquement inform\u00e9e, m\u00eame lorsque la loi ne l\u2019impose pas. France Victimes 34 est souvent charg\u00e9e de cette communication pour \u00e9viter un courrier anxiog\u00e8ne.\u00a0<\/p>\n<p>Lutte contre les infractions discriminatoires<\/p>\n<p class=\" wall-content\">Le parquet travaille \u00e9galement sur les infractions racistes, antireligieuses ou anti-LGBTQIA+. En 2021, une centaine d\u2019agents verbalisateurs ont \u00e9t\u00e9 form\u00e9s \u00e0 l\u2019outrage sexiste.<br \/>Un stage de citoyennet\u00e9 sp\u00e9cifique est en pr\u00e9paration pour les auteurs d\u2019actes discriminatoires. En juin 2024, une rencontre avec des repr\u00e9sentants de cultes a permis de pr\u00e9senter les r\u00e9ponses p\u00e9nales. Une nouvelle \u00e9dition aura lieu<strong> en 2026. <\/strong>Le 8 avril 2025, le procureur a sign\u00e9 un plan d\u00e9partemental de lutte contre le racisme, l\u2019antis\u00e9mitisme et les discriminations.<\/p>\n<p class=\" wall-content\">Les \u00e9lus font aussi l\u2019objet d\u2019une attention particuli\u00e8re. En cas d\u2019atteinte, la r\u00e9ponse p\u00e9nale doit \u00eatre rapide et ferme. Depuis 2021, un accompagnement sp\u00e9cifique existe en partenariat avec l\u2019Association des maires de France 34. En 2024, <strong>40 dossiers<\/strong> ont \u00e9t\u00e9 suivis.<\/p>\n<p>Des pistes d\u2019am\u00e9lioration d\u00e9j\u00e0 engag\u00e9es<\/p>\n<p class=\" wall-content\">Le conseil de juridiction a d\u00e9gag\u00e9 plusieurs pistes destin\u00e9es \u00e0 consolider encore la prise en charge des victimes. La premi\u00e8re concerne l\u2019introduction d\u2019un chien d\u2019assistance judiciaire. Une convention en pr\u00e9paration doit permettre l\u2019accompagnement des victimes par un animal sp\u00e9cialement form\u00e9. Il offrira un soutien moral lors des auditions et des audiences, moment souvent difficile pour les personnes fragilis\u00e9es par les faits subis.<\/p>\n<p class=\" wall-content\">La juridiction a \u00e9galement pr\u00e9sent\u00e9 le futur protocole dit \u00ab\u00a0homicide conjugal\u00a0\u00bb. Ce document fixera une proc\u00e9dure d\u2019urgence pour les enfants pr\u00e9sents lors d\u2019une atteinte grave \u00e0 la vie d\u2019un parent au sein du couple. Le parquet ordonnera dans ces situations un placement provisoire syst\u00e9matique. L\u2019objectif consiste \u00e0 garantir un environnement s\u00e9curis\u00e9 en dehors du milieu familial, le temps d\u2019\u00e9valuer les besoins m\u00e9dicaux et sociaux de l\u2019enfant. Ce protocole, <strong>valid\u00e9 le 10 novembre dernier<\/strong> par le Conseil d\u00e9partemental de l\u2019H\u00e9rault doit \u00eatre sign\u00e9 avant la fin de l\u2019ann\u00e9e.<\/p>\n<p class=\" wall-content\">Enfin, le tribunal veut am\u00e9liorer la diffusion de l\u2019information aupr\u00e8s du public. Catherine Lelong a \u00e9voqu\u00e9 ce manque de visibilit\u00e9 : \u00ab\u00a0Beaucoup de dispositifs existent, mais trop de citoyens les ignorent.\u00a0\u00bb La juridiction pr\u00e9voit donc de renforcer ses \u00e9changes avec les \u00e9lus, les associations et les habitants. Elle souhaite s\u2019assurer que chacun puisse conna\u00eetre les outils disponibles pour accompagner les victimes sur le territoire.<\/p>\n<p class=\" wall-content\">Personnalisez votre actualit\u00e9 en ajoutant vos villes et m\u00e9dias en favori avec <a href=\"https:\/\/moncompte.actu.fr\" title=\"D\u00e9couvez Mon Actu\" rel=\"nofollow noopener\" data-trk=\"{&quot;cta&quot;:{&quot;action&quot;:&quot;https:\\\/\\\/moncompte.actu.fr&quot;,&quot;category&quot;:&quot;mon compte&quot;,&quot;from&quot;:&quot;article footer&quot;,&quot;name&quot;:&quot;Mon actu&quot;,&quot;type&quot;:&quot;cta&quot;}}\" target=\"_blank\">Mon Actu<\/a>.<\/p>\n","protected":false},"excerpt":{"rendered":"Par L\u00e9a Pippinato Publi\u00e9 le 21 nov. 2025 \u00e0 18h45 La circulaire du minist\u00e8re de la Justice du&hellip;\n","protected":false},"author":2,"featured_media":550019,"comment_status":"","ping_status":"","sticky":false,"template":"","format":"standard","meta":{"footnotes":""},"categories":[9599],"tags":[1111,11,1777,674,118,1011,27,303,2208,12,2680,25,9547,798],"class_list":{"0":"post-550018","1":"post","2":"type-post","3":"status-publish","4":"format-standard","5":"has-post-thumbnail","7":"category-montpellier","8":"tag-actu","9":"tag-actualites","10":"tag-eu","11":"tag-europe","12":"tag-faits-divers","13":"tag-fr","14":"tag-france","15":"tag-justice","16":"tag-montpellier","17":"tag-news","18":"tag-occitanie","19":"tag-republique-francaise","20":"tag-violences-contre-les-elus","21":"tag-violences-conjugales"},"share_on_mastodon":{"url":"https:\/\/pubeurope.com\/@fr\/115590058709180691","error":""},"_links":{"self":[{"href":"https:\/\/www.europesays.com\/fr\/wp-json\/wp\/v2\/posts\/550018","targetHints":{"allow":["GET"]}}],"collection":[{"href":"https:\/\/www.europesays.com\/fr\/wp-json\/wp\/v2\/posts"}],"about":[{"href":"https:\/\/www.europesays.com\/fr\/wp-json\/wp\/v2\/types\/post"}],"author":[{"embeddable":true,"href":"https:\/\/www.europesays.com\/fr\/wp-json\/wp\/v2\/users\/2"}],"replies":[{"embeddable":true,"href":"https:\/\/www.europesays.com\/fr\/wp-json\/wp\/v2\/comments?post=550018"}],"version-history":[{"count":0,"href":"https:\/\/www.europesays.com\/fr\/wp-json\/wp\/v2\/posts\/550018\/revisions"}],"wp:featuredmedia":[{"embeddable":true,"href":"https:\/\/www.europesays.com\/fr\/wp-json\/wp\/v2\/media\/550019"}],"wp:attachment":[{"href":"https:\/\/www.europesays.com\/fr\/wp-json\/wp\/v2\/media?parent=550018"}],"wp:term":[{"taxonomy":"category","embeddable":true,"href":"https:\/\/www.europesays.com\/fr\/wp-json\/wp\/v2\/categories?post=550018"},{"taxonomy":"post_tag","embeddable":true,"href":"https:\/\/www.europesays.com\/fr\/wp-json\/wp\/v2\/tags?post=550018"}],"curies":[{"name":"wp","href":"https:\/\/api.w.org\/{rel}","templated":true}]}}