{"id":550020,"date":"2025-11-21T22:32:22","date_gmt":"2025-11-21T22:32:22","guid":{"rendered":"https:\/\/www.europesays.com\/fr\/550020\/"},"modified":"2025-11-21T22:32:22","modified_gmt":"2025-11-21T22:32:22","slug":"epicerie-incendiee-a-montpellier-un-employe-de-19-ans-decede-journal-de-20-heures","status":"publish","type":"post","link":"https:\/\/www.europesays.com\/fr\/550020\/","title":{"rendered":"\u00c9picerie incendi\u00e9e \u00e0 Montpellier : un employ\u00e9 de 19 ans d\u00e9c\u00e8de &#8211; Journal de 20 heures"},"content":{"rendered":"<p id=\"descriptionPanel\" class=\"text-secondary mr-2 line-clamp-2 pr-2.5 overflow-visible\">Le trafic de drogue fait partie des hypoth\u00e8ses \u00e9voqu\u00e9es par les policiers \u00e0 Montpellier apr\u00e8s un r\u00e8glement de compte. Un homme a mis le feu volontairement \u00e0 une \u00e9picerie de nuit. Un jeune de 19 ans, pr\u00e9sent \u00e0 ce moment-l\u00e0 dans le magasin, est mort de ses blessures. Les autorit\u00e9s sont \u00e0 l&rsquo;aff\u00fbt dans un contexte o\u00f9 l&rsquo;ouverture de commerces, soup\u00e7onn\u00e9s de blanchiment d&rsquo;argent, explose depuis une dizaine d&rsquo;ann\u00e9es. Il y en aurait environ 200 \u00e0 Montpellier. <\/p>\n<p>TF1 | Reportage A. ERHEL, A. NOS<\/p>\n<p>Afficher la version longue du r\u00e9sum\u00e9<a class=\"shrink-0\" href=\"https:\/\/www.tf1.fr\/tf1\/jt-20h\" target=\"_blank\" rel=\"noopener\"><img decoding=\"async\" src=\"https:\/\/www.europesays.com\/fr\/wp-content\/uploads\/2025\/09\/program-card-portrait-1-2a6a1e-2a3b77-0@1x.jpg\" width=\"138\" height=\"184\" alt=\"\" loading=\"eager\" fetchpriority=\"auto\" class=\"rounded-3px aspect-[3\/4] h-24 w-auto\" aria-hidden=\"true\"\/><\/a><\/p>\n","protected":false},"excerpt":{"rendered":"Le trafic de drogue fait partie des hypoth\u00e8ses \u00e9voqu\u00e9es par les policiers \u00e0 Montpellier apr\u00e8s un r\u00e8glement de&hellip;\n","protected":false},"author":2,"featured_media":550021,"comment_status":"","ping_status":"","sticky":false,"template":"","format":"standard","meta":{"footnotes":""},"categories":[9599],"tags":[1111,11,1777,674,3483,3697,41323,41321,1011,27,3699,3698,41324,41329,41333,41322,41330,41334,41327,41326,2208,12,2680,25,41331,41332,3701,41328,3700,41325],"class_list":{"0":"post-550020","1":"post","2":"type-post","3":"status-publish","4":"format-standard","5":"has-post-thumbnail","7":"category-montpellier","8":"tag-actu","9":"tag-actualites","10":"tag-eu","11":"tag-europe","12":"tag-extrait","13":"tag-extrait-journal-de-20-heures","14":"tag-extrait-journal-de-20-heures-tf1","15":"tag-extrait-tf1","16":"tag-fr","17":"tag-france","18":"tag-journal-de-20-heures","19":"tag-journal-de-20-heures-extrait","20":"tag-journal-de-20-heures-extrait-tf1","21":"tag-journal-de-20-heures-streaming","22":"tag-journal-de-20-heures-streaming-gratuit","23":"tag-journal-de-20-heures-tf1","24":"tag-journal-de-20-heures-tf1-streaming","25":"tag-journal-de-20-heures-tf1-streaming-gratuit","26":"tag-journal-de-20-heures-tf1-video","27":"tag-journal-de-20-heures-video","28":"tag-montpellier","29":"tag-news","30":"tag-occitanie","31":"tag-republique-francaise","32":"tag-streaming-gratuit-journal-de-20-heures","33":"tag-streaming-gratuit-journal-de-20-heures-tf1","34":"tag-streaming-journal-de-20-heures","35":"tag-streaming-journal-de-20-heures-tf1","36":"tag-video-journal-de-20-heures","37":"tag-video-journal-de-20-heures-tf1"},"share_on_mastodon":{"url":"","error":"Validation failed: Text character limit of 500 exceeded"},"_links":{"self":[{"href":"https:\/\/www.europesays.com\/fr\/wp-json\/wp\/v2\/posts\/550020","targetHints":{"allow":["GET"]}}],"collection":[{"href":"https:\/\/www.europesays.com\/fr\/wp-json\/wp\/v2\/posts"}],"about":[{"href":"https:\/\/www.europesays.com\/fr\/wp-json\/wp\/v2\/types\/post"}],"author":[{"embeddable":true,"href":"https:\/\/www.europesays.com\/fr\/wp-json\/wp\/v2\/users\/2"}],"replies":[{"embeddable":true,"href":"https:\/\/www.europesays.com\/fr\/wp-json\/wp\/v2\/comments?post=550020"}],"version-history":[{"count":0,"href":"https:\/\/www.europesays.com\/fr\/wp-json\/wp\/v2\/posts\/550020\/revisions"}],"wp:featuredmedia":[{"embeddable":true,"href":"https:\/\/www.europesays.com\/fr\/wp-json\/wp\/v2\/media\/550021"}],"wp:attachment":[{"href":"https:\/\/www.europesays.com\/fr\/wp-json\/wp\/v2\/media?parent=550020"}],"wp:term":[{"taxonomy":"category","embeddable":true,"href":"https:\/\/www.europesays.com\/fr\/wp-json\/wp\/v2\/categories?post=550020"},{"taxonomy":"post_tag","embeddable":true,"href":"https:\/\/www.europesays.com\/fr\/wp-json\/wp\/v2\/tags?post=550020"}],"curies":[{"name":"wp","href":"https:\/\/api.w.org\/{rel}","templated":true}]}}