{"id":550022,"date":"2025-11-21T22:33:16","date_gmt":"2025-11-21T22:33:16","guid":{"rendered":"https:\/\/www.europesays.com\/fr\/550022\/"},"modified":"2025-11-21T22:33:16","modified_gmt":"2025-11-21T22:33:16","slug":"une-deviation-mise-en-place-2","status":"publish","type":"post","link":"https:\/\/www.europesays.com\/fr\/550022\/","title":{"rendered":"une d\u00e9viation mise en place"},"content":{"rendered":"<p>                    Par<br \/>\n        <strong><br \/>\n            <a href=\"https:\/\/actu.fr\/auteur\/adrien-filoche\" title=\"Consulter tous les articles de Adrien Filoche\" target=\"_blank\" rel=\"noopener\">Adrien Filoche<\/a><br \/>\n                    <\/strong><\/p>\n<p>        Publi\u00e9 le<\/p>\n<p>            21 nov. 2025 \u00e0 17h03        <\/p>\n<p><strong>Avis aux automobilistes.<\/strong> Fin octobre 2025, des r\u00e9parations temporaires avaient \u00e9t\u00e9 r\u00e9alis\u00e9es\u00a0sur <a href=\"https:\/\/actu.fr\/tag\/autoroute-a-150\" target=\"_blank\" rel=\"noopener\">l\u2019A150<\/a> apr\u00e8s l\u2019apparition d\u2019une fissure longitudinale en rive droite le long de la bretelle de sortie de Canteleu, <strong>dans le sens Rouen-Barentin.<\/strong> \u00c0 partir du 24 novembre et jusqu\u2019au 3 d\u00e9cembre, la bretelle sera ferm\u00e9e pour la poursuite des travaux.<\/p>\n<p>Une d\u00e9viation mise en place<\/p>\n<p class=\" wall-content\">Dans un communiqu\u00e9, la Dirno (Direction Interd\u00e9partementale des routes Nord-Ouest) pr\u00e9cise que cette fermeture aura lieu d\u00e8s le lundi 24 novembre \u00e0 9 heures jusqu\u2019au mercredi 3 d\u00e9cembre \u00e0 17 heures. Cette fermeture sera effective jour et nuit.<\/p>\n<p class=\" wall-content\">Ces travaux entrent dans le cadre \u00ab\u00a0d\u2019investigations g\u00e9otechniques\u00a0\u00bb. Celles-ci doivent permettre de \u00ab\u00a0d\u00e9terminer les \u00e9l\u00e9ments n\u00e9cessaires au dimensionnement de r\u00e9parations durables sur la bretelle\u00a0\u00bb.<\/p>\n<p class=\" wall-content\">Ainsi, une d\u00e9viation sera mise en place par l\u2019\u00e9changeur suivant (\u00e9changeur de La Vaupali\u00e8re), comme on peut <strong>le voir dans le document ci-dessous :<\/strong><\/p>\n<p><a href=\"https:\/\/static.actu.fr\/uploads\/2025\/11\/plan-com-fermeture-bretelle-canteleu-2.pdf\" target=\"_blank\" rel=\"noopener\">Afficher ou t\u00e9l\u00e9charger le fichier.<\/a><\/p>\n<p>Suivez l\u2019actualit\u00e9 de Rouen sur <a href=\"https:\/\/www.whatsapp.com\/channel\/0029VaKfnf99hXF2ddApFB1D\" target=\"_blank\" rel=\"noopener\">notre cha\u00eene WhatsApp<\/a> et sur <a href=\"https:\/\/www.tiktok.com\/@76actu.fr?lang=fr\" target=\"_blank\" rel=\"noopener\">notre compte TikTok<\/a><\/p>\n<p class=\" wall-content\">Personnalisez votre actualit\u00e9 en ajoutant vos villes et m\u00e9dias en favori avec <a href=\"https:\/\/moncompte.actu.fr\" title=\"D\u00e9couvez Mon Actu\" rel=\"nofollow noopener\" data-trk=\"{&quot;cta&quot;:{&quot;action&quot;:&quot;https:\\\/\\\/moncompte.actu.fr&quot;,&quot;category&quot;:&quot;mon compte&quot;,&quot;from&quot;:&quot;article footer&quot;,&quot;name&quot;:&quot;Mon actu&quot;,&quot;type&quot;:&quot;cta&quot;}}\" target=\"_blank\">Mon Actu<\/a>.<\/p>\n<p>                    <script async src=\"\/\/www.tiktok.com\/embed.js\"><\/script><\/p>\n","protected":false},"excerpt":{"rendered":"Par Adrien Filoche Publi\u00e9 le 21 nov. 2025 \u00e0 17h03 Avis aux automobilistes. Fin octobre 2025, des r\u00e9parations&hellip;\n","protected":false},"author":2,"featured_media":550023,"comment_status":"","ping_status":"","sticky":false,"template":"","format":"standard","meta":{"footnotes":""},"categories":[9587],"tags":[1111,11,11131,1777,674,1011,27,12,5161,25,9590,104,2086],"class_list":{"0":"post-550022","1":"post","2":"type-post","3":"status-publish","4":"format-standard","5":"has-post-thumbnail","7":"category-rouen","8":"tag-actu","9":"tag-actualites","10":"tag-autoroute-a150","11":"tag-eu","12":"tag-europe","13":"tag-fr","14":"tag-france","15":"tag-news","16":"tag-normandie","17":"tag-republique-francaise","18":"tag-rouen","19":"tag-societe","20":"tag-travaux"},"share_on_mastodon":{"url":"https:\/\/pubeurope.com\/@fr\/115590071355964962","error":""},"_links":{"self":[{"href":"https:\/\/www.europesays.com\/fr\/wp-json\/wp\/v2\/posts\/550022","targetHints":{"allow":["GET"]}}],"collection":[{"href":"https:\/\/www.europesays.com\/fr\/wp-json\/wp\/v2\/posts"}],"about":[{"href":"https:\/\/www.europesays.com\/fr\/wp-json\/wp\/v2\/types\/post"}],"author":[{"embeddable":true,"href":"https:\/\/www.europesays.com\/fr\/wp-json\/wp\/v2\/users\/2"}],"replies":[{"embeddable":true,"href":"https:\/\/www.europesays.com\/fr\/wp-json\/wp\/v2\/comments?post=550022"}],"version-history":[{"count":0,"href":"https:\/\/www.europesays.com\/fr\/wp-json\/wp\/v2\/posts\/550022\/revisions"}],"wp:featuredmedia":[{"embeddable":true,"href":"https:\/\/www.europesays.com\/fr\/wp-json\/wp\/v2\/media\/550023"}],"wp:attachment":[{"href":"https:\/\/www.europesays.com\/fr\/wp-json\/wp\/v2\/media?parent=550022"}],"wp:term":[{"taxonomy":"category","embeddable":true,"href":"https:\/\/www.europesays.com\/fr\/wp-json\/wp\/v2\/categories?post=550022"},{"taxonomy":"post_tag","embeddable":true,"href":"https:\/\/www.europesays.com\/fr\/wp-json\/wp\/v2\/tags?post=550022"}],"curies":[{"name":"wp","href":"https:\/\/api.w.org\/{rel}","templated":true}]}}