{"id":550024,"date":"2025-11-21T22:34:14","date_gmt":"2025-11-21T22:34:14","guid":{"rendered":"https:\/\/www.europesays.com\/fr\/550024\/"},"modified":"2025-11-21T22:34:14","modified_gmt":"2025-11-21T22:34:14","slug":"live-rouen-fc-us-concarneau-13eme-journee-concarneau-football","status":"publish","type":"post","link":"https:\/\/www.europesays.com\/fr\/550024\/","title":{"rendered":"LIVE: ROUEN FC &#8211; US CONCARNEAU ( 13\u00e8me journ\u00e9e) &#8211; concarneau &#8211; football"},"content":{"rendered":"<p><b>Au d\u00e9fi du leader, l&rsquo;US Concarneau se mesurera aux Dragons Rouennais, \u00e0 Robert Diochon. La seule sortie de route des Rouennais est venue de sa sortie aux tirs au but en coupe de France au 6\u00e8me tour par l&rsquo;US Alen\u00e7on (N3, 0-0, TAB), hormis cette rencontre, les Rouennais sont solidement fix\u00e9s \u00e0 leur premi\u00e8re place. Sans pression, apr\u00e8s leur vague de bons r\u00e9sultats, les Thoniers d\u00e9fient le leader pour s&rsquo;\u00e9talonner et profiter aussi de leur bonne p\u00e9riode. Auteur de 13\/15, les locaux partent favoris pour ce match, mais les Concarnois esp\u00e8renrt donner le change face \u00e0 un stade qui sera une nouvelle fois bien garni en Seine Maritime. Le match se jouera, en ce vendredi soir, \u00e0 19h30.<\/b><\/p>\n<p>  \t\t\t<img decoding=\"async\" typeof=\"foaf:Image\" src=\"https:\/\/www.europesays.com\/fr\/wp-content\/uploads\/2025\/11\/pa213460.jpg\" alt=\"\"\/>  \t\t\t  \t\t\t<\/p>\n<p><strong>LE DIRECT DE CE MATCH FACE A ROUEN\u00a0<\/strong><strong style=\"font-size: 13.008px;\">( CHAINE NATIONAL TV, FFF):<\/strong><strong style=\"font-size: 13.008px;\"\/><\/p>\n<p>\u00a0<\/p>\n<p>\u00a0<\/p>\n","protected":false},"excerpt":{"rendered":"Au d\u00e9fi du leader, l&rsquo;US Concarneau se mesurera aux Dragons Rouennais, \u00e0 Robert Diochon. La seule sortie de&hellip;\n","protected":false},"author":2,"featured_media":550025,"comment_status":"","ping_status":"","sticky":false,"template":"","format":"standard","meta":{"footnotes":""},"categories":[9587],"tags":[1111,11,1777,674,1011,27,12,5161,25,9590],"class_list":{"0":"post-550024","1":"post","2":"type-post","3":"status-publish","4":"format-standard","5":"has-post-thumbnail","7":"category-rouen","8":"tag-actu","9":"tag-actualites","10":"tag-eu","11":"tag-europe","12":"tag-fr","13":"tag-france","14":"tag-news","15":"tag-normandie","16":"tag-republique-francaise","17":"tag-rouen"},"share_on_mastodon":{"url":"https:\/\/pubeurope.com\/@fr\/115590075433847821","error":""},"_links":{"self":[{"href":"https:\/\/www.europesays.com\/fr\/wp-json\/wp\/v2\/posts\/550024","targetHints":{"allow":["GET"]}}],"collection":[{"href":"https:\/\/www.europesays.com\/fr\/wp-json\/wp\/v2\/posts"}],"about":[{"href":"https:\/\/www.europesays.com\/fr\/wp-json\/wp\/v2\/types\/post"}],"author":[{"embeddable":true,"href":"https:\/\/www.europesays.com\/fr\/wp-json\/wp\/v2\/users\/2"}],"replies":[{"embeddable":true,"href":"https:\/\/www.europesays.com\/fr\/wp-json\/wp\/v2\/comments?post=550024"}],"version-history":[{"count":0,"href":"https:\/\/www.europesays.com\/fr\/wp-json\/wp\/v2\/posts\/550024\/revisions"}],"wp:featuredmedia":[{"embeddable":true,"href":"https:\/\/www.europesays.com\/fr\/wp-json\/wp\/v2\/media\/550025"}],"wp:attachment":[{"href":"https:\/\/www.europesays.com\/fr\/wp-json\/wp\/v2\/media?parent=550024"}],"wp:term":[{"taxonomy":"category","embeddable":true,"href":"https:\/\/www.europesays.com\/fr\/wp-json\/wp\/v2\/categories?post=550024"},{"taxonomy":"post_tag","embeddable":true,"href":"https:\/\/www.europesays.com\/fr\/wp-json\/wp\/v2\/tags?post=550024"}],"curies":[{"name":"wp","href":"https:\/\/api.w.org\/{rel}","templated":true}]}}