{"id":550033,"date":"2025-11-21T22:40:37","date_gmt":"2025-11-21T22:40:37","guid":{"rendered":"https:\/\/www.europesays.com\/fr\/550033\/"},"modified":"2025-11-21T22:40:37","modified_gmt":"2025-11-21T22:40:37","slug":"bas-rhin-a-strasbourg-des-ecoliers-decouvrent-un-morceau-de-doigt-dans-la-cour-de-recreation","status":"publish","type":"post","link":"https:\/\/www.europesays.com\/fr\/550033\/","title":{"rendered":"Bas-Rhin. A Strasbourg, des \u00e9coliers d\u00e9couvrent un morceau de doigt dans la cour de r\u00e9cr\u00e9ation"},"content":{"rendered":"<p>Un doigt en plein milieu de la cour de r\u00e9cr\u00e9 \u00a0! Des \u00e9l\u00e8ves d&rsquo;une \u00e9cole primaire \u00e0 Strasbourg ont eu la surprise de trouver vendredi dans leur cour de r\u00e9cr\u00e9ation un morceau de doigt humain, qu&rsquo;un homme avait perdu pendant la nuit en tentant d&rsquo;escalader un grillage, relatent nos confr\u00e8res des <a href=\"https:\/\/www.dna.fr\/faits-divers-justice\/2025\/11\/21\/ils-rapportent-un-doigt-coupe-a-leur-maitresse-la-police-enquete\" target=\"_blank\" rel=\"noopener\">Derni\u00e8res Nouvelles d&rsquo;Alsace (DNA).<\/a><\/p>\n<p>\u00ab Dans un premier temps, la proximit\u00e9 de la p\u00e9riode d&rsquo;Halloween a pu faire penser qu&rsquo;il s&rsquo;agissait d&rsquo;une imitation en plastique et c&rsquo;est cette explication qui a \u00e9t\u00e9 donn\u00e9e aux enfants \u00bb, a indiqu\u00e9 Philippe Buttani, directeur g\u00e9n\u00e9ral du groupe scolaire priv\u00e9 Le Gymnase. Cependant, \u00ab il s&rsquo;est rapidement av\u00e9r\u00e9 que ce doigt \u00e9tait malheureusement bien d&rsquo;origine humaine \u00bb, a ajout\u00e9 le responsable, dans un message \u00e9crit diffus\u00e9 \u00e0 tous les parents.<\/p>\n<p>\u00ab\u00a0Manifestement alcoolis\u00e9\u00a0\u00bb<\/p>\n<p>D\u00e9p\u00each\u00e9e sur place, la police a \u00e9tabli que le doigt appartenait \u00e0 un jeune homme n\u00e9 en 2004 qui a \u00e9t\u00e9 hospitalis\u00e9 apr\u00e8s s&rsquo;\u00eatre bless\u00e9 en tentant d&rsquo;escalader un grillage donnant sur la cour de l&rsquo;\u00e9tablissement.L&rsquo;homme \u00e9tait \u00ab manifestement fortement alcoolis\u00e9 \u00bb au moment de l&rsquo;accident, et \u00ab l&rsquo;\u00e9tablissement va porter plainte pour cette tentative d&rsquo;intrusion.<\/p>\n<p>L&rsquo;\u00e9quipe de direction a r\u00e9uni les \u00e9l\u00e8ves de primaire et des classes de 6e et 5e, scolaris\u00e9s sur ce site, pour les informer de cet \u00ab incident hors du commun \u00bb et \u00e9viter la propagation de fausses rumeurs. \u00ab Les enfants ont compris que personne n&rsquo;avait cherch\u00e9 \u00e0 leur faire du mal \u00bb, a assur\u00e9 le directeur.<\/p>\n<p>&gt;&gt; L&rsquo;article des <a href=\"https:\/\/www.dna.fr\/faits-divers-justice\/2025\/11\/21\/ils-rapportent-un-doigt-coupe-a-leur-maitresse-la-police-enquete\" target=\"_blank\" rel=\"noopener\">DNA<\/a><\/p>\n","protected":false},"excerpt":{"rendered":"Un doigt en plein milieu de la cour de r\u00e9cr\u00e9 \u00a0! Des \u00e9l\u00e8ves d&rsquo;une \u00e9cole primaire \u00e0 Strasbourg&hellip;\n","protected":false},"author":2,"featured_media":550034,"comment_status":"","ping_status":"","sticky":false,"template":"","format":"standard","meta":{"footnotes":""},"categories":[2820],"tags":[1111,11,1777,674,274,107,1011,27,329,775,12,3456,25,640],"class_list":{"0":"post-550033","1":"post","2":"type-post","3":"status-publish","4":"format-standard","5":"has-post-thumbnail","7":"category-strasbourg","8":"tag-actu","9":"tag-actualites","10":"tag-eu","11":"tag-europe","12":"tag-faits-divers-justice","13":"tag-fil-info","14":"tag-fr","15":"tag-france","16":"tag-france-monde","17":"tag-grand-est","18":"tag-news","19":"tag-region-lorraine","20":"tag-republique-francaise","21":"tag-strasbourg"},"share_on_mastodon":{"url":"https:\/\/pubeurope.com\/@fr\/115590098155349739","error":""},"_links":{"self":[{"href":"https:\/\/www.europesays.com\/fr\/wp-json\/wp\/v2\/posts\/550033","targetHints":{"allow":["GET"]}}],"collection":[{"href":"https:\/\/www.europesays.com\/fr\/wp-json\/wp\/v2\/posts"}],"about":[{"href":"https:\/\/www.europesays.com\/fr\/wp-json\/wp\/v2\/types\/post"}],"author":[{"embeddable":true,"href":"https:\/\/www.europesays.com\/fr\/wp-json\/wp\/v2\/users\/2"}],"replies":[{"embeddable":true,"href":"https:\/\/www.europesays.com\/fr\/wp-json\/wp\/v2\/comments?post=550033"}],"version-history":[{"count":0,"href":"https:\/\/www.europesays.com\/fr\/wp-json\/wp\/v2\/posts\/550033\/revisions"}],"wp:featuredmedia":[{"embeddable":true,"href":"https:\/\/www.europesays.com\/fr\/wp-json\/wp\/v2\/media\/550034"}],"wp:attachment":[{"href":"https:\/\/www.europesays.com\/fr\/wp-json\/wp\/v2\/media?parent=550033"}],"wp:term":[{"taxonomy":"category","embeddable":true,"href":"https:\/\/www.europesays.com\/fr\/wp-json\/wp\/v2\/categories?post=550033"},{"taxonomy":"post_tag","embeddable":true,"href":"https:\/\/www.europesays.com\/fr\/wp-json\/wp\/v2\/tags?post=550033"}],"curies":[{"name":"wp","href":"https:\/\/api.w.org\/{rel}","templated":true}]}}