{"id":550035,"date":"2025-11-21T22:41:18","date_gmt":"2025-11-21T22:41:18","guid":{"rendered":"https:\/\/www.europesays.com\/fr\/550035\/"},"modified":"2025-11-21T22:41:18","modified_gmt":"2025-11-21T22:41:18","slug":"mulhouse-quelques-jours-avant-colmar-et-strasbourg-le-marche-de-noel-accueille-ses-premiers-visiteurs","status":"publish","type":"post","link":"https:\/\/www.europesays.com\/fr\/550035\/","title":{"rendered":"Mulhouse. Quelques jours avant Colmar et Strasbourg, le march\u00e9 de No\u00ebl accueille ses premiers visiteurs"},"content":{"rendered":"<p>La ville de Mulhouse a inaugur\u00e9 son traditionnel march\u00e9 de No\u00ebl ce vendredi 21\u00a0novembre aux alentours de 18\u00a0h. Si les premiers visiteurs ont pu d\u00e9ambuler dans les all\u00e9es d\u00e8s le d\u00e9but de l\u2019apr\u00e8s-midi, la maire de la ville Mich\u00e8le Lutz\u00a0et Ya\u00ebl Braun-Pivet, pr\u00e9sidente de l\u2019Assembl\u00e9e nationale, ont lanc\u00e9 cette 35e \u00e9dition en fin de journ\u00e9e.<\/p>\n<p>Apr\u00e8s s\u2019\u00eatre arr\u00eat\u00e9es \u00e0 quelques stands, l\u2019occasion pour elles d\u2019\u00e9changer avec les commer\u00e7ants, elles ont allum\u00e9 <a href=\"https:\/\/www.lalsace.fr\/culture-loisirs\/2025\/11\/20\/illuminations-du-centre-ville-ce-qu-on-essaie-de-creer-c-est-cette-magie-de-noel\" target=\"_blank\" rel=\"noopener\"> les d\u00e9corations<\/a> du sapin de No\u00ebl place des Victoires. \u00ab\u00a0On entend souvent dire que les personnalit\u00e9s politiques restent enferm\u00e9es \u00e0 Paris. Ce n\u2019est pas totalement faux. Il faut qu\u2019on aille vers les Fran\u00e7ais pour renouer ce lien. C\u2019est quelque chose que j\u2019essaie de faire le plus possible depuis trois ans [le d\u00e9but de son mandat en tant que pr\u00e9sidente de l\u2019Assembl\u00e9e nationale, NDLR]\u00a0\u00bb, promet la d\u00e9put\u00e9e.<\/p>\n<p>En 2025, <a href=\"https:\/\/www.lalsace.fr\/culture-loisirs\/2025\/11\/18\/a-quatre-jours-de-l-ouverture-du-marche-de-noel-la-ville-se-pare-de-son-etoffe\" target=\"_blank\" rel=\"noopener\">le march\u00e9 de No\u00ebl de Mulhouse<\/a> met \u00e0 l\u2019honneur les traditions rh\u00e9nanes, parmi lesquelles le currywurst, et l\u2019installation d\u2019un chalet regroupant les informations pratiques et un studio photo. Ce nouveau stand vient compl\u00e9ter les 102 chalets qui se sont empar\u00e9s de la place de la R\u00e9union et de la Concorde. Ce sont neuf de plus que l\u2019an pass\u00e9\u00a0: \u00ab\u00a0On a d\u00e9cid\u00e9 de retirer quelques d\u00e9corations place de la R\u00e9union pour y ajouter des commer\u00e7ants\u00a0\u00bb, affirme les repr\u00e9sentants de la ville de Mulhouse.<\/p>\n<p>  L\u2019optimisme est de mise<\/p>\n<p>Parmi les commer\u00e7ants install\u00e9s dans les 103 chalets, Sabine Pfister a fait le d\u00e9placement depuis Soufflenheim, pour vendre la poterie de ce village du nord de l\u2019Alsace. \u00ab\u00a0On se pr\u00e9pare depuis le mois de septembre. On a mis les bouch\u00e9es doubles dans l\u2019atelier. Maintenant, on a du stock rang\u00e9 sous mes pieds et au-dessus de ma t\u00eate. Si la m\u00e9t\u00e9o est au rendez-vous ce sera une r\u00e9ussite\u00a0\u00bb, affirme la g\u00e9rante de la poterie Friedmann, pr\u00e9sente pour la deuxi\u00e8me ann\u00e9e.<\/p>\n<p>L\u2019artisane chocolati\u00e8re Kiyosa est elle aussi pr\u00e9sente pour la deuxi\u00e8me fois sur le march\u00e9 de No\u00ebl de Mulhouse. \u00ab\u00a0C\u2019est une p\u00e9riode essentielle pour nous. Chaque chocolat est fait \u00e0 la main, \u00e7a nous a pris beaucoup de temps mais on est tr\u00e8s fi\u00e8res du r\u00e9sultat\u00a0\u00bb, sourit-elle. <a href=\"https:\/\/www.lalsace.fr\/culture-loisirs\/2025\/11\/21\/le-temps-de-noel-debute-ce-week-end-en-alsace\" target=\"_blank\" rel=\"noopener\">Ouvert une semaine avant les march\u00e9s de No\u00ebl de Strasbourg et de Colmar,<\/a> Pedro, artisan nougatier, esp\u00e8re surfer sur cette vague\u00a0: \u00ab\u00a0On esp\u00e8re attirer un maximum de monde, que ce soit des Allemands, des Suisses et des Alsaciens bien s\u00fbrs. Cette premi\u00e8re semaine a toujours une saveur particuli\u00e8re, on ne veut pas la manquer.\u00a0\u00bb<\/p>\n<p class=\"note\">Le march\u00e9 de No\u00ebl de Mulhouse accueille ses visiteurs jusqu\u2019au 27\u00a0d\u00e9cembre. Il est ouvert de 10\u00a0h \u00e0 18\u00a0h. Le 24\u00a0d\u00e9cembre de 11\u00a0h \u00e0 18\u00a0h, le 26 de 12\u00a0h \u00e0 21\u00a0h.<\/p>\n","protected":false},"excerpt":{"rendered":"La ville de Mulhouse a inaugur\u00e9 son traditionnel march\u00e9 de No\u00ebl ce vendredi 21\u00a0novembre aux alentours de 18\u00a0h.&hellip;\n","protected":false},"author":2,"featured_media":550036,"comment_status":"","ping_status":"","sticky":false,"template":"","format":"standard","meta":{"footnotes":""},"categories":[2820],"tags":[1111,11,1477,4406,130,1687,1636,1777,674,3326,107,1011,27,775,2089,1634,12,15830,25,1635,104,640,602],"class_list":{"0":"post-550035","1":"post","2":"type-post","3":"status-publish","4":"format-standard","5":"has-post-thumbnail","7":"category-strasbourg","8":"tag-actu","9":"tag-actualites","10":"tag-artisanat","11":"tag-commerce-et-services","12":"tag-consommation","13":"tag-culture-loisirs","14":"tag-edition-mulhouse-thann","15":"tag-eu","16":"tag-europe","17":"tag-fete-locale","18":"tag-fil-info","19":"tag-fr","20":"tag-france","21":"tag-grand-est","22":"tag-marche","23":"tag-mulhouse","24":"tag-news","25":"tag-noel","26":"tag-republique-francaise","27":"tag-secteur-de-mulhouse","28":"tag-societe","29":"tag-strasbourg","30":"tag-tourisme"},"share_on_mastodon":{"url":"https:\/\/pubeurope.com\/@fr\/115590101974083204","error":""},"_links":{"self":[{"href":"https:\/\/www.europesays.com\/fr\/wp-json\/wp\/v2\/posts\/550035","targetHints":{"allow":["GET"]}}],"collection":[{"href":"https:\/\/www.europesays.com\/fr\/wp-json\/wp\/v2\/posts"}],"about":[{"href":"https:\/\/www.europesays.com\/fr\/wp-json\/wp\/v2\/types\/post"}],"author":[{"embeddable":true,"href":"https:\/\/www.europesays.com\/fr\/wp-json\/wp\/v2\/users\/2"}],"replies":[{"embeddable":true,"href":"https:\/\/www.europesays.com\/fr\/wp-json\/wp\/v2\/comments?post=550035"}],"version-history":[{"count":0,"href":"https:\/\/www.europesays.com\/fr\/wp-json\/wp\/v2\/posts\/550035\/revisions"}],"wp:featuredmedia":[{"embeddable":true,"href":"https:\/\/www.europesays.com\/fr\/wp-json\/wp\/v2\/media\/550036"}],"wp:attachment":[{"href":"https:\/\/www.europesays.com\/fr\/wp-json\/wp\/v2\/media?parent=550035"}],"wp:term":[{"taxonomy":"category","embeddable":true,"href":"https:\/\/www.europesays.com\/fr\/wp-json\/wp\/v2\/categories?post=550035"},{"taxonomy":"post_tag","embeddable":true,"href":"https:\/\/www.europesays.com\/fr\/wp-json\/wp\/v2\/tags?post=550035"}],"curies":[{"name":"wp","href":"https:\/\/api.w.org\/{rel}","templated":true}]}}