{"id":550037,"date":"2025-11-21T22:42:15","date_gmt":"2025-11-21T22:42:15","guid":{"rendered":"https:\/\/www.europesays.com\/fr\/550037\/"},"modified":"2025-11-21T22:42:15","modified_gmt":"2025-11-21T22:42:15","slug":"les-olympiens-ecrasent-les-aiglons-et-prennent-la-tete-de-la-ligue-1","status":"publish","type":"post","link":"https:\/\/www.europesays.com\/fr\/550037\/","title":{"rendered":"les Olympiens \u00e9crasent les Aiglons et prennent la t\u00eate de la Ligue 1"},"content":{"rendered":"<p>90&prime;. C&rsquo;est fini ! L&rsquo;OM s&rsquo;impose et prend la t\u00eate de la Ligue 1<\/p>\n<p>La rencontre n&rsquo;ira pas plus loin que les 90 minutes de jeu. Les Olympiens s&rsquo;imposent largement \u00e0 Nice sur le score de 5 \u00e0 1 gr\u00e2ce \u00e0 des buts d&rsquo;Aubameyang, Weah, Paixao et Greenwood (x2). L&rsquo;Anglais a r\u00e9alis\u00e9 une tr\u00e8s grande partie face aux Ni\u00e7ois et compte d\u00e9sormais 10 buts en championnat cette saison. Les joueurs de Roberto De Zerbi prennent la t\u00eate de la Ligue 1 en attendant le r\u00e9sultat des Parisiens contre Le Havre demain (21h05).<\/p>\n","protected":false},"excerpt":{"rendered":"90&prime;. C&rsquo;est fini ! L&rsquo;OM s&rsquo;impose et prend la t\u00eate de la Ligue 1 La rencontre n&rsquo;ira pas&hellip;\n","protected":false},"author":2,"featured_media":550038,"comment_status":"","ping_status":"","sticky":false,"template":"","format":"standard","meta":{"footnotes":""},"categories":[2819],"tags":[1111,11,1777,674,1011,27,12,2401,65073,66759,149,882,25],"class_list":{"0":"post-550037","1":"post","2":"type-post","3":"status-publish","4":"format-standard","5":"has-post-thumbnail","7":"category-nice","8":"tag-actu","9":"tag-actualites","10":"tag-eu","11":"tag-europe","12":"tag-fr","13":"tag-france","14":"tag-news","15":"tag-nice","16":"tag-nice-om","17":"tag-ogcn-om","18":"tag-om","19":"tag-provence-alpes-cote-dazur","20":"tag-republique-francaise"},"share_on_mastodon":{"url":"https:\/\/pubeurope.com\/@fr\/115590105962528201","error":""},"_links":{"self":[{"href":"https:\/\/www.europesays.com\/fr\/wp-json\/wp\/v2\/posts\/550037","targetHints":{"allow":["GET"]}}],"collection":[{"href":"https:\/\/www.europesays.com\/fr\/wp-json\/wp\/v2\/posts"}],"about":[{"href":"https:\/\/www.europesays.com\/fr\/wp-json\/wp\/v2\/types\/post"}],"author":[{"embeddable":true,"href":"https:\/\/www.europesays.com\/fr\/wp-json\/wp\/v2\/users\/2"}],"replies":[{"embeddable":true,"href":"https:\/\/www.europesays.com\/fr\/wp-json\/wp\/v2\/comments?post=550037"}],"version-history":[{"count":0,"href":"https:\/\/www.europesays.com\/fr\/wp-json\/wp\/v2\/posts\/550037\/revisions"}],"wp:featuredmedia":[{"embeddable":true,"href":"https:\/\/www.europesays.com\/fr\/wp-json\/wp\/v2\/media\/550038"}],"wp:attachment":[{"href":"https:\/\/www.europesays.com\/fr\/wp-json\/wp\/v2\/media?parent=550037"}],"wp:term":[{"taxonomy":"category","embeddable":true,"href":"https:\/\/www.europesays.com\/fr\/wp-json\/wp\/v2\/categories?post=550037"},{"taxonomy":"post_tag","embeddable":true,"href":"https:\/\/www.europesays.com\/fr\/wp-json\/wp\/v2\/tags?post=550037"}],"curies":[{"name":"wp","href":"https:\/\/api.w.org\/{rel}","templated":true}]}}