{"id":550055,"date":"2025-11-21T22:51:33","date_gmt":"2025-11-21T22:51:33","guid":{"rendered":"https:\/\/www.europesays.com\/fr\/550055\/"},"modified":"2025-11-21T22:51:33","modified_gmt":"2025-11-21T22:51:33","slug":"marches-de-noel-brocantes-salon-du-vin-expo-nos-idees-de-sorties-pour-le-samedi-22-novembre-vers-lille","status":"publish","type":"post","link":"https:\/\/www.europesays.com\/fr\/550055\/","title":{"rendered":"March\u00e9s de No\u00ebl, brocantes, salon du vin, expo&#8230; Nos id\u00e9es de sorties pour le samedi 22 novembre vers Lille"},"content":{"rendered":"<p>                    Par<br \/>\n        <strong><br \/>\n            <a href=\"https:\/\/actu.fr\/auteur\/amandine-vachez\" title=\"Consulter tous les articles de Amandine Vachez\" rel=\"nofollow noopener\" target=\"_blank\">Amandine Vachez<\/a><br \/>\n                    <\/strong><\/p>\n<p>        Publi\u00e9 le<\/p>\n<p>            21 nov. 2025 \u00e0 16h42        <\/p>\n<p>Il n\u2019est pas toujours facile de faire son choix, pour les <b>sorties du week-end<\/b>. Alors que la <a href=\"https:\/\/actu.fr\/hauts-de-france\/lille_59350\/en-images-le-marche-de-noel-ouvre-a-lille-jadore-lambiance-je-pourrais-tout-acheter_63458095.html\" rel=\"nofollow noopener\" target=\"_blank\">magie de No\u00ebl<\/a> s\u2019empare peu \u00e0 peu de <a href=\"https:\/\/actu.fr\/lille\/\" rel=\"nofollow noopener\" target=\"_blank\">Lille<\/a> (Nord) et des alentours, de tr\u00e8s beaux \u00e9v\u00e9nements marquent la journ\u00e9e et la soir\u00e9e du <b>samedi 22 novembre 2024 sur le secteur.<\/b> On vous liste des<b> id\u00e9es de sorties<\/b> rep\u00e9r\u00e9es cette semaine, entre f\u00e9erie, <a href=\"https:\/\/actu.fr\/tag\/bons-plans\" rel=\"nofollow noopener\" target=\"_blank\">bons plans<\/a> et\u2026 ambiance festive !<\/p>\n<p>Nos suggestions de sorties pour samedi<\/p>\n<ul class=\" wall-content\">\n<li><a href=\"https:\/\/www.facebook.com\/events\/24688427360826616\" rel=\"nofollow noopener\" target=\"_blank\"><b>Salon du livre de poche \u00e0 Lomme<\/b><\/a><\/li>\n<\/ul>\n<p class=\" wall-content\">Ce samedi \u00e0 Lomme, retrouvez le salon du livre en poche \u00e0 l\u2019Accueil Marthe et Marie, avec une vingtaine d\u2019auteurs. L\u2019\u00e9v\u00e9nement se tient de 10 h \u00e0 17 h, avec \u00e0 15 h une conf\u00e9rence \u00e0 15h anim\u00e9e par Michel Cool avec deux invit\u00e9es d\u2019honneur : Roseline Hamel et Nassera Kermiche pour leur livre S\u0153urs de douleur. Tout au long de la journ\u00e9e : r\u00e9cits d\u2019ateliers d\u2019\u00e9criture, rencontres avec des auteurs et s\u00e9ances de d\u00e9dicaces, restitution d\u2019ateliers collaboratifs.<\/p>\n<ul class=\" wall-content\">\n<li><b><a href=\"https:\/\/www.helloasso.com\/associations\/association-gilets-au-bout-de-mes-reves\/evenements\/notre-jour-viendra-la-saga-de-bobby-sands-cie-gilets-au-bout-de-mes-reves\" rel=\"nofollow noopener\" target=\"_blank\">Une pi\u00e8ce de th\u00e9\u00e2tre sur Bobby Sands \u00e0 Wasquehal<\/a><\/b><\/li>\n<\/ul>\n<p class=\" wall-content\">L\u2019Espace G\u00e9rard Philippe de Wasquehal accueille la pi\u00e8ce de th\u00e9\u00e2tre Notre jour viendra, la saga de Bobby Sands, samedi. Au chant : Franck, du groupe Marcel et son orchestre avec les cornemuseux de Cassel. Audiovisuel et diaporama sont aussi au programme. Pour pr\u00e9cision, il s\u2019agit de l\u2019histoire de Bobby Sands, jeune Irlandais h\u00e9ro\u00efque mort volontairement le 5 mai 1981, apr\u00e8s 66 jours de gr\u00e8ve de la faim, il avait 26 ans. Le spectacle est affich\u00e9 \u00e0 12 euros.<\/p>\n<ul class=\" wall-content\">\n<li><a href=\"https:\/\/www.facebook.com\/100087969575491\/posts\/la-zumba-solidaire-arrive-%C3%A0-grands-passamedi-22-novembre-%C3%A0-14-h-salle-wattremez-\/821057977503181\/\" rel=\"nofollow noopener\" target=\"_blank\"><b>Zumba solidaire \u00e0 Roubaix<\/b><\/a><\/li>\n<\/ul>\n<p class=\" wall-content\">On peut allier sports et solidarit\u00e9 avec la zumba solidaire organis\u00e9e par l\u2019association Bien Vivre Ensemble de Wattrelos ce samedi d\u00e8s 14 h, salle Watremetz \u00e0 Roubaix. Des professionnels donneront des cours dans la bonne humeur. l\u2019entr\u00e9e est une denr\u00e9e alimentaire non p\u00e9rissable qui sera revers\u00e9e \u00e0 des assos (caf\u00e9, p\u00e2tes, sucre, farine\u2026).<\/p>\n<ul class=\" wall-content\">\n<li><b><a href=\"https:\/\/actu.fr\/hauts-de-france\/lille_59350\/plus-de-500-vignerons-a-lille-pour-le-salon-des-vignerons-independants_63455570.html\" rel=\"nofollow noopener\" target=\"_blank\">Plus de 500 vignerons \u00e0 Lille pour le Salon des vignerons ind\u00e9pendants<\/a><\/b><\/li>\n<\/ul>\n<p>Votre r\u00e9gion, votre actu !<\/p>\n<p>Recevez chaque jour les infos qui comptent pour vous.<\/p>\n<p>\t<a href=\"https:\/\/actu.fr\/newsletter\" class=\"ac-btn ac-btn--corner ac-btn--medium ac-btn--blue800\" rel=\"nofollow noopener\" target=\"_blank\">S&rsquo;incrire<\/a><\/p>\n<p class=\" wall-content\">Du 21 au 24\u00a0novembre 2025, le fameux Salon des vignerons ind\u00e9pendants revient \u00e0 Lille (Nord). Plus de 500 professionnels seront pr\u00e9sents, pour un \u00e9v\u00e9nement riche en animations.<\/p>\n<ul class=\" wall-content\">\n<li><b><a href=\"https:\/\/actu.fr\/hauts-de-france\/tourcoing_59599\/a-tourcoing-des-installations-hypnotiques-et-impressionnantes-dans-la-nouvelle-expo-panorama-27_63454191.html\" rel=\"nofollow noopener\" target=\"_blank\">\u00c0 Tourcoing, des installations hypnotiques et impressionnantes dans la nouvelle expo \u00a0\u00bb Panorama 27 \u00ab\u00a0<\/a><\/b><\/li>\n<\/ul>\n<p class=\" wall-content\">\u00ab\u00a0\u2009Simultan\u00e9it\u00e9\u2009\u00a0\u00bb est le th\u00e8me de la nouvelle exposition \u00ab\u00a0\u2009Panorama\u2009\u00a0\u00bb r\u00e9unissant 50 \u0153uvres in\u00e9dites au Fresnoy de Tourcoing (Nord), visible jusque d\u00e9but 2026. Elle vaut le d\u00e9tour\u2009!<\/p>\n<ul class=\" wall-content\">\n<li><a href=\"https:\/\/www.facebook.com\/balsafives\/?locale=fr_FR\" rel=\"nofollow noopener\" target=\"_blank\"><b>Balatous en mode \u00ab\u00a0sono mondiale\u00a0\u00bb pour le prochain Bal \u00e0 Fives<\/b><\/a><\/li>\n<\/ul>\n<p class=\" wall-content\">Ce samedi 22 novembre, retrouvez l\u2019esprit du Tire-Laine lors du Bal \u00e0 Fives consacr\u00e9 au groupe le Balatous, en mode \u00ab\u00a0sono mondiale\u00a0\u00bb. Une tr\u00e8s belle f\u00eate en perspective !<\/p>\n<ul class=\" wall-content\">\n<li><a href=\"https:\/\/actu.fr\/hauts-de-france\/lille_59350\/biere-a-lille-souvre-ce-lundi-plus-de-50-evenements-et-nouvelles-brasseries-invitees-pour-cette-8e-edition_63446478.html\" rel=\"nofollow noopener\" target=\"_blank\"><b>Week-end festif autour de la bi\u00e8re \u00e0 Saint-So<\/b><\/a><\/li>\n<\/ul>\n<p class=\" wall-content\">Les 22 et 23 novembre, la gare Saint-Sauveur devient le centre n\u00e9vralgique de la culture bi\u00e8re avec le final de Bi\u00e8res \u00e0 Lille. Pr\u00e8s de 70 brasseries seront pr\u00e9sentes pour vous faire d\u00e9guster des bi\u00e8res de la m\u00e9tropole lilloise, de la R\u00e9gion, du reste de la France et d\u2019autres pays. Cette ann\u00e9e, l\u2019Espagne est \u00e0 l\u2019honneur avec six brasseries invit\u00e9es. Des foodtrucks de cuisine du Nord et d\u2019ailleurs seront pr\u00e9sents, e plus de d\u00e9monstrations de chefs, d\u2019un salon de tatouages \u00e9ph\u00e9m\u00e8re et d\u2019un grand karaok\u00e9 en live\u2026 La f\u00eate battra son plein entre 13h et 21h.<\/p>\n<ul class=\" wall-content\">\n<li><b><a href=\"https:\/\/actu.fr\/hauts-de-france\/lens_62498\/cinq-raisons-daller-decouvrir-gothiques-la-nouvelle-expo-inedite-et-fascinante-du-louvre-lens_63204910.html\" rel=\"nofollow noopener\" target=\"_blank\">\u00ab\u00a0Gameday au Louvre-Lens<\/a><\/b><\/li>\n<\/ul>\n<p class=\" wall-content\">Le <a href=\"https:\/\/actu.fr\/hauts-de-france\/lens_62498\/cinq-raisons-daller-decouvrir-gothiques-la-nouvelle-expo-inedite-et-fascinante-du-louvre-lens_63204910.html\" rel=\"nofollow noopener\" target=\"_blank\">mus\u00e9e de Lens<\/a> accueille ce samedi pour la premi\u00e8re fois une comp\u00e9tition mondiale de jeux vid\u00e9o sur Super Smash Bros. Des stars de l\u2019e-sport seront pr\u00e9sentes, et feront raisonner la culture geek avec les chefs-d\u2019oeuvre du mus\u00e9e\u2026 Des \u00e9v\u00e9nements animent la journ\u00e9e, l\u2019acc\u00e8s est libre.<\/p>\n<p class=\" wall-content\"><b>\u00a0<\/b><\/p>\n<ul class=\" wall-content\">\n<li><b><a href=\"https:\/\/actu.fr\/loisirs-culture\/nord-brocantes-en-salle-et-bourses-aux-jouets-ou-chiner-le-week-end-des-22-et-23-novembre_63455622.html\" rel=\"nofollow noopener\" target=\"_blank\">Brocantes en salle et bourses aux jouets : o\u00f9 chiner ce week-end dans le Nord ?<\/a><\/b><\/li>\n<\/ul>\n<p class=\" wall-content\">Le week-end des 22 et 23 novembre, de nombreuses bourses aux jouets, brocantes en salle et ventes diverses sont organis\u00e9es dans le Nord. On vous liste les \u00e9v\u00e9nements avec les infos pratiques.<\/p>\n<ul class=\" wall-content\">\n<li><b><a href=\"https:\/\/actu.fr\/loisirs-culture\/lille-englos-vimy-les-marches-de-noel-du-week-end-des-22-et-23-novembre-dans-le-nord-pas-de-calais_63448448.html\" rel=\"nofollow noopener\" target=\"_blank\">Lille, Englos, Vimy\u2026 Les march\u00e9s de No\u00ebl du week-end des 22 et 23 novembre dans le Nord \u2013 Pas-de-Calais<\/a><\/b><\/li>\n<\/ul>\n<p class=\" wall-content\">La saison des march\u00e9s de No\u00ebl s\u2019ouvre officiellement, le week-end des samedi\u00a022 et dimanche 23\u00a0novembre 2025. On vous liste ceux pr\u00e9vus, dans le Nord \u2013 Pas-de-Calais.<\/p>\n<ul class=\" wall-content\">\n<li><a href=\"https:\/\/www.facebook.com\/pekopekolille\/\" rel=\"nofollow noopener\" target=\"_blank\"><b>March\u00e9 de No\u00ebl japonais chez Peko Peko <\/b><\/a><\/li>\n<\/ul>\n<p class=\" wall-content\">Un bel \u00e9v\u00e9nement est pr\u00e9vu ce samedi \u00e0 Peko Peko, rue de l\u2019Eglise \u00e0 Capinghem, avec 11 exposants autour de l\u2019art de vivre japonais : artisanat, mode, accessoires, c\u00e9ramiques, calligraphie, illustration, gourmandises\u2026 Il sera ouvert de 11h \u00e0 18h30 !\u00a0<\/p>\n<p class=\" wall-content\">Personnalisez votre actualit\u00e9 en ajoutant vos villes et m\u00e9dias en favori avec <a href=\"https:\/\/moncompte.actu.fr\" title=\"D\u00e9couvez Mon Actu\" rel=\"nofollow noopener\" data-trk=\"{&quot;cta&quot;:{&quot;action&quot;:&quot;https:\\\/\\\/moncompte.actu.fr&quot;,&quot;category&quot;:&quot;mon compte&quot;,&quot;from&quot;:&quot;article footer&quot;,&quot;name&quot;:&quot;Mon actu&quot;,&quot;type&quot;:&quot;cta&quot;}}\" target=\"_blank\">Mon Actu<\/a>.<\/p>\n","protected":false},"excerpt":{"rendered":"Par Amandine Vachez Publi\u00e9 le 21 nov. 2025 \u00e0 16h42 Il n\u2019est pas toujours facile de faire son&hellip;\n","protected":false},"author":2,"featured_media":550056,"comment_status":"","ping_status":"","sticky":false,"template":"","format":"standard","meta":{"footnotes":""},"categories":[2815],"tags":[1111,11,677,1777,674,652,1011,27,811,1307,1652,12,25],"class_list":{"0":"post-550055","1":"post","2":"type-post","3":"status-publish","4":"format-standard","5":"has-post-thumbnail","7":"category-lille","8":"tag-actu","9":"tag-actualites","10":"tag-bons-plans","11":"tag-eu","12":"tag-europe","13":"tag-famille","14":"tag-fr","15":"tag-france","16":"tag-hauts-de-france","17":"tag-lille","18":"tag-loisirs-culture","19":"tag-news","20":"tag-republique-francaise"},"share_on_mastodon":{"url":"https:\/\/pubeurope.com\/@fr\/115590141337991856","error":""},"_links":{"self":[{"href":"https:\/\/www.europesays.com\/fr\/wp-json\/wp\/v2\/posts\/550055","targetHints":{"allow":["GET"]}}],"collection":[{"href":"https:\/\/www.europesays.com\/fr\/wp-json\/wp\/v2\/posts"}],"about":[{"href":"https:\/\/www.europesays.com\/fr\/wp-json\/wp\/v2\/types\/post"}],"author":[{"embeddable":true,"href":"https:\/\/www.europesays.com\/fr\/wp-json\/wp\/v2\/users\/2"}],"replies":[{"embeddable":true,"href":"https:\/\/www.europesays.com\/fr\/wp-json\/wp\/v2\/comments?post=550055"}],"version-history":[{"count":0,"href":"https:\/\/www.europesays.com\/fr\/wp-json\/wp\/v2\/posts\/550055\/revisions"}],"wp:featuredmedia":[{"embeddable":true,"href":"https:\/\/www.europesays.com\/fr\/wp-json\/wp\/v2\/media\/550056"}],"wp:attachment":[{"href":"https:\/\/www.europesays.com\/fr\/wp-json\/wp\/v2\/media?parent=550055"}],"wp:term":[{"taxonomy":"category","embeddable":true,"href":"https:\/\/www.europesays.com\/fr\/wp-json\/wp\/v2\/categories?post=550055"},{"taxonomy":"post_tag","embeddable":true,"href":"https:\/\/www.europesays.com\/fr\/wp-json\/wp\/v2\/tags?post=550055"}],"curies":[{"name":"wp","href":"https:\/\/api.w.org\/{rel}","templated":true}]}}