{"id":550057,"date":"2025-11-21T22:52:18","date_gmt":"2025-11-21T22:52:18","guid":{"rendered":"https:\/\/www.europesays.com\/fr\/550057\/"},"modified":"2025-11-21T22:52:18","modified_gmt":"2025-11-21T22:52:18","slug":"inauguration-du-centre-social-et-culturel-de-la-comerie-a-marseille","status":"publish","type":"post","link":"https:\/\/www.europesays.com\/fr\/550057\/","title":{"rendered":"Inauguration du centre social et culturel de La C\u00f4merie \u00e0 Marseille"},"content":{"rendered":"<p>Le 6e arrondissement de Marseille va f\u00eater l\u2019inauguration de La C\u00f4merie, dont la gestion a \u00e9t\u00e9 confi\u00e9e \u00e0 l\u2019association Yes We Camp associ\u00e9e \u00e0 Actoral, ce samedi 22\u00a0novembre. Au 174 rue Breteuil, l\u2019entr\u00e9e du lieu m\u00e8ne \u00e0 l\u2019ancien couvent, transform\u00e9 en centre culturel et social, <a href=\"https:\/\/www.laprovence.com\/article\/region\/33612593968940\/a-marseille-un-poumon-vert-dans-le-quartier-de-vauban\" target=\"_blank\" rel=\"noopener\">au c\u0153ur du parc des S\u0153urs Franciscaines<\/a>.<\/p>\n<p>Imagin\u00e9e comme un lieu vivant et collectif, La C\u00f4merie esp\u00e8re devenir \u00ab\u00a0un v\u00e9ritable carrefour de rencontres, d\u2019initiatives et de cr\u00e9ativit\u00e9 partag\u00e9e\u00a0\u00bb. Pour ce faire, d\u2019autres phases de travaux sont d\u00e9j\u00e0 pr\u00e9vues dans les ann\u00e9es \u00e0 venir. La maire des 6e et 8e arrondissements, <a href=\"https:\/\/www.laprovence.com\/article\/region\/1956410867603314\/marseille-confidentiels-quand-olivia-fortin-se-paie-le-vel-a-25-335-euros\" target=\"_blank\" rel=\"noopener\">Olivia Fortin<\/a> se f\u00e9licite de cette ouverture, et souhaite en faire \u00ab\u00a0un lieu de rencontre et d\u2019\u00e9changes pour tous les habitants du quartier\u00a0\u00bb.<\/p>\n<p>Une journ\u00e9e d\u2019ouverture rythm\u00e9e<\/p>\n<p>La journ\u00e9e d\u2019ouverture d\u00e9butera \u00e0 10h30 par une fanfare d\u00e9ambulatoire qui pr\u00e9c\u00e9dera les discours officiels pr\u00e9vus \u00e0 11h. Ensuite, la pause d\u00e9jeuner sera assur\u00e9e par le collectif 113. Apr\u00e8s manger, des ateliers de bouturage, de c\u00e9ramique et de cr\u00eapes seront propos\u00e9s. \u00c0 partir de 18h30, le collectif Afrovibe organisera des cours d\u2019Afrodance avant un concert \u00e9lectro du groupe Bakir et un DJ set assur\u00e9 par Rue2Rome.<\/p>\n<p>Tout au long de la journ\u00e9e, une fresque repr\u00e9sentant le parc et le couvent sera aussi r\u00e9alis\u00e9e en direct.<\/p>\n","protected":false},"excerpt":{"rendered":"Le 6e arrondissement de Marseille va f\u00eater l\u2019inauguration de La C\u00f4merie, dont la gestion a \u00e9t\u00e9 confi\u00e9e \u00e0&hellip;\n","protected":false},"author":2,"featured_media":550058,"comment_status":"","ping_status":"","sticky":false,"template":"","format":"standard","meta":{"footnotes":""},"categories":[2814],"tags":[17,1111,11,3335,66760,251,7019,1777,674,1011,27,7938,884,12,882,25,801],"class_list":{"0":"post-550057","1":"post","2":"type-post","3":"status-publish","4":"format-standard","5":"has-post-thumbnail","7":"category-marseille","8":"tag-17","9":"tag-actu","10":"tag-actualites","11":"tag-centre","12":"tag-comerie","13":"tag-culture","14":"tag-culturel","15":"tag-eu","16":"tag-europe","17":"tag-fr","18":"tag-france","19":"tag-inauguration","20":"tag-marseille","21":"tag-news","22":"tag-provence-alpes-cote-dazur","23":"tag-republique-francaise","24":"tag-social"},"share_on_mastodon":{"url":"https:\/\/pubeurope.com\/@fr\/115590145271348912","error":""},"_links":{"self":[{"href":"https:\/\/www.europesays.com\/fr\/wp-json\/wp\/v2\/posts\/550057","targetHints":{"allow":["GET"]}}],"collection":[{"href":"https:\/\/www.europesays.com\/fr\/wp-json\/wp\/v2\/posts"}],"about":[{"href":"https:\/\/www.europesays.com\/fr\/wp-json\/wp\/v2\/types\/post"}],"author":[{"embeddable":true,"href":"https:\/\/www.europesays.com\/fr\/wp-json\/wp\/v2\/users\/2"}],"replies":[{"embeddable":true,"href":"https:\/\/www.europesays.com\/fr\/wp-json\/wp\/v2\/comments?post=550057"}],"version-history":[{"count":0,"href":"https:\/\/www.europesays.com\/fr\/wp-json\/wp\/v2\/posts\/550057\/revisions"}],"wp:featuredmedia":[{"embeddable":true,"href":"https:\/\/www.europesays.com\/fr\/wp-json\/wp\/v2\/media\/550058"}],"wp:attachment":[{"href":"https:\/\/www.europesays.com\/fr\/wp-json\/wp\/v2\/media?parent=550057"}],"wp:term":[{"taxonomy":"category","embeddable":true,"href":"https:\/\/www.europesays.com\/fr\/wp-json\/wp\/v2\/categories?post=550057"},{"taxonomy":"post_tag","embeddable":true,"href":"https:\/\/www.europesays.com\/fr\/wp-json\/wp\/v2\/tags?post=550057"}],"curies":[{"name":"wp","href":"https:\/\/api.w.org\/{rel}","templated":true}]}}