{"id":550059,"date":"2025-11-21T22:53:15","date_gmt":"2025-11-21T22:53:15","guid":{"rendered":"https:\/\/www.europesays.com\/fr\/550059\/"},"modified":"2025-11-21T22:53:15","modified_gmt":"2025-11-21T22:53:15","slug":"ogc-nice-marseille-5-1-les-notes-des-aiglons","status":"publish","type":"post","link":"https:\/\/www.europesays.com\/fr\/550059\/","title":{"rendered":"OGC Nice-Marseille (5-1)\u00a0: les notes des Aiglons"},"content":{"rendered":"<p class=\"fs-5 \"><strong>Diouf (3)<\/strong>\u00a0: Sa claquette sur une t\u00eate de Pavard (11\u2019) laissait penser qu\u2019il pouvait sortir un grand match. Il a \u00e9t\u00e9 d\u00e9pass\u00e9 comme tous les autres. Fusill\u00e9 sur l\u2019ouverture du score puis malheureux sur le deuxi\u00e8me, son anticipation devant Paixao, presque au d\u00e9sespoir, \u00e9vite le 3-0 \u00e0 la pause. Une autre parade devant Aubameyang (68\u2019) laisse un score un tout petit peu moins amer en bouche.<\/p>\n<p>            <img src=\"https:\/\/www.europesays.com\/fr\/wp-content\/uploads\/2025\/11\/3a0d6cd_upload-1-g7o0sig8bjmw-dambin-1-fdgwgr.jpg\"   loading=\"lazy\" decoding=\"async\" alt=\"\" class=\"img-fluid position-absolute w-100 object-fit-cover rounded-2\" width=\"600\" height=\"400\"\/><\/p>\n<p class=\"fs-5 \"><strong>Mendy (3)<\/strong>\u00a0: Le natif de Marseille, form\u00e9 au Gym, disputait une rencontre particuli\u00e8re. On l\u2019a d\u2019abord vu tenter sa chance t\u00f4t dans la partie avant de commencer \u00e0 flancher. Moins agressif et concentr\u00e9 qu\u2019\u00e0 l\u2019accoutum\u00e9e, il a rendu des ballons de but aux Marseillais. Greenwood a d\u2019abord \u00e9chou\u00e9 (31\u2019), avant de le remercier de sa pi\u00e8tre relance axiale (33\u2019).<\/p>\n<p class=\"fs-5 \"><strong>Bah (2)<\/strong>\u00a0: Battu dans la profondeur d\u00e8s la premi\u00e8re action du match, il a constamment \u00e9t\u00e9 en difficult\u00e9 d\u00e8s lors qu\u2019il devait g\u00e9rer les transitions rapides de l\u2019OM. Symbole d\u2019un Gym \u00e9ventr\u00e9, le Sierra-L\u00e9onais et ses placements encore hasardeux, voire grossiers, ont pr\u00e9cipit\u00e9 la chute des siens. Il reste clou\u00e9 sur place face aux passements de jambes de Greenwood (54\u2019), puis d\u00e9s\u00e9quilibre totalement sa d\u00e9fense par son attitude sur le quatri\u00e8me. Et que dire du cinqui\u00e8me\u00a0? Un cauchemar.<\/p>\n<p class=\"fs-5 \"><strong>Oppong (3)<\/strong>\u00a0: Lui a \u00e9t\u00e9 un peu moins fautif, mais a eu sa part de responsabilit\u00e9 dans cette d\u00e9b\u00e2cle. Son duel a\u00e9rien perdu face \u00e0 Pavard ponctue l\u2019entame rat\u00e9e des Aiglons (11\u2019). Une fois derri\u00e8re au score, le Ghan\u00e9en a essay\u00e9 d\u2019insuffler plus d\u2019allant \u00e0 ses comp\u00e8res de la charni\u00e8re. Tr\u00e8s vite, la r\u00e9alit\u00e9 l\u2019a rattrap\u00e9 et il n\u2019a jamais pu combler les trous b\u00e9ants dans la d\u00e9fense. Remplac\u00e9 par ABDI (68\u2019).<\/p>\n<p class=\"fs-5 \"><strong>Clauss (3)\u00a0<\/strong>: Ses centres ont cherch\u00e9 Moffi sans parvenir \u00e0 le trouver. Pris dans son dos par Emerson, il est beaucoup mont\u00e9 mais a souffert dans ses replis d\u00e9fensifs. Du d\u00e9chet \u00e9galement dans l\u2019utilisation du ballon, lorsqu\u2019il a voulu allonger. Clairement pas \u00e0 la hauteur face \u00e0 son ancienne \u00e9quipe.<\/p>\n<p class=\"fs-5 \"><strong>Abdul Samed (3)<\/strong>\u00a0: Disponible d\u00e8s les premiers instants dans la construction du jeu, son rendement dans le domaine est all\u00e9 d\u00e9croissant au fil des minutes, jusqu\u2019\u00e0 devenir invisible\u00a0dispara\u00eetre. Un facteur est rest\u00e9 constant\u00a0: le manque d\u2019impact mis \u00e0 la r\u00e9cup\u00e9ration du ballon, victime collat\u00e9rale d\u2019un plan de jeu suicidaire. Remplac\u00e9 par SANSON (68\u2019)<\/p>\n<p class=\"fs-5 \"><strong>Vanhoutte (3)\u00a0<\/strong>: Le Belge a cherch\u00e9 \u00e0 \u00e9touffer les Marseillais, mais il a \u00e9t\u00e9 pris \u00e0 son propre jeu. En retard dans le duel ou simplement trop loin du porteur de balle, sa faible activit\u00e9 avec ballon n\u2019a pas pu \u00e9quilibrer la balance. Il a eu le m\u00e9rite de ne pas abdiquer.<\/p>\n<p>            <img src=\"https:\/\/www.europesays.com\/fr\/wp-content\/uploads\/2025\/11\/936ff6c_upload-1-lb1my3zfl3jx-botella-2.jpg\"   loading=\"lazy\" decoding=\"async\" alt=\"La Populaire Sud f\u00eatait ses 40\u00a0ans ce vendredi soir.\" class=\"img-fluid position-absolute w-100 object-fit-cover rounded-2\" width=\"600\" height=\"400\"\/><\/p>\n<p class=\"fs-5 \"><strong>Bard (3)<\/strong>\u00a0: Brassard de capitaine de nouveau autour du bras, le piston a laiss\u00e9 \u00e9chapper un Aubameyang plus malin que lui sur l\u2019ouverture du score phoc\u00e9enne. Du reste, on en retient de l\u2019envie, trop parfois. Souvent un temps en retard dans ses interventions, il a tent\u00e9 de se projeter et d\u2019apporter le danger, comme le voulait son coach.<\/p>\n<p class=\"fs-5 \"><strong>Cho (3)<\/strong>\u00a0: Un but de la t\u00eate, ce qui n\u2019est pas forc\u00e9ment son point fort. Hormis cela\u00a0? Rien, ou presque. Le ballon lui a br\u00fbl\u00e9 les pieds. Un comble qu\u2019il entretient f\u00e9rocement alors que sa capacit\u00e9 \u00e0 enflammer la pelouse est ind\u00e9niable. Il n\u2019a pas propos\u00e9 assez non plus sans la balle, que ce soit dans les pieds ou dans l\u2019espace.<\/p>\n<p class=\"fs-5 \"><strong>Moffi (2)<\/strong>\u00a0: Pr\u00e9f\u00e9r\u00e9 \u00e0 Kevin Carlos, le Nig\u00e9rian connaissait sa premi\u00e8re titularisation depuis un mois et demi, contre Monaco. Il s\u2019est rendu disponible, a sollicit\u00e9 De Lange par une aile de pigeon d\u2019instinct, mais a encore \u00e9norm\u00e9ment manqu\u00e9 de justesse dans ses contr\u00f4les et surtout dans ses conduites de balles. Ses duels perdus dans le temps additionnel de la premi\u00e8re mi-temps puis au retour des vestiaires sont symptomatiques d\u2019un buteur pas tueur. Remplac\u00e9 par BOGA (68\u2019)<\/p>\n<p class=\"fs-5 \"><strong>Diop (4)<\/strong>\u00a0: Sa technicit\u00e9 est si primordiale au Gym qu\u2019il s\u2019est forc\u00e9 \u00e0 venir toucher le ballon tr\u00e8s bas, parfois \u00e0 hauteur de ses d\u00e9fenseurs, pour organiser le jeu. Il rate la balle d\u2019\u00e9galisation \u00e0 1-1 mais d\u00e9livre un petit caviar sur la t\u00eate de Cho. Remplac\u00e9 par JANSSON (77\u2019).<\/p>\n<p class=\"fs-5 \"><strong>Le coach (3)<\/strong>\u00a0: Il voulait aller chercher haut, g\u00eaner au maximum l\u2019OM. Mais il s\u2019est heurt\u00e9 aux carences de son effectif en la mati\u00e8re.<\/p>\n<p class=\"fs-5 \"><strong>Le match\u00a0<\/strong>: 7<\/p>\n<p class=\"fs-5 \"><strong>L\u2019arbitre<\/strong>\u00a0: 7<\/p>\n","protected":false},"excerpt":{"rendered":"Diouf (3)\u00a0: Sa claquette sur une t\u00eate de Pavard (11\u2019) laissait penser qu\u2019il pouvait sortir un grand match.&hellip;\n","protected":false},"author":2,"featured_media":550060,"comment_status":"","ping_status":"","sticky":false,"template":"","format":"standard","meta":{"footnotes":""},"categories":[2814],"tags":[1111,11,1777,674,1011,27,884,12,54521,882,25],"class_list":{"0":"post-550059","1":"post","2":"type-post","3":"status-publish","4":"format-standard","5":"has-post-thumbnail","7":"category-marseille","8":"tag-actu","9":"tag-actualites","10":"tag-eu","11":"tag-europe","12":"tag-fr","13":"tag-france","14":"tag-marseille","15":"tag-news","16":"tag-ogcnice","17":"tag-provence-alpes-cote-dazur","18":"tag-republique-francaise"},"share_on_mastodon":{"url":"https:\/\/pubeurope.com\/@fr\/115590150155549056","error":""},"_links":{"self":[{"href":"https:\/\/www.europesays.com\/fr\/wp-json\/wp\/v2\/posts\/550059","targetHints":{"allow":["GET"]}}],"collection":[{"href":"https:\/\/www.europesays.com\/fr\/wp-json\/wp\/v2\/posts"}],"about":[{"href":"https:\/\/www.europesays.com\/fr\/wp-json\/wp\/v2\/types\/post"}],"author":[{"embeddable":true,"href":"https:\/\/www.europesays.com\/fr\/wp-json\/wp\/v2\/users\/2"}],"replies":[{"embeddable":true,"href":"https:\/\/www.europesays.com\/fr\/wp-json\/wp\/v2\/comments?post=550059"}],"version-history":[{"count":0,"href":"https:\/\/www.europesays.com\/fr\/wp-json\/wp\/v2\/posts\/550059\/revisions"}],"wp:featuredmedia":[{"embeddable":true,"href":"https:\/\/www.europesays.com\/fr\/wp-json\/wp\/v2\/media\/550060"}],"wp:attachment":[{"href":"https:\/\/www.europesays.com\/fr\/wp-json\/wp\/v2\/media?parent=550059"}],"wp:term":[{"taxonomy":"category","embeddable":true,"href":"https:\/\/www.europesays.com\/fr\/wp-json\/wp\/v2\/categories?post=550059"},{"taxonomy":"post_tag","embeddable":true,"href":"https:\/\/www.europesays.com\/fr\/wp-json\/wp\/v2\/tags?post=550059"}],"curies":[{"name":"wp","href":"https:\/\/api.w.org\/{rel}","templated":true}]}}