{"id":550061,"date":"2025-11-21T22:54:15","date_gmt":"2025-11-21T22:54:15","guid":{"rendered":"https:\/\/www.europesays.com\/fr\/550061\/"},"modified":"2025-11-21T22:54:15","modified_gmt":"2025-11-21T22:54:15","slug":"metropole-de-lyon-une-octogenaire-trainee-au-sol-par-un-voleur-de-sac-un-suspect-arrete","status":"publish","type":"post","link":"https:\/\/www.europesays.com\/fr\/550061\/","title":{"rendered":"M\u00e9tropole de Lyon. Une octog\u00e9naire tra\u00een\u00e9e au sol par un voleur de sac\u00a0: un suspect arr\u00eat\u00e9"},"content":{"rendered":"<p>Moins d\u2019une semaine apr\u00e8s les faits, un Villeurbannais soup\u00e7onn\u00e9 d\u2019un vol avec violences \u00e0 Meyzieu a \u00e9t\u00e9 interpell\u00e9 et pr\u00e9sent\u00e9 ce vendredi au parquet en vue d\u2019une comparution imm\u00e9diate.<\/p>\n<p>Le 12\u00a0novembre vers midi, une femme de 81 ans a \u00e9t\u00e9 violemment agress\u00e9e dans le quartier du Grand Large \u00e0 Meyzieu. Alors qu\u2019elle sortait de voiture pour ouvrir le portail de sa maison, un individu a tent\u00e9 de lui arracher son sac. Comme elle r\u00e9sistait, l\u2019homme l\u2019a projet\u00e9e au sol et l\u2019a tra\u00een\u00e9e sur plusieurs m\u00e8tres, jusqu\u2019\u00e0 ce qu\u2019elle finisse par l\u00e2cher son sac.<\/p>\n<p>Ce contenu est bloqu\u00e9 car vous n&rsquo;avez pas accept\u00e9 les cookies et autres traceurs.<\/p>\n<p>En cliquant sur \u00ab J\u2019accepte \u00bb, les cookies et autres traceurs seront d\u00e9pos\u00e9s et vous pourrez visualiser les contenus  (<a href=\"\" class=\"consentModule_policy\" target=\"_blank\" title=\"Consulter la politique de protection des donn\u00e9es du fournisseur\">plus d&rsquo;informations<\/a>).<\/p>\n<p>En cliquant sur \u00ab J\u2019accepte tous les cookies \u00bb, vous autorisez des d\u00e9p\u00f4ts de cookies et autres traceurs pour le stockage de vos donn\u00e9es sur nos sites et applications \u00e0 des fins de personnalisation et de ciblage publicitaire.<\/p>\n<p class=\"consentModule_secondaryText\">Vous gardez la possibilit\u00e9 de retirer votre consentement \u00e0 tout moment en consultant notre <a href=\"https:\/\/www.leprogres.fr\/protection-des-donnees\" target=\"_blank\" title=\"Consulter notre politique de protection des donn\u00e9es\" rel=\"noopener\">politique de protection des donn\u00e9es<\/a>. <br \/>&#13;<br \/>\n            <a href=\"https:\/\/www.leprogres.fr\/faits-divers-justice\/2025\/11\/21\/javascript:Didomi.notice.show()\" class=\"consentModule_cmp\" target=\"_blank\" rel=\"noopener\">G\u00e9rer mes choix<\/a>&#13;\n        <\/p>\n<p>&#13;<br \/>\n                        J&rsquo;accepte&#13;<br \/>\n            J&rsquo;accepte tous les cookies&#13;\n        <\/p>\n<p>Il a ensuite pris la fuite en voiture, tandis que la victime l\u00e9g\u00e8rement bless\u00e9e d\u00e9posait plante au commissariat. Les investigations ont permis d\u2019identifier rapidement un suspect, un Villeurbannais \u00e2g\u00e9 de 42 ans et tr\u00e8s d\u00e9favorablement connu.<\/p>\n<p>  Interpell\u00e9 \u00e0 Villeurbanne<\/p>\n<p>Introuvable pendant quelques jours, il a finalement \u00e9t\u00e9 interpell\u00e9 mercredi vers 19 heures lors d\u2019un contr\u00f4le rue du Roulet \u00e0 Villeurbanne. Il se trouvait \u00e0 bord de la m\u00eame voiture que celle vue sur les lieux de <a href=\"https:\/\/www.leprogres.fr\/faits-divers-justice\/2025\/11\/14\/la-victime-n-a-pas-ete-choisie-au-hasard-le-tribunal-lance-un-appel-a-la-personne-agee-qui-s-est-fait-arracher-son-collier-en-pleine-rue\" target=\"_blank\" rel=\"noopener\">l\u2019agression<\/a> , qu\u2019il conduisait d\u2019ailleurs sans permis ni assurance et apr\u00e8s avoir consomm\u00e9 du cannabis. Ce v\u00e9hicule a \u00e9t\u00e9 saisi en vue d\u2019une confiscation.<\/p>\n<p>Le Villeurbannais a ni\u00e9 les faits lors de sa garde \u00e0 vue.<\/p>\n","protected":false},"excerpt":{"rendered":"Moins d\u2019une semaine apr\u00e8s les faits, un Villeurbannais soup\u00e7onn\u00e9 d\u2019un vol avec violences \u00e0 Meyzieu a \u00e9t\u00e9 interpell\u00e9&hellip;\n","protected":false},"author":2,"featured_media":550062,"comment_status":"","ping_status":"","sticky":false,"template":"","format":"standard","meta":{"footnotes":""},"categories":[1889],"tags":[1111,11,2430,271,272,3152,1777,674,274,107,1011,27,2428,12497,12,18283,25,2429,6345],"class_list":{"0":"post-550061","1":"post","2":"type-post","3":"status-publish","4":"format-standard","5":"has-post-thumbnail","7":"category-lyon","8":"tag-actu","9":"tag-actualites","10":"tag-auvergne-rhone-alpes","11":"tag-crime","12":"tag-delit-et-contravention","13":"tag-edition-est-lyonnais","14":"tag-eu","15":"tag-europe","16":"tag-faits-divers-justice","17":"tag-fil-info","18":"tag-fr","19":"tag-france","20":"tag-lyon","21":"tag-meyzieu","22":"tag-news","23":"tag-plaine-de-lest","24":"tag-republique-francaise","25":"tag-rhone","26":"tag-villeurbanne"},"share_on_mastodon":{"url":"https:\/\/pubeurope.com\/@fr\/115590153240211802","error":""},"_links":{"self":[{"href":"https:\/\/www.europesays.com\/fr\/wp-json\/wp\/v2\/posts\/550061","targetHints":{"allow":["GET"]}}],"collection":[{"href":"https:\/\/www.europesays.com\/fr\/wp-json\/wp\/v2\/posts"}],"about":[{"href":"https:\/\/www.europesays.com\/fr\/wp-json\/wp\/v2\/types\/post"}],"author":[{"embeddable":true,"href":"https:\/\/www.europesays.com\/fr\/wp-json\/wp\/v2\/users\/2"}],"replies":[{"embeddable":true,"href":"https:\/\/www.europesays.com\/fr\/wp-json\/wp\/v2\/comments?post=550061"}],"version-history":[{"count":0,"href":"https:\/\/www.europesays.com\/fr\/wp-json\/wp\/v2\/posts\/550061\/revisions"}],"wp:featuredmedia":[{"embeddable":true,"href":"https:\/\/www.europesays.com\/fr\/wp-json\/wp\/v2\/media\/550062"}],"wp:attachment":[{"href":"https:\/\/www.europesays.com\/fr\/wp-json\/wp\/v2\/media?parent=550061"}],"wp:term":[{"taxonomy":"category","embeddable":true,"href":"https:\/\/www.europesays.com\/fr\/wp-json\/wp\/v2\/categories?post=550061"},{"taxonomy":"post_tag","embeddable":true,"href":"https:\/\/www.europesays.com\/fr\/wp-json\/wp\/v2\/tags?post=550061"}],"curies":[{"name":"wp","href":"https:\/\/api.w.org\/{rel}","templated":true}]}}