{"id":550063,"date":"2025-11-21T22:55:17","date_gmt":"2025-11-21T22:55:17","guid":{"rendered":"https:\/\/www.europesays.com\/fr\/550063\/"},"modified":"2025-11-21T22:55:17","modified_gmt":"2025-11-21T22:55:17","slug":"apres-la-ville-le-clan-aulas-sattaque-a-la-metropole","status":"publish","type":"post","link":"https:\/\/www.europesays.com\/fr\/550063\/","title":{"rendered":"apr\u00e8s la Ville, le clan Aulas s\u2019attaque \u00e0 la M\u00e9tropole"},"content":{"rendered":"<p>Le\u00a013\u00a0novembre, 30 maires de droite et du centre de la M\u00e9tropole appelaient le candidat \u00e0 la mairie de Lyon <a href=\"https:\/\/www.leprogres.fr\/p\/jean-michel-aulas\" target=\"_blank\" rel=\"noopener\">Jean-Michel Aulas<\/a> \u00e0 soutenir V\u00e9ronique Sarselli, maire de Sainte-Foy-l\u00e8s-Lyon et cheffe de file Les R\u00e9publicains pour les \u00e9lections m\u00e9tropolitaines.<\/p>\n<p>\u00ab\u00a0Je suis maire et je n\u2019ai jamais \u00e9t\u00e9 appel\u00e9. En termes de volont\u00e9 de rassemblement, \u00e7a se pose l\u00e0\u00a0\u00bb, ironise <a href=\"https:\/\/www.leprogres.fr\/p\/alexandre-vincendet\" target=\"_blank\" rel=\"noopener\">Alexandre Vincendet<\/a>, maire de Rillieux-la-Pape, interrog\u00e9 par Le Progr\u00e8s ce vendredi.\u00a0Le chef de file d\u2019Horizons pour les M\u00e9tropolitaines a annonc\u00e9 chez nos confr\u00e8res de <a href=\"https:\/\/www.bfmtv.com\/lyon\/info-bfm-lyon-le-maire-de-rillieux-la-pape-alexandre-vincendet-annonce-soutenir-jean-michel-aulas-pour-les-municipales_AN-202511200773.html\" target=\"_blank\" rel=\"noopener\">BFM Lyon<\/a> \u00a0jeudi, qu\u2019il soutenait Jean-Michel Aulas.<\/p>\n<p>\u00ab\u00a0Le rassemblement, \u00e7a ne se d\u00e9cr\u00e8te pas\u00a0\u00bb<\/p>\n<p>\u00ab\u00a0Le seul capable de cr\u00e9er une v\u00e9ritable dynamique sur le territoire s\u2019appelle Jean-Michel Aulas\u00a0\u00bb, explique Alexandre Vincendet. Il discute \u00ab\u00a0depuis des mois\u00a0\u00bb avec lui d\u2019abord sur les circonscriptions lyonnaises. \u00ab\u00a0Forc\u00e9ment ensuite, il y a eu des discussions sur la vision de la M\u00e9tropole, sur comment on peut travailler ensemble entre Lyon et les communes de&#8230;<\/p>\n","protected":false},"excerpt":{"rendered":"Le\u00a013\u00a0novembre, 30 maires de droite et du centre de la M\u00e9tropole appelaient le candidat \u00e0 la mairie de&hellip;\n","protected":false},"author":2,"featured_media":550064,"comment_status":"","ping_status":"","sticky":false,"template":"","format":"standard","meta":{"footnotes":""},"categories":[1889],"tags":[1111,11,2430,2757,36284,1777,674,1011,27,3540,6319,2428,2756,12,316,25,2429],"class_list":{"0":"post-550063","1":"post","2":"type-post","3":"status-publish","4":"format-standard","5":"has-post-thumbnail","7":"category-lyon","8":"tag-actu","9":"tag-actualites","10":"tag-auvergne-rhone-alpes","11":"tag-edition-lyon-villeurbanne","12":"tag-elections-metropolitaines","13":"tag-eu","14":"tag-europe","15":"tag-fr","16":"tag-france","17":"tag-horizons","18":"tag-les-republicains","19":"tag-lyon","20":"tag-lyon-bassin","21":"tag-news","22":"tag-politique","23":"tag-republique-francaise","24":"tag-rhone"},"share_on_mastodon":{"url":"https:\/\/pubeurope.com\/@fr\/115590156944779693","error":""},"_links":{"self":[{"href":"https:\/\/www.europesays.com\/fr\/wp-json\/wp\/v2\/posts\/550063","targetHints":{"allow":["GET"]}}],"collection":[{"href":"https:\/\/www.europesays.com\/fr\/wp-json\/wp\/v2\/posts"}],"about":[{"href":"https:\/\/www.europesays.com\/fr\/wp-json\/wp\/v2\/types\/post"}],"author":[{"embeddable":true,"href":"https:\/\/www.europesays.com\/fr\/wp-json\/wp\/v2\/users\/2"}],"replies":[{"embeddable":true,"href":"https:\/\/www.europesays.com\/fr\/wp-json\/wp\/v2\/comments?post=550063"}],"version-history":[{"count":0,"href":"https:\/\/www.europesays.com\/fr\/wp-json\/wp\/v2\/posts\/550063\/revisions"}],"wp:featuredmedia":[{"embeddable":true,"href":"https:\/\/www.europesays.com\/fr\/wp-json\/wp\/v2\/media\/550064"}],"wp:attachment":[{"href":"https:\/\/www.europesays.com\/fr\/wp-json\/wp\/v2\/media?parent=550063"}],"wp:term":[{"taxonomy":"category","embeddable":true,"href":"https:\/\/www.europesays.com\/fr\/wp-json\/wp\/v2\/categories?post=550063"},{"taxonomy":"post_tag","embeddable":true,"href":"https:\/\/www.europesays.com\/fr\/wp-json\/wp\/v2\/tags?post=550063"}],"curies":[{"name":"wp","href":"https:\/\/api.w.org\/{rel}","templated":true}]}}