{"id":550069,"date":"2025-11-21T22:59:14","date_gmt":"2025-11-21T22:59:14","guid":{"rendered":"https:\/\/www.europesays.com\/fr\/550069\/"},"modified":"2025-11-21T22:59:14","modified_gmt":"2025-11-21T22:59:14","slug":"on-na-jamais-eu-autant-de-problemes-sophia-chikirou-affirme-quil-ne-faut-pas-quun-socialiste-soit-maire-de-paris","status":"publish","type":"post","link":"https:\/\/www.europesays.com\/fr\/550069\/","title":{"rendered":"On n&rsquo;a jamais eu autant de probl\u00e8mes\u00a0\u00bb: Sophia Chikirou affirme qu'\u00a0\u00bbil ne faut pas qu&rsquo;un socialiste soit maire de Paris"},"content":{"rendered":"<p class=\"mb-4 text-lg md:leading-8 break-words\">\u00ab\u00a0Il ne faut pas qu&rsquo;un socialiste soit maire de Paris\u00a0\u00bb, a estim\u00e9 dans une interview publi\u00e9e vendredi 21 novmebre au soir par <a href=\"https:\/\/www.leparisien.fr\/elections\/municipales\/sophia-chikirou-candidate-lfi-aux-municipales-2026-il-ne-faut-pas-quun-socialiste-soit-maire-de-paris-21-11-2025-GSXLBJPABBHHBIQ6H3ECZ6SK4M.php\" rel=\"nofollow noopener\" target=\"_blank\" data-ylk=\"slk:Le Parisien;elm:context_link;itc:0;sec:content-canvas\" class=\"link \">Le Parisien<\/a> la d\u00e9put\u00e9e insoumise <a href=\"https:\/\/fr.news.yahoo.com\/sophie-chikirou-ne-consid%C3%A8re-chine-101246902.html\" data-ylk=\"slk:Sophia Chikirou;elm:context_link;itc:0;sec:content-canvas;outcm:mb_qualified_link;_E:mb_qualified_link;ct:story;\" class=\"link  yahoo-link\" target=\"_blank\" rel=\"noopener\">Sophia Chikirou<\/a>, qui s&rsquo;est lanc\u00e9e la semaine derni\u00e8re dans la course pour devenir la prochaine \u00e9dile de la capitale.<\/p>\n<p class=\"mb-4 text-lg md:leading-8 break-words\">\u00ab\u00a0Avec La France insoumise, je veux faire entrer Paris dans la modernit\u00e9. J&rsquo;appelle les \u00e9lecteurs \u00e0 me porter \u00e0 la t\u00eate de la gauche pour un vrai renouvellement\u00a0\u00bb, a poursuivi la d\u00e9put\u00e9e et conseill\u00e8re r\u00e9gionale de 46 ans, estimant notamment que ses rivaux socialistes sont \u00ab\u00a0us\u00e9s\u00a0\u00bb.<\/p>\n<p class=\"mb-4 text-lg md:leading-8 break-words\">\u00c0 quatre mois des \u00e9lections municipales de mars 2026, Sophie Chikirou \u00e9gratigne la majorit\u00e9 sortante: \u00ab\u00a0On n&rsquo;a jamais eu autant de probl\u00e8mes, de besoins insatisfaits et ils osent dire: &lsquo;Notre bilan est bon, continuons comme avant, allons plus loin, plus longtemps&#8230;'\u00a0\u00bb.<\/p>\n<p>\u00ab\u00a0Ils sont divis\u00e9s et n&rsquo;arrivent pas \u00e0 se mettre d&rsquo;accord\u00a0\u00bb<\/p>\n<p class=\"mb-4 text-lg md:leading-8 break-words\">\u00ab\u00a0Il ne faut pas qu&rsquo;un socialiste soit maire de Paris\u00a0\u00bb, a-t-elle insist\u00e9: \u00ab\u00a0Ils sont divis\u00e9s et n&rsquo;arrivent pas \u00e0 se mettre d&rsquo;accord alors m\u00eame qu&rsquo;ils revendiquent tous le bilan d&rsquo;Anne Hidalgo\u00a0\u00bb.<\/p>\n<p class=\"mb-4 text-lg md:leading-8 break-words\"><a href=\"https:\/\/fr.news.yahoo.com\/municipales-2026-%C3%A0-paris-linsoumise-090319011.html\" data-ylk=\"slk:En annon\u00e7ant la semaine derni\u00e8re \u00e0 l&#039;AFP qu&#039;elle se portait candidate \u00e0 la mairie de Paris;elm:context_link;itc:0;sec:content-canvas;outcm:mb_qualified_link;_E:mb_qualified_link;ct:story;\" class=\"link  yahoo-link\" target=\"_blank\" rel=\"noopener\">En annon\u00e7ant la semaine derni\u00e8re \u00e0 l&rsquo;AFP qu&rsquo;elle se portait candidate \u00e0 la mairie de Paris<\/a>, Sophia Chikirou avait d\u00e9j\u00e0 affirm\u00e9 qu&rsquo;elle ne s&rsquo;allierait pas aux socialistes pour battre la candidate des LR Rachida Dati.<\/p>\n<p class=\"mb-4 text-lg md:leading-8 break-words\">\u00ab\u00a0Force est de constater qu&rsquo;aujourd&rsquo;hui les Parisiens ne vivent pas mieux apr\u00e8s 25 ans de gestion de la majorit\u00e9 sortante\u00a0\u00bb, men\u00e9e depuis 2014 par la socialiste Anne Hidalgo, \u00ab\u00a0priv\u00e9e de sensibilit\u00e9 populaire\u00a0\u00bb, avait d\u00e9clar\u00e9 Sophia Chikirou, investie par le mouvement de Jean-Luc M\u00e9lenchon.<\/p>\n<p class=\"mb-4 text-lg md:leading-8 break-words\"><a href=\"https:\/\/www.bfmtv.com\/politique\/elections\/municipales\/on-n-a-jamais-eu-autant-de-problemes-sophia-chikirou-affirme-qu-il-ne-faut-pas-qu-un-socialiste-soit-maire-de-paris_AD-202511210957.html#xtor=AL-68\" rel=\"nofollow noopener\" target=\"_blank\" data-ylk=\"slk:Article original publi\u00e9 sur BFMTV.com;elm:context_link;itc:0;sec:content-canvas\" class=\"link \">Article original publi\u00e9 sur BFMTV.com<\/a><\/p>\n","protected":false},"excerpt":{"rendered":"\u00ab\u00a0Il ne faut pas qu&rsquo;un socialiste soit maire de Paris\u00a0\u00bb, a estim\u00e9 dans une interview publi\u00e9e vendredi 21&hellip;\n","protected":false},"author":2,"featured_media":550070,"comment_status":"","ping_status":"","sticky":false,"template":"","format":"standard","meta":{"footnotes":""},"categories":[1888],"tags":[1111,1928,11,1927,1777,674,1011,27,12258,12,1926,626,1925,25,13696,18834,66761],"class_list":{"0":"post-550069","1":"post","2":"type-post","3":"status-publish","4":"format-standard","5":"has-post-thumbnail","7":"category-paris","8":"tag-actu","9":"tag-actu-paris","10":"tag-actualites","11":"tag-actualites-paris","12":"tag-eu","13":"tag-europe","14":"tag-fr","15":"tag-france","16":"tag-maire-de-paris","17":"tag-news","18":"tag-news-paris","19":"tag-paris","20":"tag-paris-news","21":"tag-republique-francaise","22":"tag-socialiste","23":"tag-sophia-chikirou","24":"tag-sophie-chikirou"},"share_on_mastodon":{"url":"https:\/\/pubeurope.com\/@fr\/115590172748564597","error":""},"_links":{"self":[{"href":"https:\/\/www.europesays.com\/fr\/wp-json\/wp\/v2\/posts\/550069","targetHints":{"allow":["GET"]}}],"collection":[{"href":"https:\/\/www.europesays.com\/fr\/wp-json\/wp\/v2\/posts"}],"about":[{"href":"https:\/\/www.europesays.com\/fr\/wp-json\/wp\/v2\/types\/post"}],"author":[{"embeddable":true,"href":"https:\/\/www.europesays.com\/fr\/wp-json\/wp\/v2\/users\/2"}],"replies":[{"embeddable":true,"href":"https:\/\/www.europesays.com\/fr\/wp-json\/wp\/v2\/comments?post=550069"}],"version-history":[{"count":0,"href":"https:\/\/www.europesays.com\/fr\/wp-json\/wp\/v2\/posts\/550069\/revisions"}],"wp:featuredmedia":[{"embeddable":true,"href":"https:\/\/www.europesays.com\/fr\/wp-json\/wp\/v2\/media\/550070"}],"wp:attachment":[{"href":"https:\/\/www.europesays.com\/fr\/wp-json\/wp\/v2\/media?parent=550069"}],"wp:term":[{"taxonomy":"category","embeddable":true,"href":"https:\/\/www.europesays.com\/fr\/wp-json\/wp\/v2\/categories?post=550069"},{"taxonomy":"post_tag","embeddable":true,"href":"https:\/\/www.europesays.com\/fr\/wp-json\/wp\/v2\/tags?post=550069"}],"curies":[{"name":"wp","href":"https:\/\/api.w.org\/{rel}","templated":true}]}}