{"id":550073,"date":"2025-11-21T23:01:16","date_gmt":"2025-11-21T23:01:16","guid":{"rendered":"https:\/\/www.europesays.com\/fr\/550073\/"},"modified":"2025-11-21T23:01:16","modified_gmt":"2025-11-21T23:01:16","slug":"paris-rechute-face-a-evan-fournier","status":"publish","type":"post","link":"https:\/\/www.europesays.com\/fr\/550073\/","title":{"rendered":"Paris rechute face \u00e0 Evan Fournier"},"content":{"rendered":"<p><strong>En d\u00e9placement sur le parquet de<br \/>\nl&rsquo;Olympiakos d&rsquo;Evan Fournier, vendredi soir lors de la 12e journ\u00e9e<br \/>\nd&rsquo;Euroligue, Paris a rechut\u00e9 (98-86) une semaine apr\u00e8s avoir mis<br \/>\nfin contre Valence \u00e0 domicile \u00e0 une s\u00e9rie de quatre d\u00e9faites.<br \/>\nL&rsquo;absence de Nadir Hifi a \u00e9t\u00e9 de trop pour ces Parisiens pourtant<br \/>\nport\u00e9s par un \u00e9norme Justin Robinson (35 points).<\/strong><\/p>\n<p>Priv\u00e9 de Nadir Hifi, Paris rechute. Huit jours apr\u00e8s avoir enfin<br \/>\nrenou\u00e9 avec la victoire, \u00e0 domicile contre Valence alors que les<br \/>\nParisiens venaient d\u2019enregistrer quatre d\u00e9faites de rang dans la<br \/>\ncomp\u00e9tition, les champions de France sont retomb\u00e9s dans leurs<br \/>\ntravers et subi un nouveau revers \u2013 leur 7e depuis le d\u00e9but de la<br \/>\nsaison \u2013 vendredi soir sur le parquet de l\u2019Olympiakos (98-86) pour<br \/>\nle compte de la 12e journ\u00e9e d\u2019Euroligue.<\/p>\n<p>Hifi absent, Justin Robinson a pris le relais de l\u2019habituelle<br \/>\ng\u00e2chette de l\u2019\u00e9quipe et surtout meilleur marqueur de l\u2019Euroligue.<br \/>\nL\u2019Am\u00e9ricain, auteur de 35 points (dont 7 sur 10 \u00e0 trois points), a<br \/>\nrendu une copie vertigineuse face au 4e du classement et \u00e0 un Evan<br \/>\nFournier (18 points) qui a grandement contribu\u00e9 \u00e0 cette nouvelle<br \/>\nvictoire des siens, de retour sur le podium apr\u00e8s ce succ\u00e8s face \u00e0<br \/>\nParis. Les joueurs de la capitale avaient mieux d\u00e9marr\u00e9 le match<br \/>\n(29-21 apr\u00e8s le premier quart-temps).<\/p>\n<p><strong>Fournier et les Grecs<br \/>\nimpitoyables jusqu\u2019au bout<\/strong><\/p>\n<p>A la pause, c\u2019est pourtant l\u2019Olympiakos et l\u2019ancien\u2026 Parisien<br \/>\nTyson Ward, auteur de 12 points, 5 rebonds et 4 passes, qui avaient<br \/>\nregagn\u00e9 les vestiaires avec 9 points d\u2019avance (58-39). A la<br \/>\nreprise, gr\u00e2ce en premier lieu \u00e0 un Robinson toujours aussi<br \/>\nmonstrueux, Paris a retrouv\u00e9 des couleurs.<\/p>\n<p>Au d\u00e9but du dernier quart-temps, Jeremy Morgan (13 points) et<br \/>\nses co\u00e9quipiers sont m\u00eame revenus un temps \u00e0 deux points apr\u00e8s deux<br \/>\nnouveaux points de Robinson, puis plus tard \u00e0 trois longueurs sur<br \/>\nun nouveau panier lointain de ce m\u00eame Robinson, d\u00e9cid\u00e9ment<br \/>\nstratosph\u00e9rique. C\u2019est n\u00e9anmoins toujours l\u2019Olympiakos, rarement<br \/>\nmen\u00e9 dans cette partie, qui faisait la course en t\u00eate.<\/p>\n<p>Gr\u00e2ce \u00e0 deux lancers francs de Thomas Walkup et \u00e0 un shoot<br \/>\nderri\u00e8re la ligne de Fournier, le finaliste de 2023 s\u2019est m\u00eame<br \/>\ndonn\u00e9 pr\u00e8s de de dix points d\u2019avance. Dans la foul\u00e9e, un nouveau<br \/>\npanier du capitaine des Bleus a rel\u00e9gu\u00e9 Paris \u00e0 treize longueurs.<br \/>\nIl n\u2019y avait alors plus vraiment de match, et les efforts en fin de<br \/>\nmatch de Yakuba Ouattara n\u2019y ont rien fait, Vezenkov puis Walkup<br \/>\nfaisant d\u00e9finitivement boire la tasse aux joueurs de Francesco<br \/>\nTabellini, pour qui l\u2019absence d\u2019Hifi \u00e9tait assur\u00e9ment de trop.<br \/>\nParis recule \u00e0 la 13e place.<\/p>\n","protected":false},"excerpt":{"rendered":"En d\u00e9placement sur le parquet de l&rsquo;Olympiakos d&rsquo;Evan Fournier, vendredi soir lors de la 12e journ\u00e9e d&rsquo;Euroligue, Paris&hellip;\n","protected":false},"author":2,"featured_media":550074,"comment_status":"","ping_status":"","sticky":false,"template":"","format":"standard","meta":{"footnotes":""},"categories":[1888],"tags":[11,1777,674,1011,27,12,626,25,57681],"class_list":{"0":"post-550073","1":"post","2":"type-post","3":"status-publish","4":"format-standard","5":"has-post-thumbnail","7":"category-paris","8":"tag-actualites","9":"tag-eu","10":"tag-europe","11":"tag-fr","12":"tag-france","13":"tag-news","14":"tag-paris","15":"tag-republique-francaise","16":"tag-sport365-fr"},"share_on_mastodon":{"url":"https:\/\/pubeurope.com\/@fr\/115590180680266548","error":""},"_links":{"self":[{"href":"https:\/\/www.europesays.com\/fr\/wp-json\/wp\/v2\/posts\/550073","targetHints":{"allow":["GET"]}}],"collection":[{"href":"https:\/\/www.europesays.com\/fr\/wp-json\/wp\/v2\/posts"}],"about":[{"href":"https:\/\/www.europesays.com\/fr\/wp-json\/wp\/v2\/types\/post"}],"author":[{"embeddable":true,"href":"https:\/\/www.europesays.com\/fr\/wp-json\/wp\/v2\/users\/2"}],"replies":[{"embeddable":true,"href":"https:\/\/www.europesays.com\/fr\/wp-json\/wp\/v2\/comments?post=550073"}],"version-history":[{"count":0,"href":"https:\/\/www.europesays.com\/fr\/wp-json\/wp\/v2\/posts\/550073\/revisions"}],"wp:featuredmedia":[{"embeddable":true,"href":"https:\/\/www.europesays.com\/fr\/wp-json\/wp\/v2\/media\/550074"}],"wp:attachment":[{"href":"https:\/\/www.europesays.com\/fr\/wp-json\/wp\/v2\/media?parent=550073"}],"wp:term":[{"taxonomy":"category","embeddable":true,"href":"https:\/\/www.europesays.com\/fr\/wp-json\/wp\/v2\/categories?post=550073"},{"taxonomy":"post_tag","embeddable":true,"href":"https:\/\/www.europesays.com\/fr\/wp-json\/wp\/v2\/tags?post=550073"}],"curies":[{"name":"wp","href":"https:\/\/api.w.org\/{rel}","templated":true}]}}