{"id":550075,"date":"2025-11-21T23:02:15","date_gmt":"2025-11-21T23:02:15","guid":{"rendered":"https:\/\/www.europesays.com\/fr\/550075\/"},"modified":"2025-11-21T23:02:15","modified_gmt":"2025-11-21T23:02:15","slug":"donald-trump-presse-zelensky-daccepter-son-plan-pour-lukraine-rapidement","status":"publish","type":"post","link":"https:\/\/www.europesays.com\/fr\/550075\/","title":{"rendered":"Donald Trump presse Zelensky d&rsquo;accepter son plan pour l&rsquo;Ukraine rapidement"},"content":{"rendered":"<p class=\"sc-7c8a2665-13 eBhjlJ\">Donald Trump a fait nettement pression vendredi pour que l\u2019Ukraine souscrive \u00e0 son projet de r\u00e8glement du conflit avec la Russie, si possible sous une semaine.<\/p>\n<p class=\"sc-7c8a2665-13 eBhjlJ\">\u00abIl faudra bien que cela lui plaise, et si cela ne lui pla\u00eet pas, alors, vous savez, ils n\u2019auront qu\u2019\u00e0 continuer \u00e0 se battre\u00bb, a dit le pr\u00e9sident am\u00e9ricain, interrog\u00e9 sur le rejet de son projet par le pr\u00e9sident ukrainien Volodymyr Zelensky.<\/p>\n<p class=\"sc-7c8a2665-13 eBhjlJ\">Pendant un \u00e9change avec la presse dans le Bureau ovale, alors qu\u2019il recevait le futur maire de New York Zohran Mamdani, Donald Trump a aussi rappel\u00e9 comment il avait tr\u00e8s s\u00e8chement lanc\u00e9 \u00e0 son homologue ukrainien qu\u2019il n\u2019avait \u00abpas les cartes en main\u00bb, pendant une rencontre en f\u00e9vrier.<\/p>\n<p><img loading=\"lazy\" decoding=\"async\" src=\"https:\/\/www.europesays.com\/fr\/wp-content\/uploads\/2025\/11\/1f26b488-4d58-4cd6-bded-4d015f2a041c.jpg\" alt=\"Donald Trump, le 21 novembre.\" title=\"Donald Trump, le 21 novembre.\"  width=\"1200\" height=\"843\"\/>Donald Trump, le 21 novembre.Getty Images via AFP<\/p>\n<p class=\"sc-7c8a2665-13 eBhjlJ\">Le r\u00e9publicain de 79 ans, contrari\u00e9 de n\u2019avoir pas r\u00e9ussi jusqu\u2019ici \u00e0 mettre fin \u00e0 la guerre d\u00e9clench\u00e9e en f\u00e9vrier 2022 par l\u2019invasion de l\u2019Ukraine par la Russie, veut maintenant acc\u00e9l\u00e9rer.<\/p>\n<p class=\"sc-7c8a2665-13 eBhjlJ\">\u00abJ\u2019ai eu beaucoup de dates butoirs et quand les choses vont bien, la tendance est de repousser les dates butoirs. Mais jeudi est, nous pensons, un moment ad\u00e9quat\u00bb, a-t-il dit sur Fox News Radio, interrog\u00e9 sur le d\u00e9lai qu\u2019il donnait \u00e0 l\u2019Ukraine pour accepter.<\/p>\n<p class=\"sc-7c8a2665-13 eBhjlJ\">Le jeudi 27 novembre est la date de la traditionnelle f\u00eate de Thanksgiving, l\u2019une des plus importantes de l\u2019ann\u00e9e pour les familles am\u00e9ricaines.<\/p>\n","protected":false},"excerpt":{"rendered":"Donald Trump a fait nettement pression vendredi pour que l\u2019Ukraine souscrive \u00e0 son projet de r\u00e8glement du conflit&hellip;\n","protected":false},"author":2,"featured_media":550076,"comment_status":"","ping_status":"","sticky":false,"template":"","format":"standard","meta":{"footnotes":""},"categories":[1591],"tags":[11,1887,12,1885,1886,132],"class_list":{"0":"post-550075","1":"post","2":"type-post","3":"status-publish","4":"format-standard","5":"has-post-thumbnail","7":"category-russie","8":"tag-actualites","9":"tag-federation-de-russie","10":"tag-news","11":"tag-russia","12":"tag-russian-federation","13":"tag-russie"},"share_on_mastodon":{"url":"https:\/\/pubeurope.com\/@fr\/115590185493916336","error":""},"_links":{"self":[{"href":"https:\/\/www.europesays.com\/fr\/wp-json\/wp\/v2\/posts\/550075","targetHints":{"allow":["GET"]}}],"collection":[{"href":"https:\/\/www.europesays.com\/fr\/wp-json\/wp\/v2\/posts"}],"about":[{"href":"https:\/\/www.europesays.com\/fr\/wp-json\/wp\/v2\/types\/post"}],"author":[{"embeddable":true,"href":"https:\/\/www.europesays.com\/fr\/wp-json\/wp\/v2\/users\/2"}],"replies":[{"embeddable":true,"href":"https:\/\/www.europesays.com\/fr\/wp-json\/wp\/v2\/comments?post=550075"}],"version-history":[{"count":0,"href":"https:\/\/www.europesays.com\/fr\/wp-json\/wp\/v2\/posts\/550075\/revisions"}],"wp:featuredmedia":[{"embeddable":true,"href":"https:\/\/www.europesays.com\/fr\/wp-json\/wp\/v2\/media\/550076"}],"wp:attachment":[{"href":"https:\/\/www.europesays.com\/fr\/wp-json\/wp\/v2\/media?parent=550075"}],"wp:term":[{"taxonomy":"category","embeddable":true,"href":"https:\/\/www.europesays.com\/fr\/wp-json\/wp\/v2\/categories?post=550075"},{"taxonomy":"post_tag","embeddable":true,"href":"https:\/\/www.europesays.com\/fr\/wp-json\/wp\/v2\/tags?post=550075"}],"curies":[{"name":"wp","href":"https:\/\/api.w.org\/{rel}","templated":true}]}}