{"id":550077,"date":"2025-11-21T23:03:15","date_gmt":"2025-11-21T23:03:15","guid":{"rendered":"https:\/\/www.europesays.com\/fr\/550077\/"},"modified":"2025-11-21T23:03:15","modified_gmt":"2025-11-21T23:03:15","slug":"ukraine-priver-des-civils-de-leur-dignite-est-un-outrage-a-dieu","status":"publish","type":"post","link":"https:\/\/www.europesays.com\/fr\/550077\/","title":{"rendered":"Ukraine: priver des civils de leur dignit\u00e9 est un \u00aboutrage \u00e0 Dieu\u00bb"},"content":{"rendered":"<p>Le Secr\u00e9taire d&rsquo;\u00c9tat du Saint-Si\u00e8ge a c\u00e9l\u00e9br\u00e9 ce jeudi 20 novembre la messe en suffrage des victimes de l&rsquo;Holodomor en l\u2019\u00e9glise de Sant&rsquo;Andrea della Valle. Dans son hom\u00e9lie, il a condamn\u00e9 \u00abtout acte qui prive la population civile de la possibilit\u00e9 de vivre dans la dignit\u00e9\u00bb, y voyant \u00abune offense \u00e0 l&rsquo;humanit\u00e9\u00bb. En marge de la c\u00e9l\u00e9bration, le cardinal Parolin a exprim\u00e9 l&rsquo;espoir que le plan de paix propos\u00e9 par Trump puisse ouvrir \u00abdes voies de dialogue permettant de mettre fin \u00e0 la trag\u00e9die\u00bb.<\/p>\n<p><b>Vatican News<\/b><\/p>\n<p>En Ukraine, \u00abrien ne justifie de contraindre des milliers de civils \u00e0 vivre dans l&rsquo;obscurit\u00e9 et le froid. Nous sommes profond\u00e9ment touch\u00e9s par les informations faisant \u00e9tat d&rsquo;attaques contre des installations \u00e9lectriques et des structures civiles qui ont rendu la vie de tr\u00e8s nombreuses personnes encore plus difficile\u00bb, a d\u00e9clar\u00e9 ce jeudi 20 novembre le Secr\u00e9taire d&rsquo;\u00c9tat du Saint-Si\u00e8ge, lors de la messe en suffrage des pr\u00e8s de 5 millions de victimes de l&rsquo;Holodomor, ces famines organis\u00e9es par le r\u00e9gime sovi\u00e9tique de Staline entre 1932 et 1933.<\/p>\n<p>Plus de 50 ambassadeurs, sur les quelque 80 missions bas\u00e9es \u00e0 Rome, \u00e9taient pr\u00e9sents pour la c\u00e9l\u00e9bration. L\u2019actualit\u00e9 s\u2019est invit\u00e9e en l&rsquo;\u00e9glise Sant&rsquo;Andrea della Valle.<\/p>\n<p>Face aux diplomates, le cardinal Parolin a soulign\u00e9 que \u00abtout geste qui prive la population civile de la possibilit\u00e9 de vivre dans la dignit\u00e9 est une offense \u00e0 l&rsquo;humanit\u00e9 et un outrage \u00e0 Dieu\u00bb. Il a d\u00e9plor\u00e9 les morts quotidiennes et estim\u00e9, \u00e0 l\u2019instar du Pape L\u00e9on XIV mardi soir, qu\u2019il faut \u00abinsister pour obtenir la paix\u00bb, en commen\u00e7ant par la mise en place d\u2019un cessez-le-feu, qui permettrait d\u2019amorcer un dialogue.<\/p>\n<p><b>N\u00e9gociations et compromis<\/b> <\/p>\n<p>Le Secr\u00e9taire d\u2019\u00c9tat interpel\u00e9 par des journalistes en marge de la c\u00e9l\u00e9bration a de nouveau, mais cette fois en dehors de l\u2019\u00e9glise, fait allusion au conflit en cours avec la Russie, en commentant le plan de paix en 28 points propos\u00e9 par le pr\u00e9sident am\u00e9ricain Donald Trump. L&rsquo;espoir du cardinal est que \u00abs&rsquo;ouvrent des voies de dialogue qui permettent la fin de cette trag\u00e9die\u00bb, tout en se montrant lucide sur l\u2019ampleur de la t\u00e2che \u00e0 accomplir. \u00abIl sera tr\u00e8s difficile de trouver un compromis entre les exigences d&rsquo;un c\u00f4t\u00e9 et les demandes de l&rsquo;autre. Je pense donc que le chemin des n\u00e9gociations sera sem\u00e9 d&#8217;emb\u00fbches\u00bb, a ainsi comment\u00e9 le Secr\u00e9taire d&rsquo;\u00c9tat. Il juge que \u00abl&rsquo;Europe devrait participer et faire entendre sa voix, et non rester exclue\u00bb des discussions, notamment parce qu&rsquo;\u00abelle s&rsquo;est jusqu&rsquo;\u00e0 pr\u00e9sent engag\u00e9e activement\u00bb en faveur de l&rsquo;Ukraine. Quant \u00e0 la question de la cession de territoires, \u00abil est pr\u00e9matur\u00e9\u00bb d&rsquo;en parler, \u00abnotamment parce que cela sera le fruit de n\u00e9gociations\u00bb. La paix, a-t-il d\u00e9clar\u00e9, ne sera possible que si les deux parties sont satisfaites du compromis, car au final, il faudra faire un compromis.<\/p>\n<p>    <img decoding=\"async\" src=\"data:image\/gif;base64,R0lGODlhAQABAIAAAAAAAP\/\/\/yH5BAEAAAAALAAAAAABAAEAAAIBRAA7\" data-original=\"https:\/\/www.vaticannews.va\/content\/dam\/vaticannews\/multimedia\/2025\/novembre\/21\/Messa-Parolin-Ucraina-4.jpeg\/_jcr_content\/renditions\/cq5dam.thumbnail.cropped.750.422.jpeg\" alt=\"Lors de la c\u00e9l\u00e9bration \u00e0 Sant'Andrea della Valle.\" title=\"Lors de la c\u00e9l\u00e9bration \u00e0 Sant'Andrea della Valle.\"\/><\/p>\n<p>\n   Lors de la c\u00e9l\u00e9bration \u00e0 Sant&rsquo;Andrea della Valle.\n  <\/p>\n<p><b>L&rsquo;engagement du Saint-Si\u00e8ge<\/b> <\/p>\n<p>Dans tous les cas, le Saint-Si\u00e8ge reste engag\u00e9 dans l&rsquo;\u00e9change de prisonniers et le retour des enfants ukrainiens emmen\u00e9s en Russie. \u00abNous continuons \u00e0 nous engager dans ce domaine, il me semble que le m\u00e9canisme concernant les enfants a \u00e9galement \u00e9t\u00e9 renouvel\u00e9\u00bb, a d\u00e9clar\u00e9 Mgr Parolin. \u00abNous sommes dispos\u00e9s \u00e0 aider dans ce domaine, car il nous semble &#8211; au-del\u00e0 de l&rsquo;attention port\u00e9e aux personnes qui souffrent &#8211; que cela permet \u00e9galement de cr\u00e9er les conditions propices \u00e0 la paix\u00bb.<\/p>\n<p>    <img decoding=\"async\" src=\"data:image\/gif;base64,R0lGODlhAQABAIAAAAAAAP\/\/\/yH5BAEAAAAALAAAAAABAAEAAAIBRAA7\" data-original=\"https:\/\/www.vaticannews.va\/content\/dam\/vaticannews\/agenzie\/images\/srv\/2025\/11\/20\/2025-11-20-santa-messa-per-la-pace-in-ucraina\/1763664128854.JPG\/_jcr_content\/renditions\/cq5dam.thumbnail.cropped.750.422.jpeg\" alt=\"L'hom\u00e9lie du cardinal Parolin.\" title=\"L'hom\u00e9lie du cardinal Parolin.\"\/><\/p>\n<p>\n   L&rsquo;hom\u00e9lie du cardinal Parolin. \u00a0 (@Vatican Media)\n  <\/p>\n<p><b>L&rsquo;Holodomor, une horreur g\u00e9n\u00e9r\u00e9e par la haine et l&rsquo;abus de pouvoir<\/b> <\/p>\n<p>Dans son hom\u00e9lie, le cardinal Parolin est \u00e9videmment revenu sur le drame comm\u00e9mor\u00e9 de l&rsquo;Holodomor, qui a co\u00fbt\u00e9 la vie \u00e0 des millions d&rsquo;hommes, de femmes et d&rsquo;enfants. \u00abCe n&rsquo;est pas la nature qui a engendr\u00e9 cette horreur, mais la haine, l&rsquo;injustice, l&rsquo;indiff\u00e9rence et l&rsquo;abus de pouvoir\u00bb, a-t-il d\u00e9clar\u00e9. Cependant, en cette ann\u00e9e jubilaire, le Saint-Si\u00e8ge se veut porteur d&rsquo;esp\u00e9rance \u00abpour les victimes d&rsquo;hier, pour ceux qui souffrent aujourd&rsquo;hui, pour un peuple qui aspire \u00e0 la paix, \u00e0 la libert\u00e9 et \u00e0 un avenir serein\u00bb. C&rsquo;est pourquoi aujourd&rsquo;hui, \u00abavec le peuple ukrainien marqu\u00e9 par des blessures historiques et par la trag\u00e9die de la guerre qui se poursuit, nous sommes appel\u00e9s \u00e0 pers\u00e9v\u00e9rer dans la pri\u00e8re et \u00e0 t\u00e9moigner d&rsquo;une foi qui r\u00e9siste, qui esp\u00e8re, qui attend dans le silence, mais comme une force, le salut du Seigneur\u00bb.<\/p>\n<p>Le Secr\u00e9taire d&rsquo;\u00c9tat a conclu son hom\u00e9lie en confiant \u00e0 la mis\u00e9ricorde \u00e9ternelle du Dieu de la vie \u00abtoutes les victimes de la faim, de la haine et de la violence\u00bb, implorant \u00abavec humilit\u00e9 et confiance que l&rsquo;aube de la paix, une paix juste et durable, puisse bient\u00f4t se lever sur l&rsquo;Ukraine\u00bb.<\/p>\n<p><b>Trois adolescents lib\u00e9r\u00e9s ont assist\u00e9 \u00e0 la messe<\/b> <\/p>\n<p>\u00c0 la fin de la c\u00e9l\u00e9bration, l&rsquo;ambassadeur d&rsquo;Ukraine pr\u00e8s le Saint-Si\u00e8ge, Andrii Yurash, a remerci\u00e9 le cardinal Parolin et a soulign\u00e9 la pr\u00e9sence \u00e0 Sant&rsquo;Andrea della Valle d&rsquo;une d\u00e9l\u00e9gation de quatre adolescents ukrainiens \u00e2g\u00e9s de 14 \u00e0 18 ans, qui avaient \u00e9t\u00e9 emmen\u00e9s en Russie au d\u00e9but de la guerre et qui ont maintenant \u00e9t\u00e9 rendus \u00e0 leurs familles. Il a \u00e9galement d\u00e9sign\u00e9 trois femmes assises parmi les personnes pr\u00e9sentes, les qualifiant d&rsquo;\u00abh\u00e9ro\u00efnes de la r\u00e9sistance et de la dignit\u00e9\u00bb: elles ont fait preuve, a-t-il dit, d&rsquo;une \u00abforce et d&rsquo;une d\u00e9termination extraordinaires\u00bb. \u00c0 la fin de la messe, l&rsquo;exposition artistique \u00abPri\u00e8re pour l&rsquo;Ukraine\u00bb a \u00e9t\u00e9 inaugur\u00e9e et un concert a \u00e9t\u00e9 donn\u00e9.<\/p>\n<p>    <img decoding=\"async\" src=\"data:image\/gif;base64,R0lGODlhAQABAIAAAAAAAP\/\/\/yH5BAEAAAAALAAAAAABAAEAAAIBRAA7\" data-original=\"https:\/\/www.vaticannews.va\/content\/dam\/vaticannews\/agenzie\/images\/srv\/2025\/11\/20\/2025-11-20-santa-messa-per-la-pace-in-ucraina\/1763664124847.JPG\/_jcr_content\/renditions\/cq5dam.thumbnail.cropped.750.422.jpeg\" alt=\"\u00c0 droite, l'ambassadeur ukrainien pr\u00e8s le Saint-Si\u00e8ge.\" title=\"\u00c0 droite, l'ambassadeur ukrainien pr\u00e8s le Saint-Si\u00e8ge.\"\/><\/p>\n<p>\n   \u00c0 droite, l&rsquo;ambassadeur ukrainien pr\u00e8s le Saint-Si\u00e8ge. \u00a0 (@Vatican Media)\n  <\/p>\n","protected":false},"excerpt":{"rendered":"Le Secr\u00e9taire d&rsquo;\u00c9tat du Saint-Si\u00e8ge a c\u00e9l\u00e9br\u00e9 ce jeudi 20 novembre la messe en suffrage des victimes de&hellip;\n","protected":false},"author":2,"featured_media":550078,"comment_status":"","ping_status":"","sticky":false,"template":"","format":"standard","meta":{"footnotes":""},"categories":[1590],"tags":[11,1777,674,1146,13600,12,2403,66762,220],"class_list":{"0":"post-550077","1":"post","2":"type-post","3":"status-publish","4":"format-standard","5":"has-post-thumbnail","7":"category-ukraine","8":"tag-actualites","9":"tag-eu","10":"tag-europe","11":"tag-guerre","12":"tag-messe","13":"tag-news","14":"tag-paix","15":"tag-pietro-parolin","16":"tag-ukraine"},"share_on_mastodon":{"url":"https:\/\/pubeurope.com\/@fr\/115590188510891609","error":""},"_links":{"self":[{"href":"https:\/\/www.europesays.com\/fr\/wp-json\/wp\/v2\/posts\/550077","targetHints":{"allow":["GET"]}}],"collection":[{"href":"https:\/\/www.europesays.com\/fr\/wp-json\/wp\/v2\/posts"}],"about":[{"href":"https:\/\/www.europesays.com\/fr\/wp-json\/wp\/v2\/types\/post"}],"author":[{"embeddable":true,"href":"https:\/\/www.europesays.com\/fr\/wp-json\/wp\/v2\/users\/2"}],"replies":[{"embeddable":true,"href":"https:\/\/www.europesays.com\/fr\/wp-json\/wp\/v2\/comments?post=550077"}],"version-history":[{"count":0,"href":"https:\/\/www.europesays.com\/fr\/wp-json\/wp\/v2\/posts\/550077\/revisions"}],"wp:featuredmedia":[{"embeddable":true,"href":"https:\/\/www.europesays.com\/fr\/wp-json\/wp\/v2\/media\/550078"}],"wp:attachment":[{"href":"https:\/\/www.europesays.com\/fr\/wp-json\/wp\/v2\/media?parent=550077"}],"wp:term":[{"taxonomy":"category","embeddable":true,"href":"https:\/\/www.europesays.com\/fr\/wp-json\/wp\/v2\/categories?post=550077"},{"taxonomy":"post_tag","embeddable":true,"href":"https:\/\/www.europesays.com\/fr\/wp-json\/wp\/v2\/tags?post=550077"}],"curies":[{"name":"wp","href":"https:\/\/api.w.org\/{rel}","templated":true}]}}