{"id":550079,"date":"2025-11-21T23:04:20","date_gmt":"2025-11-21T23:04:20","guid":{"rendered":"https:\/\/www.europesays.com\/fr\/550079\/"},"modified":"2025-11-21T23:04:20","modified_gmt":"2025-11-21T23:04:20","slug":"football-les-bleus-devraient-affronter-le-bresil-et-la-colombie-aux-usa-en-mars-21-11-2025-a-2020","status":"publish","type":"post","link":"https:\/\/www.europesays.com\/fr\/550079\/","title":{"rendered":"Football-Les Bleus devraient affronter le Br\u00e9sil et la Colombie aux USA en mars &#8211; 21\/11\/2025 \u00e0 20:20"},"content":{"rendered":"<p>\n par Vincent Daheron\n<\/p>\n<p>\n La France devrait<br \/>\naffronter le Br\u00e9sil et la Colombie en mars aux Etats-Unis en<br \/>\nmatches amicaux de pr\u00e9paration \u00e0 la Coupe du monde, a annonc\u00e9<br \/>\nvendredi Philippe Diallo, pr\u00e9sident de la F\u00e9d\u00e9ration fran\u00e7aise<br \/>\nde football (FFF).\n<\/p>\n<p>\n Les Bleus du s\u00e9lectionneur Didier Deschamps, qualifi\u00e9s la<br \/>\nsemaine derni\u00e8re pour le Mondial qui se disputera du 11 juin au<br \/>\n19 juillet au Canada, aux Etats-Unis et au Mexique,<br \/>\naffronteraient la Colombie en Floride puis le Br\u00e9sil \u00e0 Boston.<br \/>\nLa fen\u00eatre internationale est programm\u00e9e du 23 au 31 mars.\n<\/p>\n<p>\n \u00ab\u00a0Les choses ne sont pas sign\u00e9es mais sont en bonne voie pour<br \/>\npouvoir respirer l&rsquo;air am\u00e9ricain au mois de mars. Je pense que<br \/>\nc&rsquo;est la bonne occasion puisque la Coupe du Monde se d\u00e9roulera<br \/>\nl\u00e0-bas\u00a0\u00bb, a d\u00e9clar\u00e9 Philippe Diallo lors d&rsquo;une table ronde avec<br \/>\nquelques m\u00e9dias, dont Reuters, se r\u00e9jouissant d&rsquo;affronter \u00ab\u00a0deux<br \/>\nadversaires de prestige\u00a0\u00bb.\n<\/p>\n<p>\n \u00ab\u00a0Le Br\u00e9sil est t\u00eate de s\u00e9rie, donc on est s\u00fbr de ne pas les<br \/>\naffronter en poule. La Colombie pourrait \u00eatre un adversaire,<br \/>\ndonc il faudra voir avec Didier Deschamps. En attendant le<br \/>\ntirage au sort, on avance bien\u00a0\u00bb, a pr\u00e9cis\u00e9 Philippe Diallo.\n<\/p>\n<p>\n Le Br\u00e9sil est cinqui\u00e8me au classement de la Fifa et la<br \/>\nColombie 13e.\n<\/p>\n<p>\n Le tirage au sort de la Coupe du monde, qui aura lieu le 5<br \/>\nd\u00e9cembre \u00e0 Washington, pourrait placer la France et la Colombie<br \/>\ndans le m\u00eame groupe au premier tour puisque les champions du<br \/>\nmonde 1998 et 2018 seront t\u00eate de s\u00e9rie tandis que la s\u00e9lection<br \/>\nsud-am\u00e9ricaine figurera dans le chapeau 2.\n<\/p>\n<p>\n Philippe Diallo a \u00e9galement d\u00e9clar\u00e9 que l&rsquo;\u00e9quipe de France<br \/>\ndevrait jouer ses deux derniers matches de pr\u00e9paration au<br \/>\nMondial en France, d\u00e9but juin.\n<\/p>\n<p>\n \u00ab\u00a0Je pense que les matches de juin se joueront certainement<br \/>\nen France\u00a0\u00bb, a-t-il dit. \u00ab\u00a0Parce que l&rsquo;\u00e9quipe de France, c&rsquo;est<br \/>\nl&rsquo;\u00e9quipe de tous les Fran\u00e7ais. Et quand on aborde une grande<br \/>\ncomp\u00e9tition comme la Coupe du monde, je crois que c&rsquo;est<br \/>\nimportant que l&rsquo;\u00e9quipe de France joue chez elle pour avoir ce<br \/>\nlien avec les Fran\u00e7ais, avoir ce lien avec leurs supporters.\u00a0\u00bb\n<\/p>\n<p>\n Ces deux rencontres permettraient \u00e0 Didier Deschamps de<br \/>\nfaire ses adieux au public fran\u00e7ais en tant que s\u00e9lectionneur<br \/>\nnational avant de c\u00e9der son poste \u00e0 la fin du Mondial apr\u00e8s 14<br \/>\nans \u00e0 la t\u00eate des Bleus.\n<\/p>\n<p>\n Les finalistes de la derni\u00e8re Coupe du monde ne devraient<br \/>\npas retrouver tout de suite le Stade de France apr\u00e8s avoir jou\u00e9<br \/>\nleurs trois derniers matches \u00e0 domicile au Parc des Princes, \u00e0<br \/>\nParis.\n<\/p>\n<p>\n \u00ab\u00a0Ce n&rsquo;est pas certain. Il y a aujourd&rsquo;hui de fortes<br \/>\nprobabilit\u00e9s que \u00e7a n&rsquo;y soit pas parce que le Stade de France<br \/>\nsera indisponible \u00e0 ce moment-l\u00e0 pour cause de concerts\u00a0\u00bb, a<br \/>\nd\u00e9clar\u00e9 le pr\u00e9sident de la FFF.\n<\/p>\n<p>\n D&rsquo;ici le tirage au sort en d\u00e9cembre, \u00ab\u00a0une \u00e9quipe du staff de<br \/>\nDidier (Deschamps) va partir aux \u00c9tats-Unis dans les prochains<br \/>\njours pour commencer \u00e0 faire un premier rep\u00e9rage des potentiels<br \/>\ncamps de base qui pourraient accueillir l&rsquo;\u00e9quipe de France\u00a0\u00bb, a<br \/>\n\u00e9galement pr\u00e9cis\u00e9 Philippe Diallo.\n<\/p>\n<p>\n (Reportage de Vincent Daheron, \u00e9dit\u00e9 par Kate Entringer)<\/p>\n","protected":false},"excerpt":{"rendered":"par Vincent Daheron La France devrait affronter le Br\u00e9sil et la Colombie en mars aux Etats-Unis en matches&hellip;\n","protected":false},"author":2,"featured_media":2486,"comment_status":"","ping_status":"","sticky":false,"template":"","format":"standard","meta":{"footnotes":""},"categories":[1589],"tags":[400,11,398,408,405,73,1866,403,402,399,404,12,401,406,1864,1865,1863,308,407],"class_list":{"0":"post-550079","1":"post","2":"type-post","3":"status-publish","4":"format-standard","5":"has-post-thumbnail","7":"category-etats-unis","8":"tag-action-cac-40","9":"tag-actualites","10":"tag-bourse-de-paris","11":"tag-boursorama","12":"tag-cotations","13":"tag-etats-unis","14":"tag-etats-unis-damerique","15":"tag-indices-devises","16":"tag-investir","17":"tag-investissement","18":"tag-marche-boursier","19":"tag-news","20":"tag-sicav","21":"tag-trackers","22":"tag-united-states","23":"tag-united-states-of-america","24":"tag-us","25":"tag-usa","26":"tag-warrants"},"share_on_mastodon":{"url":"https:\/\/pubeurope.com\/@fr\/115590192515696708","error":""},"_links":{"self":[{"href":"https:\/\/www.europesays.com\/fr\/wp-json\/wp\/v2\/posts\/550079","targetHints":{"allow":["GET"]}}],"collection":[{"href":"https:\/\/www.europesays.com\/fr\/wp-json\/wp\/v2\/posts"}],"about":[{"href":"https:\/\/www.europesays.com\/fr\/wp-json\/wp\/v2\/types\/post"}],"author":[{"embeddable":true,"href":"https:\/\/www.europesays.com\/fr\/wp-json\/wp\/v2\/users\/2"}],"replies":[{"embeddable":true,"href":"https:\/\/www.europesays.com\/fr\/wp-json\/wp\/v2\/comments?post=550079"}],"version-history":[{"count":0,"href":"https:\/\/www.europesays.com\/fr\/wp-json\/wp\/v2\/posts\/550079\/revisions"}],"wp:featuredmedia":[{"embeddable":true,"href":"https:\/\/www.europesays.com\/fr\/wp-json\/wp\/v2\/media\/2486"}],"wp:attachment":[{"href":"https:\/\/www.europesays.com\/fr\/wp-json\/wp\/v2\/media?parent=550079"}],"wp:term":[{"taxonomy":"category","embeddable":true,"href":"https:\/\/www.europesays.com\/fr\/wp-json\/wp\/v2\/categories?post=550079"},{"taxonomy":"post_tag","embeddable":true,"href":"https:\/\/www.europesays.com\/fr\/wp-json\/wp\/v2\/tags?post=550079"}],"curies":[{"name":"wp","href":"https:\/\/api.w.org\/{rel}","templated":true}]}}