{"id":550082,"date":"2025-11-21T23:06:13","date_gmt":"2025-11-21T23:06:13","guid":{"rendered":"https:\/\/www.europesays.com\/fr\/550082\/"},"modified":"2025-11-21T23:06:13","modified_gmt":"2025-11-21T23:06:13","slug":"lallemagne-presente-sa-nouvelle-strategie-de-securite-spatiale","status":"publish","type":"post","link":"https:\/\/www.europesays.com\/fr\/550082\/","title":{"rendered":"L&rsquo;Allemagne pr\u00e9sente sa nouvelle strat\u00e9gie de s\u00e9curit\u00e9 spatiale"},"content":{"rendered":"<p>Le gouvernement allemand a pr\u00e9sent\u00e9 une nouvelle strat\u00e9gie de s\u00e9curit\u00e9 spatiale, visant \u00e0 prot\u00e9ger ses int\u00e9r\u00eats dans un contexte de comp\u00e9tition mondiale accrue.<\/p>\n<p>Les ministres des Affaires \u00e9trang\u00e8res et de la D\u00e9fense ont affirm\u00e9 que l&rsquo;Allemagne s&rsquo;engageait \u00e0 une utilisation pacifique et fond\u00e9e sur des r\u00e8gles de l&rsquo;espace, tout en d\u00e9veloppant une infrastructure suffisamment robuste pour servir de moyen de dissuasion.<\/p>\n<p>Le ministre de la D\u00e9fense Boris Pistorius a annonc\u00e9 un investissement de 35 milliards d&rsquo;euros dans le secteur spatial au cours des prochaines ann\u00e9es, pr\u00e9cisant que l&rsquo;arm\u00e9e allemande constituerait l&rsquo;\u00e9pine dorsale de cette strat\u00e9gie. L&rsquo;objectif est notamment de se prot\u00e9ger contre des menaces telles que les perturbations du signal GPS attribu\u00e9es \u00e0 la Russie dans la r\u00e9gion de la mer Baltique.<\/p>\n<p>Le ministre des Affaires \u00e9trang\u00e8res Johann Wadephul a rappel\u00e9 que \u00ab l&rsquo;espace est depuis longtemps un th\u00e9\u00e2tre de conflits militaires et de comp\u00e9tition \u00e9conomique \u00bb, citant la guerre en Ukraine comme exemple r\u00e9cent.<\/p>\n","protected":false},"excerpt":{"rendered":"Le gouvernement allemand a pr\u00e9sent\u00e9 une nouvelle strat\u00e9gie de s\u00e9curit\u00e9 spatiale, visant \u00e0 prot\u00e9ger ses int\u00e9r\u00eats dans un&hellip;\n","protected":false},"author":2,"featured_media":550083,"comment_status":"","ping_status":"","sticky":false,"template":"","format":"standard","meta":{"footnotes":""},"categories":[1587],"tags":[11,672,1804,1805,1803,1777,674,1801,12,1802],"class_list":{"0":"post-550082","1":"post","2":"type-post","3":"status-publish","4":"format-standard","5":"has-post-thumbnail","7":"category-allemagne","8":"tag-actualites","9":"tag-allemagne","10":"tag-bundesrepublik-deutschland","11":"tag-de","12":"tag-deutschland","13":"tag-eu","14":"tag-europe","15":"tag-germany","16":"tag-news","17":"tag-republique-federale-dallemagne"},"share_on_mastodon":{"url":"https:\/\/pubeurope.com\/@fr\/115590200334697417","error":""},"_links":{"self":[{"href":"https:\/\/www.europesays.com\/fr\/wp-json\/wp\/v2\/posts\/550082","targetHints":{"allow":["GET"]}}],"collection":[{"href":"https:\/\/www.europesays.com\/fr\/wp-json\/wp\/v2\/posts"}],"about":[{"href":"https:\/\/www.europesays.com\/fr\/wp-json\/wp\/v2\/types\/post"}],"author":[{"embeddable":true,"href":"https:\/\/www.europesays.com\/fr\/wp-json\/wp\/v2\/users\/2"}],"replies":[{"embeddable":true,"href":"https:\/\/www.europesays.com\/fr\/wp-json\/wp\/v2\/comments?post=550082"}],"version-history":[{"count":0,"href":"https:\/\/www.europesays.com\/fr\/wp-json\/wp\/v2\/posts\/550082\/revisions"}],"wp:featuredmedia":[{"embeddable":true,"href":"https:\/\/www.europesays.com\/fr\/wp-json\/wp\/v2\/media\/550083"}],"wp:attachment":[{"href":"https:\/\/www.europesays.com\/fr\/wp-json\/wp\/v2\/media?parent=550082"}],"wp:term":[{"taxonomy":"category","embeddable":true,"href":"https:\/\/www.europesays.com\/fr\/wp-json\/wp\/v2\/categories?post=550082"},{"taxonomy":"post_tag","embeddable":true,"href":"https:\/\/www.europesays.com\/fr\/wp-json\/wp\/v2\/tags?post=550082"}],"curies":[{"name":"wp","href":"https:\/\/api.w.org\/{rel}","templated":true}]}}