{"id":550084,"date":"2025-11-21T23:07:15","date_gmt":"2025-11-21T23:07:15","guid":{"rendered":"https:\/\/www.europesays.com\/fr\/550084\/"},"modified":"2025-11-21T23:07:15","modified_gmt":"2025-11-21T23:07:15","slug":"ici-leurope-lue-indecise-sur-laide-a-lukraine-lcp","status":"publish","type":"post","link":"https:\/\/www.europesays.com\/fr\/550084\/","title":{"rendered":"Ici l&rsquo;Europe &#8211; L&rsquo;UE ind\u00e9cise sur l&rsquo;aide \u00e0 l&rsquo;Ukraine | LCP"},"content":{"rendered":"<p>Alors que les \u00c9tats-Unis de Donald Trump se d\u00e9sengagent de la guerre en Ukraine, l&rsquo;Union europ\u00e9enne s&rsquo;est engag\u00e9e \u00e0 r\u00e9pondre au besoin de financement militaire et civil des Ukrainiens dans les deux prochaines ann\u00e9es, estim\u00e9 \u00e0 135 milliards d&rsquo;euros. <br \/>\nMais alors, comment financer le soutien \u00e0 l&rsquo;Ukraine ? Quelles diff\u00e9rentes options s&rsquo;offrent aux 27 ? Ici l&rsquo;Europe ouvre le d\u00e9bat avec les eurod\u00e9put\u00e9s Elio Di Rupo (Social-d\u00e9mocrate, Belgique), Radan Kanev (PPE, Bulgarie) et Gheorghe Piperea (ECR, Roumanie).<\/p>\n<p>En premi\u00e8re partie, Caroline de Camaret re\u00e7oit Bartjan Wegter, coordinateur de l&rsquo;UE dans la lutte contre le terrorisme<\/p>\n<p>Ici, l&rsquo;Europe<br \/>Chaque semaine, LCP Assembl\u00e9e nationale, Public S\u00e9nat et France24 vous plongent au coeur des questions qui secouent l&rsquo;Europe : Covid-19, questions migratoires, \u00ab Green deal \u00bb, Brexit ou encore souverainet\u00e9 digitale. Quel avenir pour l&rsquo;Union et ses 450 millions d&rsquo;habitants ? Une demi-heure d&rsquo;information pour mieux comprendre les enjeux europ\u00e9ens.<\/p>\n","protected":false},"excerpt":{"rendered":"Alors que les \u00c9tats-Unis de Donald Trump se d\u00e9sengagent de la guerre en Ukraine, l&rsquo;Union europ\u00e9enne s&rsquo;est engag\u00e9e&hellip;\n","protected":false},"author":2,"featured_media":550085,"comment_status":"","ping_status":"","sticky":false,"template":"","format":"standard","meta":{"footnotes":""},"categories":[1586],"tags":[11,1777,674,1011,27,12,25],"class_list":{"0":"post-550084","1":"post","2":"type-post","3":"status-publish","4":"format-standard","5":"has-post-thumbnail","7":"category-europe","8":"tag-actualites","9":"tag-eu","10":"tag-europe","11":"tag-fr","12":"tag-france","13":"tag-news","14":"tag-republique-francaise"},"share_on_mastodon":{"url":"https:\/\/pubeurope.com\/@fr\/115590204350230085","error":""},"_links":{"self":[{"href":"https:\/\/www.europesays.com\/fr\/wp-json\/wp\/v2\/posts\/550084","targetHints":{"allow":["GET"]}}],"collection":[{"href":"https:\/\/www.europesays.com\/fr\/wp-json\/wp\/v2\/posts"}],"about":[{"href":"https:\/\/www.europesays.com\/fr\/wp-json\/wp\/v2\/types\/post"}],"author":[{"embeddable":true,"href":"https:\/\/www.europesays.com\/fr\/wp-json\/wp\/v2\/users\/2"}],"replies":[{"embeddable":true,"href":"https:\/\/www.europesays.com\/fr\/wp-json\/wp\/v2\/comments?post=550084"}],"version-history":[{"count":0,"href":"https:\/\/www.europesays.com\/fr\/wp-json\/wp\/v2\/posts\/550084\/revisions"}],"wp:featuredmedia":[{"embeddable":true,"href":"https:\/\/www.europesays.com\/fr\/wp-json\/wp\/v2\/media\/550085"}],"wp:attachment":[{"href":"https:\/\/www.europesays.com\/fr\/wp-json\/wp\/v2\/media?parent=550084"}],"wp:term":[{"taxonomy":"category","embeddable":true,"href":"https:\/\/www.europesays.com\/fr\/wp-json\/wp\/v2\/categories?post=550084"},{"taxonomy":"post_tag","embeddable":true,"href":"https:\/\/www.europesays.com\/fr\/wp-json\/wp\/v2\/tags?post=550084"}],"curies":[{"name":"wp","href":"https:\/\/api.w.org\/{rel}","templated":true}]}}