{"id":550086,"date":"2025-11-21T23:08:19","date_gmt":"2025-11-21T23:08:19","guid":{"rendered":"https:\/\/www.europesays.com\/fr\/550086\/"},"modified":"2025-11-21T23:08:19","modified_gmt":"2025-11-21T23:08:19","slug":"zelensky-informe-les-dirigeants-de-lotan-et-de-lue-sur-la-proposition-de-paix-americaine","status":"publish","type":"post","link":"https:\/\/www.europesays.com\/fr\/550086\/","title":{"rendered":"Zelensky informe les dirigeants de l\u2019OTAN et de l\u2019UE sur la proposition de paix am\u00e9ricaine"},"content":{"rendered":"<p>AA \/ Istanbul \/ Alperen Aktas<\/p>\n<p>Le pr\u00e9sident ukrainien Volodymyr Zelensky a indiqu\u00e9 avoir tenu une s\u00e9rie d\u2019appels et de r\u00e9unions avec le secr\u00e9taire g\u00e9n\u00e9ral de l\u2019OTAN, Mark Rutte, ainsi qu\u2019avec plusieurs hauts responsables de l\u2019Union europ\u00e9enne pour discuter de la proposition am\u00e9ricaine en 28 points visant \u00e0 mettre fin \u00e0 la guerre.<\/p>\n<p>Zelensky a pr\u00e9cis\u00e9 que Rutte avait pr\u00e9sent\u00e9 ses condol\u00e9ances apr\u00e8s \u00ab l\u2019attaque horrible \u00bb men\u00e9e par la Russie \u00e0 Ternopil, o\u00f9 Kiev fait \u00e9tat de 31 morts.<\/p>\n<p>\u00ab Les Ukrainiens, plus que quiconque dans le monde, veulent que cette guerre cesse, que les tueries s\u2019arr\u00eatent et qu\u2019une paix digne soit obtenue \u00bb, a d\u00e9clar\u00e9 le pr\u00e9sident, ajoutant qu\u2019ils avaient pass\u00e9 en revue les options diplomatiques disponibles ainsi que le plan am\u00e9ricain.<\/p>\n<p>Il s\u2019est ensuite entretenu avec le pr\u00e9sident du Conseil europ\u00e9en, Antonio Costa, et la pr\u00e9sidente de la Commission europ\u00e9enne, Ursula von der Leyen.<\/p>\n<p>\u00ab Nous appr\u00e9cions tous l\u2019engagement des \u00c9tats-Unis et du pr\u00e9sident Trump \u00e0 mettre fin \u00e0 cette guerre, et nous travaillons de concert pour en faire un plan commun et totalement coordonn\u00e9 \u00bb, a-t-il soulign\u00e9, pr\u00e9cisant que des \u00e9quipes ukrainiennes, am\u00e9ricaines et europ\u00e9ennes collaboreraient dans les prochains jours.,<\/p>\n<p>Zelensky a \u00e9galement eu un entretien t\u00e9l\u00e9phonique avec le ministre lituanien de la D\u00e9fense, Robertas Kaunas, portant sur les besoins militaires, les perspectives de production conjointe et les pistes pour parvenir \u00e0 une \u00ab fin juste du conflit \u00bb.<\/p>\n<p>Il a remerci\u00e9 la Lituanie pour son soutien de longue date et pour sa participation \u00e0 l\u2019initiative PURL, qui permet \u00e0 l\u2019Ukraine d\u2019acqu\u00e9rir des armes am\u00e9ricaines.<\/p>\n<p>L\u2019initiative Prioritized Ukraine Requirements List (PURL) est un programme am\u00e9ricano-OTAN permettant aux \u00c9tats europ\u00e9ens et canadien membres de l\u2019Alliance de financer l\u2019achat d\u2019armes fabriqu\u00e9es aux \u00c9tats-Unis pour l\u2019Ukraine.<\/p>\n<p>L\u2019Ukraine a intensifi\u00e9 ses d\u00e9marches diplomatiques alors que la version actualis\u00e9e de la proposition am\u00e9ricaine en 28 points circule parmi ses partenaires.<\/p>\n<p>\u200b\u200b\u200b\u200b\u200b\u200b\u200b<\/p>\n<p>                            &#13;<br \/>\n                                <a href=\"https:\/\/www.aa.com.tr\/fr\/p\/abonnement\/1001\" target=\"_blank\" style=\"font-size:12px; color:#444; text-decoration:none;\" rel=\"noopener\">&#13;<br \/>\n                                    Seulement une partie des d\u00e9p\u00eaches, que l&rsquo;Agence Anadolu diffuse \u00e0 ses abonn\u00e9s via le Syst\u00e8me de Diffusion interne (HAS), est diffus\u00e9e sur le site de l&rsquo;AA, de mani\u00e8re r\u00e9sum\u00e9e. <b style=\"color:#1897F7\">Contactez-nous s&rsquo;il vous pla\u00eet pour vous abonner.<\/b>&#13;<br \/>\n                                <\/a>&#13;<\/p>\n","protected":false},"excerpt":{"rendered":"AA \/ Istanbul \/ Alperen Aktas Le pr\u00e9sident ukrainien Volodymyr Zelensky a indiqu\u00e9 avoir tenu une s\u00e9rie d\u2019appels&hellip;\n","protected":false},"author":2,"featured_media":550087,"comment_status":"","ping_status":"","sticky":false,"template":"","format":"standard","meta":{"footnotes":""},"categories":[1586],"tags":[11,1785,1777,674,1779,1011,27,12,136,25,1778,22826,364,65350],"class_list":{"0":"post-550086","1":"post","2":"type-post","3":"status-publish","4":"format-standard","5":"has-post-thumbnail","7":"category-europe","8":"tag-actualites","9":"tag-anadolu-ajansi","10":"tag-eu","11":"tag-europe","12":"tag-european-union","13":"tag-fr","14":"tag-france","15":"tag-news","16":"tag-otan","17":"tag-republique-francaise","18":"tag-ue","19":"tag-union-europenne-ue","20":"tag-union-europeenne","21":"tag-volodimir-zelensky"},"share_on_mastodon":{"url":"https:\/\/pubeurope.com\/@fr\/115590208221331659","error":""},"_links":{"self":[{"href":"https:\/\/www.europesays.com\/fr\/wp-json\/wp\/v2\/posts\/550086","targetHints":{"allow":["GET"]}}],"collection":[{"href":"https:\/\/www.europesays.com\/fr\/wp-json\/wp\/v2\/posts"}],"about":[{"href":"https:\/\/www.europesays.com\/fr\/wp-json\/wp\/v2\/types\/post"}],"author":[{"embeddable":true,"href":"https:\/\/www.europesays.com\/fr\/wp-json\/wp\/v2\/users\/2"}],"replies":[{"embeddable":true,"href":"https:\/\/www.europesays.com\/fr\/wp-json\/wp\/v2\/comments?post=550086"}],"version-history":[{"count":0,"href":"https:\/\/www.europesays.com\/fr\/wp-json\/wp\/v2\/posts\/550086\/revisions"}],"wp:featuredmedia":[{"embeddable":true,"href":"https:\/\/www.europesays.com\/fr\/wp-json\/wp\/v2\/media\/550087"}],"wp:attachment":[{"href":"https:\/\/www.europesays.com\/fr\/wp-json\/wp\/v2\/media?parent=550086"}],"wp:term":[{"taxonomy":"category","embeddable":true,"href":"https:\/\/www.europesays.com\/fr\/wp-json\/wp\/v2\/categories?post=550086"},{"taxonomy":"post_tag","embeddable":true,"href":"https:\/\/www.europesays.com\/fr\/wp-json\/wp\/v2\/tags?post=550086"}],"curies":[{"name":"wp","href":"https:\/\/api.w.org\/{rel}","templated":true}]}}