{"id":550088,"date":"2025-11-21T23:09:19","date_gmt":"2025-11-21T23:09:19","guid":{"rendered":"https:\/\/www.europesays.com\/fr\/550088\/"},"modified":"2025-11-21T23:09:19","modified_gmt":"2025-11-21T23:09:19","slug":"doubs-feminicide-a-besancon-guillaume-k-a-reconnu-avoir-tire-sur-son-ex-compagne-lest-republicain","status":"publish","type":"post","link":"https:\/\/www.europesays.com\/fr\/550088\/","title":{"rendered":"Doubs. F\u00e9minicide \u00e0 Besan\u00e7on : Guillaume K. a reconnu avoir tir\u00e9 sur son ex-compagne &#8211; L&#039;Est R\u00e9publicain"},"content":{"rendered":"<ol>\n<li><a href=\"https:\/\/news.google.com\/rss\/articles\/CBMi0gFBVV95cUxQTTJoaU9Ca0hrQnVMNzl0M2RRQmlTNHFUbFlGX0VCVVQ3ck10UHl1Slc4eUEzYlozWklfRV9XeU5NUl9LelBRODl2VlFvU24zOWpTT1E0dVhBNzc2UkRMOTdzXzIzMU9XbFRiVFRmZUdhYzhONnFzUXQ2a1N2cXpNNzJRU2tmQ1dCVWRJMXB2LUx0Yzl2d2NIMkhkemVSUHZYSDRmbXZjYTF2cTg0VVR6c3ZaZG1vdFktbDQ1YTVsaHBsbHJMZHA5eXNNaWltQldaZEE?oc=5\" target=\"_blank\" rel=\"noopener\">Doubs. F\u00e9minicide \u00e0 Besan\u00e7on : Guillaume K. a reconnu avoir tir\u00e9 sur son ex-compagne<\/a>&nbsp;&nbsp;L&rsquo;Est R\u00e9publicain<\/li>\n<li><a href=\"https:\/\/news.google.com\/rss\/articles\/CBMizwFBVV95cUxPSmZDZ1ZkdXVUVUtLYzRZZW1iaDI4QXZEeTNlWUxrTXpFb2k4TlI5VWoyX2pERWQ1ZzdlSzB0YWpsb3pvOU5kOUtROGtNV241R3hLUHlvc3BtMllMTUdSUVN5Umw5LVphRnVrWW9qQXloYkJFMjVRcFdtV0NJS0JzbFNHNThuVGNJYkRKZlUycHRvMHVZZXhJd0RkRVQ3Zm1PdFNURkoxd0pseTdrWjNwWlBIcFRLZmlKQVNXN2JSX21RNDBwS3haZ0NsS1IzVkk?oc=5\" target=\"_blank\" rel=\"noopener\">Une femme de 32 ans tu\u00e9e \u00e0 Besan\u00e7on, son ex-conjoint en garde \u00e0 vue<\/a>&nbsp;&nbsp;Le Monde.fr<\/li>\n<li><a href=\"https:\/\/news.google.com\/rss\/articles\/CBMiwAFBVV95cUxNUDhDS25GaTNMRk5nNW5tMkJpUFlsck0xeldEa09GWV9GZ0JRZFczWW4wbDVVcU9UVWYydE1DOUFTUVlyOE1jcDZhWVlRNjNIU0xjejVHd19VdG1NVS03RmJkdUJ4eHAxWHpFZElFaGlrX1hXOWZva0xzZjNacjlWT2t6WVN5Q2hhbTF0NTFrSGxob0JDMWttYUhtUXdQanBOajBvWERDalctd01maEtjWW5MUVpxaDhiaVRGTjJyTlo?oc=5\" target=\"_blank\" rel=\"noopener\">F\u00e9minicides: quatre femmes tu\u00e9es en une journ\u00e9e ce jeudi en France<\/a>&nbsp;&nbsp;BFMTV<\/li>\n<li><a href=\"https:\/\/news.google.com\/rss\/articles\/CBMirAFBVV95cUxOTzA3VzhKY00taS1QcUJQMDVXQUdSUnh2eGl6N0I2N1E2R1BxUUVtZFA2T3dOeDBNak1GY0Riek84cEVUT3UwZDJfbjB1bDVWLWYtRnk4LVNTT2p3NkQwclR0cE11V3FhWG1hRGNCUFhFZUJMMmJmSEFPclpRcUI4UjdseDNNSko3aERiQ0VlQV9jdVJlQ0NWbU9oT1pVOEVRZ0doSjJzQjhtRU1D0gGyAUFVX3lxTE9ReXpzZkZnOXkzOWNCVHRDN05qY1Q1c2R6SDk1U1FiOVk2MUF6V2RiSlNnUHdMY0VXaXk0RXhUYkg1Tmc5OTVjMDFmbkZmM3BCQVh5TkNFNEVMc05yR213VXdiQ3NoaGNzdDlOTjB4ekdNVUhPQ2FkeFpyNFdhcDR5NHNtRmkzcl9zVEp2bFhxeVQ1cmN4SUtCS0x2YzExT0hLWDNhaU5DSGFKd19PWHN6d1E?oc=5\" target=\"_blank\" rel=\"noopener\">F\u00e9minicide \u00e0 Besan\u00e7on : la victime avait port\u00e9 plainte deux fois contre le suspect<\/a>&nbsp;&nbsp;macommune.info<\/li>\n<li><a href=\"https:\/\/news.google.com\/rss\/articles\/CBMizgFBVV95cUxOYXZyVE5kUVFwbHlZc0wtdkVsZG51UW9jTjBDQlFLT0RkUDZudFQzazZocjdHRmhsY2YwaUFIdG54SzNSZ1RQY1lDQkhBb1V0NnZZRXNvRXZzdE1JY3lNUUplWnZtZ3oyTHFsRmhuX1BJWm5kQm5rdS1JVlB3ZGZoV2F4c1NLck1fdWJsNDdNNTlKZ1RmeGNvOFRJNVZ4U0Y3d0VCRWRYdVBBMWFFRlQ5NW1adlcxSFQ2dVNvNE5KQ0hLX2pWbWRWc2R1WUxsZw?oc=5\" target=\"_blank\" rel=\"noopener\">F\u00e9minicide \u00e0 Besan\u00e7on : le mis en cause reconna\u00eet les faits en garde \u00e0 vue<\/a>&nbsp;&nbsp;francebleu.fr<\/li>\n<\/ol>\n","protected":false},"excerpt":{"rendered":"Doubs. F\u00e9minicide \u00e0 Besan\u00e7on : Guillaume K. a reconnu avoir tir\u00e9 sur son ex-compagne&nbsp;&nbsp;L&rsquo;Est R\u00e9publicain Une femme de&hellip;\n","protected":false},"author":2,"featured_media":550089,"comment_status":"","ping_status":"","sticky":false,"template":"","format":"standard","meta":{"footnotes":""},"categories":[2],"tags":[11,10112,14382,271,272,8026,10332,14383,14384,8698,274,1011,27,12,11058,25],"class_list":{"0":"post-550088","1":"post","2":"type-post","3":"status-publish","4":"format-standard","5":"has-post-thumbnail","7":"category-actualites","8":"tag-actualites","9":"tag-besancon","10":"tag-besancon-ville-25a","11":"tag-crime","12":"tag-delit-et-contravention","13":"tag-doubs","14":"tag-edition-belfort-hericourt-montbeliard","15":"tag-edition-besancon","16":"tag-edition-pontarlier-haut-doubs","17":"tag-edition-vesoul-haute-saone","18":"tag-faits-divers-justice","19":"tag-fr","20":"tag-france","21":"tag-news","22":"tag-region-franche-comte","23":"tag-republique-francaise"},"share_on_mastodon":{"url":"https:\/\/pubeurope.com\/@fr\/115590212153829142","error":""},"_links":{"self":[{"href":"https:\/\/www.europesays.com\/fr\/wp-json\/wp\/v2\/posts\/550088","targetHints":{"allow":["GET"]}}],"collection":[{"href":"https:\/\/www.europesays.com\/fr\/wp-json\/wp\/v2\/posts"}],"about":[{"href":"https:\/\/www.europesays.com\/fr\/wp-json\/wp\/v2\/types\/post"}],"author":[{"embeddable":true,"href":"https:\/\/www.europesays.com\/fr\/wp-json\/wp\/v2\/users\/2"}],"replies":[{"embeddable":true,"href":"https:\/\/www.europesays.com\/fr\/wp-json\/wp\/v2\/comments?post=550088"}],"version-history":[{"count":0,"href":"https:\/\/www.europesays.com\/fr\/wp-json\/wp\/v2\/posts\/550088\/revisions"}],"wp:featuredmedia":[{"embeddable":true,"href":"https:\/\/www.europesays.com\/fr\/wp-json\/wp\/v2\/media\/550089"}],"wp:attachment":[{"href":"https:\/\/www.europesays.com\/fr\/wp-json\/wp\/v2\/media?parent=550088"}],"wp:term":[{"taxonomy":"category","embeddable":true,"href":"https:\/\/www.europesays.com\/fr\/wp-json\/wp\/v2\/categories?post=550088"},{"taxonomy":"post_tag","embeddable":true,"href":"https:\/\/www.europesays.com\/fr\/wp-json\/wp\/v2\/tags?post=550088"}],"curies":[{"name":"wp","href":"https:\/\/api.w.org\/{rel}","templated":true}]}}