{"id":550094,"date":"2025-11-21T23:13:29","date_gmt":"2025-11-21T23:13:29","guid":{"rendered":"https:\/\/www.europesays.com\/fr\/550094\/"},"modified":"2025-11-21T23:13:29","modified_gmt":"2025-11-21T23:13:29","slug":"une-premiere-reussie-pour-le-tours-vb-et-juricic","status":"publish","type":"post","link":"https:\/\/www.europesays.com\/fr\/550094\/","title":{"rendered":"une premi\u00e8re r\u00e9ussie pour le Tours VB et Juricic"},"content":{"rendered":"<p>C\u2019\u00e9tait une premi\u00e8re, et elle \u00e9tait forc\u00e9ment attendue. Alors que le temps s\u2019est acc\u00e9l\u00e9r\u00e9 cette semaine au Tours VB, que\u00a0les \u00e9v\u00e8nements se sont entrechoqu\u00e9s, de la victoire en Supercoupe \u00e0 la nomination d\u2019Igor Juricic en passant bien s\u00fbr par la d\u00e9mission \u00ab\u00a0en direct\u00a0\u00bb de Mladen Kasic mardi 11\u00a0novembre \u2013 mais une d\u00e9mission d\u00e9j\u00e0 officialis\u00e9e en interne, faut-il le rappeler \u2013 le match de Paris est arriv\u00e9 comme une sorte de normalisation.<\/p>\n<p>Alors oui, cette premi\u00e8re avec Igor Juricic \u00e0 la t\u00eate du Tours VB \u00e9tait attendue et elle fut r\u00e9ussie. Avec une <a target=\"_self\" href=\"https:\/\/www.lanouvellerepublique.fr\/tours\/msl-le-tours-vb-garde-son-cap-paris-en-fait-les-frais-1763160739\" rel=\"noopener\">victoire \u00e0 la cl\u00e9, 3-1<\/a>, bien s\u00fbr. Et c\u2019est d\u00e9j\u00e0 pr\u00e9cieux, compte tenu d\u2019une premi\u00e8re manche rat\u00e9e par les Tourangeaux (17-25, 25-11, 25-18, 25-21). Mais avec surtout une mani\u00e8re d\u2019\u00eatre collective qui fait que les joueurs ont sembl\u00e9 reprendre leur ouvrage l\u00e0 o\u00f9 il l\u2019avait laiss\u00e9 au soir de leur succ\u00e8s face \u00e0 Tourcoing en Supercoupe (3-2).<\/p>\n<p>Comme souvent, Luca Ramon posait les mots justes sur la situation quelques minutes apr\u00e8s le succ\u00e8s face \u00e0 Paris. \u00ab\u00a0C\u2019est important de continuer \u00e0 gagner malgr\u00e9 tout ce qu\u2019il se passe. Apr\u00e8s le plus important, c\u2019est que nous les joueurs on reste concentr\u00e9s sur notre travail, qu\u2019on ne pense pas \u00e0 tout ce qui se passe autour. C\u2019est une p\u00e9riode de transition pour nous aussi en termes de syst\u00e8mes, de consignes, d\u2019apprendre \u00e0 conna\u00eetre l\u2019entra\u00eeneur, ses valeurs et ses syst\u00e8mes de jeu. Ce soir (vendredi), \u00e7a a bien fonctionn\u00e9&#8230;. <\/p>\n<p>    Cet article a \u00e9t\u00e9 tronqu\u00e9. Abonnez-vous pour lire l&rsquo;article complet sur notre site.<\/p>\n<p>\u00a0\u00bb<\/p>\n<p style=\"margin: 0 !important; padding: 0 !important; font-size: 12px !important;\">Cet article a \u00e9t\u00e9 tronqu\u00e9. Abonnez-vous pour lire l&rsquo;article complet.<\/p>\n<p>    <a href=\"https:\/\/www.lanouvellerepublique.fr\/abonnements\" style=\"display: inline-block; margin-top: 5px !important; padding: 6px 12px !important; background: #cb1c27; color: white; text-decoration: none; border-radius: 4px; font-size: 12px !important;\" target=\"_blank\" rel=\"noopener\"><br \/>\n      S&rsquo;abonner<br \/>\n    <\/a><\/p>\n","protected":false},"excerpt":{"rendered":"C\u2019\u00e9tait une premi\u00e8re, et elle \u00e9tait forc\u00e9ment attendue. Alors que le temps s\u2019est acc\u00e9l\u00e9r\u00e9 cette semaine au Tours&hellip;\n","protected":false},"author":2,"featured_media":550095,"comment_status":"","ping_status":"","sticky":false,"template":"","format":"standard","meta":{"footnotes":""},"categories":[1417],"tags":[1392,1011,27,1387,1655,60,1390,1471,2767,1470,1469],"class_list":{"0":"post-550094","1":"post","2":"type-post","3":"status-publish","4":"format-standard","5":"has-post-thumbnail","7":"category-volley","8":"tag-a-la-une-local","9":"tag-fr","10":"tag-france","11":"tag-indre-et-loire","12":"tag-ligue-a","13":"tag-sports","14":"tag-tours","15":"tag-tours-volley-ball","16":"tag-tvb-37","17":"tag-volley","18":"tag-volleyball"},"share_on_mastodon":{"url":"https:\/\/pubeurope.com\/@fr\/115590227893838248","error":""},"_links":{"self":[{"href":"https:\/\/www.europesays.com\/fr\/wp-json\/wp\/v2\/posts\/550094","targetHints":{"allow":["GET"]}}],"collection":[{"href":"https:\/\/www.europesays.com\/fr\/wp-json\/wp\/v2\/posts"}],"about":[{"href":"https:\/\/www.europesays.com\/fr\/wp-json\/wp\/v2\/types\/post"}],"author":[{"embeddable":true,"href":"https:\/\/www.europesays.com\/fr\/wp-json\/wp\/v2\/users\/2"}],"replies":[{"embeddable":true,"href":"https:\/\/www.europesays.com\/fr\/wp-json\/wp\/v2\/comments?post=550094"}],"version-history":[{"count":0,"href":"https:\/\/www.europesays.com\/fr\/wp-json\/wp\/v2\/posts\/550094\/revisions"}],"wp:featuredmedia":[{"embeddable":true,"href":"https:\/\/www.europesays.com\/fr\/wp-json\/wp\/v2\/media\/550095"}],"wp:attachment":[{"href":"https:\/\/www.europesays.com\/fr\/wp-json\/wp\/v2\/media?parent=550094"}],"wp:term":[{"taxonomy":"category","embeddable":true,"href":"https:\/\/www.europesays.com\/fr\/wp-json\/wp\/v2\/categories?post=550094"},{"taxonomy":"post_tag","embeddable":true,"href":"https:\/\/www.europesays.com\/fr\/wp-json\/wp\/v2\/tags?post=550094"}],"curies":[{"name":"wp","href":"https:\/\/api.w.org\/{rel}","templated":true}]}}