{"id":550098,"date":"2025-11-21T23:15:19","date_gmt":"2025-11-21T23:15:19","guid":{"rendered":"https:\/\/www.europesays.com\/fr\/550098\/"},"modified":"2025-11-21T23:15:19","modified_gmt":"2025-11-21T23:15:19","slug":"atp-tsitsipas-flashe-a-210-km-h-recupere-quand-meme-son-permis-sports","status":"publish","type":"post","link":"https:\/\/www.europesays.com\/fr\/550098\/","title":{"rendered":"ATP : Tsitsipas, flash\u00e9 \u00e0 210 km\/h, r\u00e9cup\u00e8re quand m\u00eame son permis : Sports"},"content":{"rendered":"<p class=\"date\">\n                                                            Thomas Siniecki, Media365 : publi\u00e9 le vendredi 21 novembre 2025 \u00e0 22h30\n                                                    <\/p>\n<p>Le b\u00e9n\u00e9fice du doute a visiblement b\u00e9n\u00e9fici\u00e9 au joueur grec, qui a bien du mal \u00e0 se concentrer sur sa vie sportive.<\/p>\n<p>Stefanos Tsitsipas, petit \u00e0 petit, devient tout sauf un joueur de tennis. Aux abois dans ses r\u00e9sultats &#8211; retomb\u00e9 \u00e0 la 34e place mondiale, <a href=\"https:\/\/sports.orange.fr\/tennis\/roland-garros\/article\/roland-garros-h-tsitsipas-plus-lente-est-la-chute-CNT000002iW55k.html\" rel=\"nofollow noopener\" target=\"_blank\">il n&rsquo;a franchi le deuxi\u00e8me tour sur aucun des tournois du Grand Chelem cette ann\u00e9e<\/a> -, le voil\u00e0 qui d\u00e9fraie la chronique des faits divers en se voyant retirer son permis de conduire, apr\u00e8s avoir \u00e9t\u00e9 chronom\u00e9tr\u00e9 fin septembre \u00e0 210 km\/h \u00e0 Ath\u00e8nes, pris par un nouveau syst\u00e8me automatis\u00e9 d\u00e9sormais en vigueur dans la grande zone de la capitale. Et 210 sur une autoroute limit\u00e9e \u00e0 120 km\/h, \u00e7a fait un peu beaucoup&#8230; R\u00e9sultat : un an de suspension de permis, donc, ainsi que 2 000 euros d&rsquo;amende. Mais selon l&rsquo;avocat, tout est rentr\u00e9 dans l&rsquo;ordre.<\/p>\n<p>\u00ab\u00a0Il avait pr\u00eat\u00e9 sa voiture\u00a0\u00bb<\/p>\n<p>Tout le monde conna\u00eet l&rsquo;astuce, parfois bien vraie, qui consiste \u00e0 se d\u00e9fausser sur un ami, <a href=\"https:\/\/sports.orange.fr\/tennis\/atp\/article\/atp-tsitsipas-reengage-son-pere-CNT000002jO2Qm.html\" rel=\"nofollow noopener\" target=\"_blank\">et le clan Tsitsipas<\/a> a communiqu\u00e9 en ce sens : \u00ab\u00a0Il ne conduisait pas, il \u00e9tait passager. Il avait pr\u00eat\u00e9 sa voiture \u00e0 quelqu&rsquo;un d&rsquo;autre, comme \u00e7a arrive souvent.\u00a0\u00bb Me Papathanasiou confirme : \u00ab\u00a0La voiture \u00e9tait conduite par une tierce personne, les questions relatives \u00e0 l&rsquo;amende et \u00e0 la restitution du permis ont \u00e9t\u00e9 r\u00e9gl\u00e9es.\u00a0\u00bb<\/p>\n<p>La ficelle pouvait para\u00eetre un peu grosse pour le joueur de 27 ans qui, en fin d&rsquo;ann\u00e9e derni\u00e8re, avait d\u00e9j\u00e0 fi\u00e8rement relay\u00e9 le compteur de son Aston Martin \u00e0 275 km\/h. L\u00e0 aussi, il pourrait toujours arguer que c&rsquo;\u00e9tait sa photo mais certainement pas lui au volant, ou pourquoi pas qu&rsquo;il se situait sur une portion d&rsquo;autoroute allemande sans limitation de vitesse&#8230; La m\u00e8re de Stefanos Tsitsipas appuie la d\u00e9fense de son fils (pour Alpha TV) : \u00ab\u00a0Il est en vacances en Afrique, c&rsquo;est probablement quelqu&rsquo;un d&rsquo;autre qui conduisait. Il se pr\u00e9parera en d\u00e9cembre avant de rejoindre progressivement l&rsquo;Australie.\u00a0\u00bb Yulia Salnikova confirme au passage que son rejeton \u00ab\u00a0a toujours pr\u00e9f\u00e9r\u00e9 Aston Martin, depuis son enfance, mais il appr\u00e9cie aussi les Tesla \u00e9lectriques\u00a0\u00bb. Il en a d&rsquo;ailleurs offert une \u00e0 ses parents.<\/p>\n","protected":false},"excerpt":{"rendered":"Thomas Siniecki, Media365 : publi\u00e9 le vendredi 21 novembre 2025 \u00e0 22h30 Le b\u00e9n\u00e9fice du doute a visiblement&hellip;\n","protected":false},"author":2,"featured_media":550099,"comment_status":"","ping_status":"","sticky":false,"template":"","format":"standard","meta":{"footnotes":""},"categories":[1415],"tags":[1011,27,60,1467],"class_list":{"0":"post-550098","1":"post","2":"type-post","3":"status-publish","4":"format-standard","5":"has-post-thumbnail","7":"category-tennis","8":"tag-fr","9":"tag-france","10":"tag-sports","11":"tag-tennis"},"share_on_mastodon":{"url":"https:\/\/pubeurope.com\/@fr\/115590235645634612","error":""},"_links":{"self":[{"href":"https:\/\/www.europesays.com\/fr\/wp-json\/wp\/v2\/posts\/550098","targetHints":{"allow":["GET"]}}],"collection":[{"href":"https:\/\/www.europesays.com\/fr\/wp-json\/wp\/v2\/posts"}],"about":[{"href":"https:\/\/www.europesays.com\/fr\/wp-json\/wp\/v2\/types\/post"}],"author":[{"embeddable":true,"href":"https:\/\/www.europesays.com\/fr\/wp-json\/wp\/v2\/users\/2"}],"replies":[{"embeddable":true,"href":"https:\/\/www.europesays.com\/fr\/wp-json\/wp\/v2\/comments?post=550098"}],"version-history":[{"count":0,"href":"https:\/\/www.europesays.com\/fr\/wp-json\/wp\/v2\/posts\/550098\/revisions"}],"wp:featuredmedia":[{"embeddable":true,"href":"https:\/\/www.europesays.com\/fr\/wp-json\/wp\/v2\/media\/550099"}],"wp:attachment":[{"href":"https:\/\/www.europesays.com\/fr\/wp-json\/wp\/v2\/media?parent=550098"}],"wp:term":[{"taxonomy":"category","embeddable":true,"href":"https:\/\/www.europesays.com\/fr\/wp-json\/wp\/v2\/categories?post=550098"},{"taxonomy":"post_tag","embeddable":true,"href":"https:\/\/www.europesays.com\/fr\/wp-json\/wp\/v2\/tags?post=550098"}],"curies":[{"name":"wp","href":"https:\/\/api.w.org\/{rel}","templated":true}]}}