{"id":550100,"date":"2025-11-21T23:19:16","date_gmt":"2025-11-21T23:19:16","guid":{"rendered":"https:\/\/www.europesays.com\/fr\/550100\/"},"modified":"2025-11-21T23:19:16","modified_gmt":"2025-11-21T23:19:16","slug":"remco-evenepoel-remporte-son-5e-velo-de-cristal-et-rejoint-johan-museeuw-en-tete-du-palmares-dhnet","status":"publish","type":"post","link":"https:\/\/www.europesays.com\/fr\/550100\/","title":{"rendered":"Remco Evenepoel remporte son 5e V\u00e9lo de Cristal et rejoint Johan Museeuw en t\u00eate du palmar\u00e8s &#8211; DHnet"},"content":{"rendered":"<ol>\n<li><a href=\"https:\/\/news.google.com\/rss\/articles\/CBMi_AFBVV95cUxNbkprc1NvcU90OXZOV1ZJUnNNYlFZRHBYVm5CZnlxSUk3MzdBbWdZTEFGZDlzZ05oWUxrRmhaYW5taUl3ekhoWXp5SWctbzZTRzlsUERuMlN6MUFlQmdvTjJZQTBJcWVPeElQQ0F6cUl4RkdpYmpBVW1wVkFnTF9ET0FSbWFGTXdhaEVaVGJTSVFmeUZZTEMxM3RBdzk0QVVIWFd4NTR0OEIwLXAtWTdQZ3l0ZjlxT3FXaS1tcW1iZFEzcTBkaHNsTmtaRXBqcklLR0lDRlZWVndrNW9qbnp3ZlZUZVVmeE5sNDRydWI5bFdMb0RYWkh2ZnRWUHg?oc=5\" target=\"_blank\" rel=\"noopener\">Remco Evenepoel remporte son 5e V\u00e9lo de Cristal et rejoint Johan Museeuw en t\u00eate du palmar\u00e8s<\/a>&nbsp;&nbsp;DHnet<\/li>\n<li><a href=\"https:\/\/news.google.com\/rss\/articles\/CBMi7wFBVV95cUxOQ3Q0YlA0Z0xSM0IxVjNRVWJjSUJqWGFvYUpuZ1ZrREJvUC1yQktKdW50X3hseHJJakpMUk1USmxfU1NZaTdDTENWUGJCZ3lDWHF4V2xsX0M5aEFDR01lWW1OWXJ0c0VoWFZHUmdJbGVYaWtBZkV3N1NEcHlwa2JlRWx2S0FMQVZDdWY1bE9zNmZzSDZPQ05JdW5GODJmNWdsUVd6T2pjN2JLVzRMTTdvOHg4X0ZucXV3RlJzMVktZXJ2RjNGSWRGNVdHTWZMUGg2RWZ0eWZtOE5PX0NoVnc3NTY4cFl5STdVR1p2SFE0cw?oc=5\" target=\"_blank\" rel=\"noopener\">Remco Evenepoel sur sa participation au Tour de France 2026 : \u00ab\u00a0En principe, j\u2019y serai\u00a0\u00bb<\/a>&nbsp;&nbsp;Eurosport<\/li>\n<li><a href=\"https:\/\/news.google.com\/rss\/articles\/CBMiwwFBVV95cUxORGdIV2F5dXByVnZDRUJ3dTFTQkxPRjROUktoSDhDZzRGUThoVmJJSzBuYzRibzFQclctaWc4TUNaTTZESHpwLUpKMzZWRlJ6RFNJLVFDUTQyWER2V05MZm5CMk9DS1dGZEtxM25uRFRPZWs5b3J3OEZjNEhKMVctbDRfcWpReTNMSVg4S2pKTW9VNFo1bWlveGtyMXBiOGIyTWk3R25rSkpycTZmNG5UalY0aERNMThMY0FNRENQakhWeWc?oc=5\" target=\"_blank\" rel=\"noopener\">Remco Evenepoel remporte le V\u00e9lo de Cristal et rejoint Johan Museeuw en t\u00eate du palmar\u00e8s<\/a>&nbsp;&nbsp;RTBF<\/li>\n<li><a href=\"https:\/\/news.google.com\/rss\/articles\/CBMipgFBVV95cUxPZHZQS0VyS040TWwwbGhKbEFDTnJncjVobXA5UVNNMDljQ3pzYlVBTTg5QlppRWhTd1hLbEpyQU9OdkpTdG5TS204enNxV09FbWxRWmFjejBDSk9Sa1ZlRjA1OEk2OXF2cEhJMDZlYlJXeUhDR0hjMWV2dDNlOXRvYTJ1M2JTNXJ6cExJQ0FzYWEtMU1jeTVpeUpDLU9IVktvQ0tNd3d3?oc=5\" target=\"_blank\" rel=\"noopener\">Evenepoel, Pogacar, Van Aert, le programme et calendrier des leaders en 2026<\/a>&nbsp;&nbsp;V\u00e9lofut\u00e9<\/li>\n<li><a href=\"https:\/\/news.google.com\/rss\/articles\/CBMijAFBVV95cUxNd3FSZnF1QTVOTkpjeV9teWg5TExHUVFnZHdNSDRvTWZSV0huWkhqNnR0bTA3a0V0UldkZHBMRGJXMkJXbHlpM0dvT2pwdmh0WXVCcTFWMnpteE44alVEcFNDekpJN0h4Vk1OT0VYWE1pV2RxdmpTV0Z1MzZ0aWhCdko0U0NLSW9INmNFTQ?oc=5\" target=\"_blank\" rel=\"noopener\">Cyclisme : Peur de Pogacar ? Evenepoel r\u00e9pond cash<\/a>&nbsp;&nbsp;Le10Sport<\/li>\n<\/ol>\n","protected":false},"excerpt":{"rendered":"Remco Evenepoel remporte son 5e V\u00e9lo de Cristal et rejoint Johan Museeuw en t\u00eate du palmar\u00e8s&nbsp;&nbsp;DHnet Remco Evenepoel&hellip;\n","protected":false},"author":2,"featured_media":395849,"comment_status":"","ping_status":"","sticky":false,"template":"","format":"standard","meta":{"footnotes":""},"categories":[1411],"tags":[1154,207,1011,27,60],"class_list":{"0":"post-550100","1":"post","2":"type-post","3":"status-publish","4":"format-standard","5":"has-post-thumbnail","7":"category-cyclisme","8":"tag-cycling","9":"tag-cyclisme","10":"tag-fr","11":"tag-france","12":"tag-sports"},"share_on_mastodon":{"url":"https:\/\/pubeurope.com\/@fr\/115590251489794049","error":""},"_links":{"self":[{"href":"https:\/\/www.europesays.com\/fr\/wp-json\/wp\/v2\/posts\/550100","targetHints":{"allow":["GET"]}}],"collection":[{"href":"https:\/\/www.europesays.com\/fr\/wp-json\/wp\/v2\/posts"}],"about":[{"href":"https:\/\/www.europesays.com\/fr\/wp-json\/wp\/v2\/types\/post"}],"author":[{"embeddable":true,"href":"https:\/\/www.europesays.com\/fr\/wp-json\/wp\/v2\/users\/2"}],"replies":[{"embeddable":true,"href":"https:\/\/www.europesays.com\/fr\/wp-json\/wp\/v2\/comments?post=550100"}],"version-history":[{"count":0,"href":"https:\/\/www.europesays.com\/fr\/wp-json\/wp\/v2\/posts\/550100\/revisions"}],"wp:featuredmedia":[{"embeddable":true,"href":"https:\/\/www.europesays.com\/fr\/wp-json\/wp\/v2\/media\/395849"}],"wp:attachment":[{"href":"https:\/\/www.europesays.com\/fr\/wp-json\/wp\/v2\/media?parent=550100"}],"wp:term":[{"taxonomy":"category","embeddable":true,"href":"https:\/\/www.europesays.com\/fr\/wp-json\/wp\/v2\/categories?post=550100"},{"taxonomy":"post_tag","embeddable":true,"href":"https:\/\/www.europesays.com\/fr\/wp-json\/wp\/v2\/tags?post=550100"}],"curies":[{"name":"wp","href":"https:\/\/api.w.org\/{rel}","templated":true}]}}