{"id":550105,"date":"2025-11-21T23:22:16","date_gmt":"2025-11-21T23:22:16","guid":{"rendered":"https:\/\/www.europesays.com\/fr\/550105\/"},"modified":"2025-11-21T23:22:16","modified_gmt":"2025-11-21T23:22:16","slug":"rendez-la-statue-serieux-une-silhouette-de-thomas-pesquet-volee-sur-un-sentier-au-pied-du-mont-ventoux","status":"publish","type":"post","link":"https:\/\/www.europesays.com\/fr\/550105\/","title":{"rendered":"\u00ab\u00a0Rendez la statue, s\u00e9rieux\u00a0\u00bb : une silhouette de Thomas Pesquet vol\u00e9e sur un sentier au pied du mont Ventoux"},"content":{"rendered":"<ul class=\"jsx-862013697 ArticleChapo__List\">\n<li class=\"jsx-862013697 ArticleChapo__List_Item flex\">Une silhouette grandeur nature de l&rsquo;astronaute fran\u00e7ais \u00e9tait expos\u00e9e sur un sentier de la commune de Beaumont-du-Ventoux, aux c\u00f4t\u00e9s d&rsquo;autres statues.<\/li>\n<li class=\"jsx-862013697 ArticleChapo__List_Item flex\">Mais quelques jours seulement apr\u00e8s son installation, elle a \u00e9t\u00e9 d\u00e9rob\u00e9e : la mairie a d\u00e9pos\u00e9 plainte, signalant la pr\u00e9sence de \u00ab\u00a0pi\u00e8ges photographiques\u00a0\u00bb, pr\u00e9cieux pour l&rsquo;enqu\u00eate.<\/li>\n<li class=\"jsx-862013697 ArticleChapo__List_Item flex\">Thomas Pesquet a lui-m\u00eame r\u00e9agi ce vendredi, appelant les voleurs \u00e0 restituer la statue.<\/li>\n<\/ul>\n<p data-module=\"article-paragraph\" class=\"jsx-3046738180 Paragraph\">Elle n&rsquo;a \u00e9t\u00e9 expos\u00e9e que quelques jours \u00e0 peine. Une statue repr\u00e9sentant <a href=\"https:\/\/www.tf1info.fr\/culture\/tom-cruise-entre-au-pantheon-de-l-aviation-francaise-en-presence-de-thomas-pesquet-2349778.html\" target=\"_blank\" rel=\"noopener\">l&rsquo;astronaute Thomas Pesquet (nouvelle fen\u00eatre)<\/a>, expos\u00e9e aux c\u00f4t\u00e9s de plusieurs autres silhouettes repr\u00e9sentant des figures historiques du monde des sciences, a \u00e9t\u00e9 d\u00e9rob\u00e9e \u00e0 Beaumont-du-Ventoux (Vaucluse). Apr\u00e8s avoir lanc\u00e9 un appel aux malfaiteurs, rest\u00e9 sans r\u00e9ponse, la municipalit\u00e9 a d\u00e9cid\u00e9 de porter le dossier devant la justice, tandis que le principal int\u00e9ress\u00e9 a \u00e9galement r\u00e9agi.\u00a0<\/p>\n<p data-module=\"article-paragraph\" class=\"jsx-3046738180 Paragraph Paragraph__End\">La sculpture du premier <a href=\"https:\/\/www.tf1info.fr\/environnement-ecologie\/video-cop-26-on-voit-la-fragilite-de-la-terre-depuis-l-iss-thomas-pesquet-alerte-emmanuel-macron-sur-le-rechauffement-climatique-2200934.html\" target=\"_blank\" rel=\"noopener\">Fran\u00e7ais commandant de bord de la Station spatiale internationale (nouvelle fen\u00eatre)<\/a> se trouvait sur le sentier Jean-Henri Fabre, aux c\u00f4t\u00e9s de plusieurs autres, dont celui du naturaliste qui donne son nom \u00e0 ce chemin, ou encore les chercheurs Louis Pasteur, Marie Curie et Antoine Lavoisier. L&rsquo;objectif \u00e9tait de proposer un parcours p\u00e9dagogique, notamment pour les classes vertes, explique la radio locale <a href=\"https:\/\/www.francebleu.fr\/infos\/faits-divers-justice\/la-statue-de-thomas-pesquet-au-pied-du-ventoux-a-ete-volee-4363056\" target=\"_blank\" rel=\"nofollow noopener\">Ici Vaucluse (nouvelle fen\u00eatre)<\/a>.\u00a0<\/p>\n<p>Un ultimatum de 48 heures donn\u00e9 par la municipalit\u00e9, en vain<\/p>\n<p data-module=\"article-paragraph\" class=\"jsx-3046738180 Paragraph\">La silhouette de Thomas Pesquet \u00e9tait install\u00e9e depuis quelques jours seulement dans cette for\u00eat au pied du Ventoux, quand elle a \u00e9t\u00e9 d\u00e9mont\u00e9e et s&rsquo;est volatilis\u00e9e, tandis que les autres sont rest\u00e9es en place. Les faits se sont d\u00e9roul\u00e9s \u00ab\u00a0entre le 7 et le 10 novembre\u00a0\u00bb, ont indiqu\u00e9 les gendarmes \u00e0 <a href=\"https:\/\/www.laprovence.com\/article\/societe\/3628181948974314\/rendez-la-statue-serieux-thomas-pesquet-reagit-apres-le-vol-de-sa-statue-au-pied-du-ventoux\" target=\"_blank\" rel=\"nofollow noopener\">La Provence (nouvelle fen\u00eatre)<\/a>.\u00a0<\/p>\n<p data-module=\"article-paragraph\" class=\"jsx-3046738180 Paragraph Paragraph__End\">Il y a une dizaine de jours, le maire de Beaumont-du-Ventoux Alain Br\u00e9mond annon\u00e7ait ainsi sur Facebook que le \u00ab\u00a0personnage\u00a0\u00bb de <a href=\"https:\/\/www.tf1info.fr\/culture\/video-tf1-enfance-reves-d-espace-thomas-pesquet-revient-sur-son-parcours-dans-sept-a-huit-2272906.html\" target=\"_blank\" rel=\"noopener\">l&rsquo;astronaute normand de 47 ans (nouvelle fen\u00eatre)<\/a> avait \u00e9t\u00e9 \u00ab\u00a0d\u00e9rob\u00e9\u00a0\u00bb, appelant les \u00ab\u00a0personnes malveillantes\u00a0\u00bb \u00e0 l&rsquo;origine de ce vol \u00e0 \u00ab\u00a0ramener la structure dans les 48 heures\u00a0\u00bb. Pour cause, les voleurs ont laiss\u00e9 derri\u00e8re eux des indices de taille, qui devraient permettre de les identifier facilement : \u00ab\u00a0des outils ayant servi au d\u00e9montage ont \u00e9t\u00e9 retrouv\u00e9s ; la gendarmerie pourra relever vos empreintes\u00a0\u00bb, avait notamment signal\u00e9 l&rsquo;\u00e9dile de cette petite commune de quelque 300 habitants.\u00a0<\/p>\n<p data-module=\"article-paragraph\" class=\"jsx-3046738180 Paragraph Paragraph__End\">Le message a ensuite visiblement \u00e9t\u00e9 mis \u00e0 jour, une fois le d\u00e9lai \u00e9coul\u00e9 : \u00ab\u00a0Aucun retour n\u2019a \u00e9t\u00e9 constat\u00e9\u00a0\u00bb, a d\u00e9plor\u00e9 Alain Br\u00e9mond. La mairie a donc d\u00e9cid\u00e9 de porter plainte. \u00ab\u00a0Les pi\u00e8ges photographiques install\u00e9s ayant permis d&rsquo;\u00e9tablir des \u00e9l\u00e9ments concrets, une plainte officielle a \u00e9t\u00e9 d\u00e9pos\u00e9e aupr\u00e8s de la gendarmerie\u00a0\u00bb, a d\u00e9clar\u00e9 le maire.<\/p>\n<p>\u00ab\u00a0De la b\u00eatise humaine\u00a0\u00bb : le maire de la commune en col\u00e8re<\/p>\n<p data-module=\"article-paragraph\" class=\"jsx-3046738180 Paragraph Paragraph__End\">\u00ab\u00a0C&rsquo;est un truc de 1,80 m\u00e8tre, \u00e0 1.800 euros. Quelqu&rsquo;un est venu le d\u00e9boulonner. C&rsquo;est l&rsquo;imb\u00e9cilit\u00e9 de quelqu&rsquo;un qui ne respecte pas ce qui est fait pour d\u00e9couvrir le Ventoux\u00a0\u00bb, a tonn\u00e9 Alain Br\u00e9mond aupr\u00e8s de la radio ICI Vaucluse. \u00ab\u00a0Pourquoi voler une statue qui est \u00e0 tout le monde ? C&rsquo;est de la b\u00eatise humaine dans un monde o\u00f9 personne ne respecte plus quoi que ce soit\u00a0\u00bb, s&rsquo;est-il encore irrit\u00e9.\u00a0<\/p>\n<blockquote data-testid=\"EmbedTwitter\" id=\"tweet-1991777368718086263-:R9gcmj9v79m:\" class=\"jsx-aeff1a1c40f54d7a twitter-tweet flex justify-center items-center\"><p>Je m\u2019offusque car la \u00ab taille r\u00e9elle \u00bb est d\u00e9crite \u00e0 1m80\u2026 c\u2019est ma carri\u00e8re de basketteur qui est en jeu (ah et aussi : rendez la statue, s\u00e9rieux)  https:\/\/t.co\/wS7rQIeYQt \u2014 Thomas Pesquet (@Thom_astro)  November 21, 2025<\/p><\/blockquote>\n<p data-module=\"article-paragraph\" class=\"jsx-3046738180 Paragraph\">Quant \u00e0 Thomas Pesquet, il a r\u00e9agi ce vendredi 21 novembre \u00e0 l&rsquo;article de la radio locale, qui pr\u00e9sentait la statue comme de \u00ab\u00a0taille r\u00e9elle\u00a0\u00bb. \u00ab\u00a0Je m&rsquo;offusque car la taille r\u00e9elle est d\u00e9crite \u00e0 1m80&#8230; C&rsquo;est ma carri\u00e8re de basketteur qui est en jeu\u00a0\u00bb, a ironis\u00e9 l&rsquo;astronaute, qui mesure en r\u00e9alit\u00e9 1m84, et avait confi\u00e9 en 2017 \u00e0 <a href=\"https:\/\/www.parismatch.com\/Actu\/Sciences\/Thomas-Pesquet-roi-du-Monde-1423388\" target=\"_blank\" rel=\"nofollow noopener\">Paris Match (nouvelle fen\u00eatre)<\/a> que son \u00ab\u00a0autre r\u00eave \u00e9tait d&rsquo;\u00eatre basketteur\u00a0\u00bb. Avant de r\u00e9agir sur le fond : \u00ab\u00a0Rendez la statue, s\u00e9rieux\u00a0\u00bb, a-t-il l\u00e2ch\u00e9.\u00a0<\/p>\n<p data-module=\"article-paragraph\" class=\"jsx-3046738180 Paragraph Paragraph__End\">\u00ab\u00a0L&rsquo;enqu\u00eate est d\u00e9sormais en cours\u00a0\u00bb, a indiqu\u00e9 le maire de la commune sur Facebook. Les militaires de la communaut\u00e9 de brigade de Vaison-la-Romaine en ont la charge, a indiqu\u00e9 un gendarme \u00e0 La Provence.\u00a0<\/p>\n<p>M.L.<\/p>\n","protected":false},"excerpt":{"rendered":"Une silhouette grandeur nature de l&rsquo;astronaute fran\u00e7ais \u00e9tait expos\u00e9e sur un sentier de la commune de Beaumont-du-Ventoux, aux&hellip;\n","protected":false},"author":2,"featured_media":550106,"comment_status":"","ping_status":"","sticky":false,"template":"","format":"standard","meta":{"footnotes":""},"categories":[1358],"tags":[1111,11,1921,1348,1384,1385,48,1386,58,59,386,1011,27,3381,1922,43,66763,7470,133,8554],"class_list":{"0":"post-550105","1":"post","2":"type-post","3":"status-publish","4":"format-standard","5":"has-post-thumbnail","7":"category-arts-et-design","8":"tag-actu","9":"tag-actualites","10":"tag-article-video","11":"tag-arts","12":"tag-arts-and-design","13":"tag-arts-et-design","14":"tag-astronomie","15":"tag-design","16":"tag-divertissement","17":"tag-entertainment","18":"tag-espace","19":"tag-fr","20":"tag-france","21":"tag-gendarmerie","22":"tag-info","23":"tag-science","24":"tag-sciences-du-vivant-et-nature","25":"tag-thomas-pesquet","26":"tag-video","27":"tag-video-sciences"},"share_on_mastodon":{"url":"https:\/\/pubeurope.com\/@fr\/115590263119168610","error":""},"_links":{"self":[{"href":"https:\/\/www.europesays.com\/fr\/wp-json\/wp\/v2\/posts\/550105","targetHints":{"allow":["GET"]}}],"collection":[{"href":"https:\/\/www.europesays.com\/fr\/wp-json\/wp\/v2\/posts"}],"about":[{"href":"https:\/\/www.europesays.com\/fr\/wp-json\/wp\/v2\/types\/post"}],"author":[{"embeddable":true,"href":"https:\/\/www.europesays.com\/fr\/wp-json\/wp\/v2\/users\/2"}],"replies":[{"embeddable":true,"href":"https:\/\/www.europesays.com\/fr\/wp-json\/wp\/v2\/comments?post=550105"}],"version-history":[{"count":0,"href":"https:\/\/www.europesays.com\/fr\/wp-json\/wp\/v2\/posts\/550105\/revisions"}],"wp:featuredmedia":[{"embeddable":true,"href":"https:\/\/www.europesays.com\/fr\/wp-json\/wp\/v2\/media\/550106"}],"wp:attachment":[{"href":"https:\/\/www.europesays.com\/fr\/wp-json\/wp\/v2\/media?parent=550105"}],"wp:term":[{"taxonomy":"category","embeddable":true,"href":"https:\/\/www.europesays.com\/fr\/wp-json\/wp\/v2\/categories?post=550105"},{"taxonomy":"post_tag","embeddable":true,"href":"https:\/\/www.europesays.com\/fr\/wp-json\/wp\/v2\/tags?post=550105"}],"curies":[{"name":"wp","href":"https:\/\/api.w.org\/{rel}","templated":true}]}}