{"id":550121,"date":"2025-11-21T23:32:15","date_gmt":"2025-11-21T23:32:15","guid":{"rendered":"https:\/\/www.europesays.com\/fr\/550121\/"},"modified":"2025-11-21T23:32:15","modified_gmt":"2025-11-21T23:32:15","slug":"la-rencontre-trump-mamdani-ne-sest-pas-passee-comme-on-aurait-pu-limaginer","status":"publish","type":"post","link":"https:\/\/www.europesays.com\/fr\/550121\/","title":{"rendered":"La rencontre Trump-Mamdani ne s\u2019est pas pass\u00e9e comme on aurait pu l\u2019imaginer"},"content":{"rendered":"<p>        <img decoding=\"async\" loading=\"lazy\" src=\"https:\/\/www.europesays.com\/fr\/wp-content\/uploads\/2025\/11\/c5d1af2_upload-1-0xwurungblbq-afp-20251121-84t33d8-v1-midres-uspoliticstrump.jpg\"  width=\"728\" height=\"410\" alt=\"Le pr\u00e9sident am\u00e9ricain Donald Trump (\u00e0 droite) rencontre le maire \u00e9lu de New York, Zohran Mamdani, dans le bureau ovale de la Maison Blanche \u00e0 Washington, DC, le 21\u00a0novembre 2025. \"\/>  <\/p>\n<p>JIM WATSON \/ AFP<\/p>\n<p>Le pr\u00e9sident am\u00e9ricain Donald Trump (\u00e0 droite) rencontre le maire \u00e9lu de New York, Zohran Mamdani, dans le bureau ovale de la Maison Blanche \u00e0 Washington, DC, le 21\u00a0novembre 2025. <\/p>\n<p class=\"asset asset-text\">L\u2019image a de quoi surprendre. <a href=\"https:\/\/www.huffingtonpost.fr\/international\/article\/guerre-en-ukraine-avec-le-plan-de-paix-de-trump-zelensky-se-trouve-sur-une-ligne-de-crete_257391.html\" target=\"_blank\" rel=\"noopener\">Donald Trump<\/a> et Zohran Mamdani, posant c\u00f4te \u00e0 c\u00f4te, tout sourire, voire m\u00eame l\u2019air complice. Contre toute attente, les deux hommes farouchement oppos\u00e9s sur le plan politique ont affich\u00e9 une entente cordiale lors de leur rencontre \u00e0 la Maison Blanche, ce vendredi 21\u00a0novembre.<\/p>\n<p class=\"asset asset-text\">L\u2019\u00e9change s\u2019est d\u00e9roul\u00e9 \u00e0 huis clos, pendant une trentaine de minutes, puis les journalistes ont finalement \u00e9t\u00e9 autoris\u00e9s \u00e0 entrer dans le bureau ovale. Le prochain<a href=\"https:\/\/www.huffingtonpost.fr\/international\/video\/le-democrate-zohran-mamdani-elu-nouveau-maire-de-new-york-au-grand-dam-de-trump_256783.html\" target=\"_blank\" rel=\"noopener\"> maire d\u00e9mocrate de New York<\/a> a alors d\u00e9clar\u00e9\u00a0: \u00ab\u00a0J\u2019ai appr\u00e9ci\u00e9 le temps pass\u00e9 avec le pr\u00e9sident, j\u2019ai appr\u00e9ci\u00e9 la conversation et je me r\u00e9jouis de travailler ensemble\u00a0\u00bb. Donald Trump a acquiesc\u00e9\u00a0: \u00ab\u00a0Nous venons d\u2019avoir une excellente r\u00e9union, une r\u00e9union tr\u00e8s productive\u00a0\u00bb.<\/p>\n<p class=\"asset asset-text\">Le pr\u00e9sident am\u00e9ricain avait pourtant multipli\u00e9 les attaques contre le candidat \u00e0 la mairie de New York ces derni\u00e8res semaines, qualifiant r\u00e9guli\u00e8rement le d\u00e9mocrate de \u00ab\u00a0communiste\u00a0\u00bb et allant jusqu\u2019\u00e0 menacer de supprimer les financements f\u00e9d\u00e9raux pour New York si le trentenaire d\u2019origine indienne, premier musulman \u00e9lu maire de la plus grande ville des<a href=\"https:\/\/www.huffingtonpost.fr\/international\/article\/degoutant-emasculant-les-conservateurs-americains-sont-en-croisade-contre-ce-pull-rose_257358.html\" target=\"_blank\" rel=\"noopener\"> \u00c9tats-Unis<\/a>, venait \u00e0 l\u2019emporter.<\/p>\n<p class=\"asset asset-text\">Malgr\u00e9 ces d\u00e9clarations belliqueuses, la rencontre de vendredi s\u2019est d\u00e9roul\u00e9e dans un climat coll\u00e9gial. \u00ab\u00a0J\u2019ai rencontr\u00e9 un homme tr\u00e8s rationnel. J\u2019ai rencontr\u00e9 un homme qui veut voir New York retrouver sa grandeur\u00a0\u00bb, a d\u00e9clar\u00e9 Donald Trump. \u00ab\u00a0Il a la possibilit\u00e9 de faire quelque chose de vraiment exceptionnel pour New York\u00a0\u00bb, a-t-il ajout\u00e9, pr\u00e9cisant que le maire \u00e9lu aura besoin du soutien du gouvernement f\u00e9d\u00e9ral pour r\u00e9ussir. \u00ab\u00a0Nous allons l\u2019aider\u00a0\u00bb, a-t-il assur\u00e9, avant de conclure\u00a0: \u00ab\u00a0Plus il r\u00e9ussira, plus je serai content\u00a0\u00bb.<\/p>\n<p class=\"asset asset-text\">Zohran Mamdani, prochain maire \u00e9lu de New York avait ax\u00e9 sa campagne sur le co\u00fbt de la vie, reprochant au pr\u00e9sident de d\u00e9fendre en priorit\u00e9 les Am\u00e9ricains les plus riches alors que lui-m\u00eame a \u00e9t\u00e9 \u00e9lu sur des promesses li\u00e9es <a href=\"https:\/\/www.huffingtonpost.fr\/international\/video\/donald-trump-est-loin-d-avoir-tenu-ses-engagements-sur-cette-promesse-de-campagne-phare_256665.html\" target=\"_blank\" rel=\"noopener\">au pouvoir d\u2019achat.<\/a><\/p>\n<p class=\"asset asset-text\">Donald Trump avait soutenu son principal adversaire Andrew Cuomo, ex-gouverneur d\u00e9mocrate de l\u2019\u00c9tat. Mais le 4\u00a0novembre, Zohran Mamdani l\u2019a emport\u00e9 avec plus de 50\u00a0% des voix, avec une participation record de plus de 2\u00a0millions d\u2019\u00e9lecteurs, du jamais vu depuis 1969.<\/p>\n<p>    Un \u00e9change constructif sur le co\u00fbt de la vie \u00e0 New York    <\/p>\n<p class=\"asset asset-text\">\u00ab\u00a0Nous avons un point commun\u00a0: nous voulons que notre ville, que nous aimons tant, prosp\u00e8re\u00a0\u00bb, a d\u00e9clar\u00e9 ce vendredi le pr\u00e9sident des \u00c9tats-Unis. \u00ab\u00a0Je l\u2019ai f\u00e9licit\u00e9 et nous avons \u00e9voqu\u00e9 plusieurs sujets qui nous tiennent particuli\u00e8rement \u00e0 c\u0153ur, comme le logement, la construction de nouveaux logements et le prix des denr\u00e9es alimentaires\u00a0\u00bb.<\/p>\n<p class=\"asset asset-text\">Mamdani a soulign\u00e9 la tonalit\u00e9 constructive de l\u2019\u00e9change\u00a0: \u00ab\u00a0Ce que j\u2019appr\u00e9cie vraiment chez le pr\u00e9sident, c\u2019est que notre r\u00e9union ne s\u2019est pas concentr\u00e9e sur les points de d\u00e9saccord, qui sont nombreux, mais aussi sur l\u2019objectif commun que nous avons de servir les New-Yorkais\u00a0\u00bb.<\/p>\n<p class=\"asset asset-text\">Il a insist\u00e9 sur l\u2019impact potentiel de cette coop\u00e9ration\u00a0: \u00ab\u00a0Franchement, c\u2019est quelque chose qui pourrait transformer la vie des huit millions et demi de personnes qui luttent actuellement contre la crise du co\u00fbt de la vie, une personne sur quatre vivant dans la pauvret\u00e9\u00a0\u00bb.<\/p>\n<p class=\"asset asset-text\">\u00ab\u00a0Je me sentirais tr\u00e8s, tr\u00e8s \u00e0 l\u2019aise \u00e0 New York\u00a0\u00bb de Mamdani, a enfin d\u00e9clar\u00e9 Donald Trump, confirmant son spectaculaire revirement, et une fois de plus son caract\u00e8re impr\u00e9visible.<\/p>\n","protected":false},"excerpt":{"rendered":"JIM WATSON \/ AFP Le pr\u00e9sident am\u00e9ricain Donald Trump (\u00e0 droite) rencontre le maire \u00e9lu de New York,&hellip;\n","protected":false},"author":2,"featured_media":550122,"comment_status":"","ping_status":"","sticky":false,"template":"","format":"standard","meta":{"footnotes":""},"categories":[5],"tags":[11,75,73,1011,27,14,415,12,28,62862],"class_list":{"0":"post-550121","1":"post","2":"type-post","3":"status-publish","4":"format-standard","5":"has-post-thumbnail","7":"category-international","8":"tag-actualites","9":"tag-donald-trump","10":"tag-etats-unis","11":"tag-fr","12":"tag-france","13":"tag-international","14":"tag-new-york","15":"tag-news","16":"tag-world","17":"tag-zohran-mamdani"},"share_on_mastodon":{"url":"https:\/\/pubeurope.com\/@fr\/115590303783672443","error":""},"_links":{"self":[{"href":"https:\/\/www.europesays.com\/fr\/wp-json\/wp\/v2\/posts\/550121","targetHints":{"allow":["GET"]}}],"collection":[{"href":"https:\/\/www.europesays.com\/fr\/wp-json\/wp\/v2\/posts"}],"about":[{"href":"https:\/\/www.europesays.com\/fr\/wp-json\/wp\/v2\/types\/post"}],"author":[{"embeddable":true,"href":"https:\/\/www.europesays.com\/fr\/wp-json\/wp\/v2\/users\/2"}],"replies":[{"embeddable":true,"href":"https:\/\/www.europesays.com\/fr\/wp-json\/wp\/v2\/comments?post=550121"}],"version-history":[{"count":0,"href":"https:\/\/www.europesays.com\/fr\/wp-json\/wp\/v2\/posts\/550121\/revisions"}],"wp:featuredmedia":[{"embeddable":true,"href":"https:\/\/www.europesays.com\/fr\/wp-json\/wp\/v2\/media\/550122"}],"wp:attachment":[{"href":"https:\/\/www.europesays.com\/fr\/wp-json\/wp\/v2\/media?parent=550121"}],"wp:term":[{"taxonomy":"category","embeddable":true,"href":"https:\/\/www.europesays.com\/fr\/wp-json\/wp\/v2\/categories?post=550121"},{"taxonomy":"post_tag","embeddable":true,"href":"https:\/\/www.europesays.com\/fr\/wp-json\/wp\/v2\/tags?post=550121"}],"curies":[{"name":"wp","href":"https:\/\/api.w.org\/{rel}","templated":true}]}}