{"id":550123,"date":"2025-11-21T23:33:17","date_gmt":"2025-11-21T23:33:17","guid":{"rendered":"https:\/\/www.europesays.com\/fr\/550123\/"},"modified":"2025-11-21T23:33:17","modified_gmt":"2025-11-21T23:33:17","slug":"je-vais-te-buter-je-vais-cramer-ta-mairie-face-au-narcotrafic-les-maires-bretons-aux-avant-postes","status":"publish","type":"post","link":"https:\/\/www.europesays.com\/fr\/550123\/","title":{"rendered":"\u00ab\u00a0Je vais te buter, je vais cramer ta mairie\u00a0\u00bb\u00a0: face au\u00a0narcotrafic, les maires bretons aux avant-postes"},"content":{"rendered":"<p>\u00ab\u00a0Je vais te buter, je vais cramer ta mairie, je vais cramer ta maison.\u00a0\u00bb La <a href=\"https:\/\/www.letelegramme.fr\/elections\/municipales\/violences-liees-au-narcotrafic-que-peut-reellement-faire-un-maire-6930577.php\" target=\"_blank\" rel=\"noopener\">violence li\u00e9e au narcotrafic<\/a>, le maire PS de Morlaix (29), Jean-Paul Vermot, l\u2019a v\u00e9cue de fa\u00e7on tr\u00e8s personnelle. Nous sommes le samedi 19 juin 2021, vers 17\u00a0h. Alert\u00e9 pour des rondes de scooter, dans un petit quartier HLM proche de son domicile, il se retrouve face \u00e0 un groupe de jeunes visiblement sous stup\u00e9fiants. Parmi eux, un trafiquant extr\u00eamement mena\u00e7ant. \u00ab\u00a0Un jeune homme imm\u00e9diatement pr\u00eat \u00e0 passer \u00e0 l\u2019acte\u00a0\u00bb, se souvient l\u2019\u00e9lu socialiste. L\u2019individu finira par \u00eatre interpell\u00e9, <a href=\"https:\/\/www.letelegramme.fr\/finistere\/morlaix-29600\/lhomme-qui-avait-menace-de-mort-le-maire-de-morlaix-a-ete-condamne-a-cinq-mois-de-prison-avec-sursis-3883538.php\" target=\"_blank\" rel=\"noopener\">puis condamn\u00e9<\/a>, et le point de deal d\u00e9mantel\u00e9. Mais l\u2019\u00e9v\u00e9nement reste marquant pour le maire de Morlaix. \u00ab\u00a0Ce jour-l\u00e0, j\u2019ai eu la confirmation qu\u2019on \u00e9tait dans une augmentation de la pr\u00e9sence du trafic de stup\u00e9fiants. Je dis bien confirmation car les signaux sont quand m\u00eame tr\u00e8s anciens\u00a0\u00bb, indique-t-il.<\/p>\n<p><img decoding=\"async\" src=\"https:\/\/www.europesays.com\/fr\/wp-content\/uploads\/2025\/11\/6920b8511e15232eb108f3be.1.jpeg\" width=\"480\" height=\"300\" class=\"web_golden_m\" loading=\"lazy\" alt=\"\u00ab\u00a0Ce jour-l\u00e0, j\u2019ai eu la confirmation qu\u2019on \u00e9tait dans une augmentation de la pr\u00e9sence du trafic de stup\u00e9fiants. Je dis bien confirmation car les signaux sont quand m\u00eame tr\u00e8s anciens\u00a0\u00bb, indique le maire PS de Morlaix, Jean-Paul Vermot.\"\/>\u00ab\u00a0Ce jour-l\u00e0, j\u2019ai eu la confirmation qu\u2019on \u00e9tait dans une augmentation de la pr\u00e9sence du trafic de stup\u00e9fiants. Je dis bien confirmation car les signaux sont quand m\u00eame tr\u00e8s anciens\u00a0\u00bb, indique le maire PS de Morlaix, Jean-Paul Vermot. (Photo Lionel Le Saux\/Le T\u00e9l\u00e9gramme)<\/p>\n<p>D\u00e9ferlante de la coca\u00efne, homicides dans les communes voisines, tirs en ville\u2026 Jean-Paul Vermot a \u00e9t\u00e9 un des premiers maires de ville moyenne \u00e0 mettre le sujet sous les projecteurs. Ce qui lui a valu, entre autres, d\u2019\u00eatre <a href=\"https:\/\/www.letelegramme.fr\/finistere\/morlaix-29600\/maree-de-cocaine-quand-le-new-york-times-enquete-sur-la-drogue-a-morlaix-6735122.php\" target=\"_blank\" rel=\"noopener\">interrog\u00e9 par le New York Times<\/a>, l\u2019un des plus c\u00e9l\u00e8bres quotidiens am\u00e9ricains. \u00ab\u00a0Aujourd\u2019hui, la parole se lib\u00e8re. Comme tout le monde est concern\u00e9, il n\u2019y a plus la crainte que sa commune soit stigmatis\u00e9e\u00a0\u00bb, observe-t-il. Selon lui, il \u00e9tait grand temps. \u00ab\u00a0Il a fallu attendre l\u2019an dernier pour qu\u2019on ait un atelier sur le narcotrafic au congr\u00e8s des maires. C\u2019est assez symptomatique\u00a0\u00bb, pointe-t-il.<\/p>\n<blockquote><p>En 2023, nous avons compris que tentaient d\u2019arriver des \u00e9l\u00e9ments ext\u00e9rieurs, des visages inconnus, avec des m\u00e9thodes plus violentes.<\/p><\/blockquote>\n<p>De Marseille \u00e0 la pointe bretonne, impossible d\u00e9sormais de fermer les yeux. Parfois, un \u00e9v\u00e9nement dramatique acc\u00e9l\u00e8re la prise de conscience. \u00c0 Rennes, la course-poursuite du 26 octobre 2024, <a href=\"https:\/\/www.letelegramme.fr\/bretagne\/fusillade-et-enfant-touche-par-balle-a-la-tete-a-rennes-sur-fond-de-trafic-de-stupefiants-ou-en-est-on-6691104.php\" target=\"_blank\" rel=\"noopener\">au cours de laquelle un enfant de cinq ans, passager de la voiture de son p\u00e8re, a \u00e9t\u00e9 touch\u00e9 de deux balles \u00e0 la t\u00eate<\/a>, sur fond de guerre de territoire, est encore dans tous les esprits. En r\u00e9alit\u00e9, le glissement a \u00e9t\u00e9 plus insidieux. \u00ab\u00a0En 2023, nous avons compris que tentaient d\u2019arriver des \u00e9l\u00e9ments ext\u00e9rieurs, des visages inconnus avec des m\u00e9thodes plus violentes\u00a0\u00bb, retrace le maire de Lorient, Fabrice Loher (divers centre). Adjoint \u00e0 la s\u00e9curit\u00e9 \u00e0 Pontivy, Paul Le Guernic (divers droite) ne garde pas non plus en t\u00eate un point de bascule pr\u00e9cis. Dans sa commune, les choses ont commenc\u00e9 \u00e0 v\u00e9ritablement changer il y a deux ans.<\/p>\n<p><img decoding=\"async\" src=\"https:\/\/www.europesays.com\/fr\/wp-content\/uploads\/2025\/11\/6920b85105ef21b3a6086410.1.jpeg\" width=\"480\" height=\"300\" class=\"web_golden_m\" loading=\"lazy\" alt=\"Comme de nombreux \u00e9lus, le\u00a0maire PS de Brest, Fran\u00e7ois Cuillandre, pense que \u00ab\u00a0la crise du covid a jou\u00e9 un r\u00f4le important dans cette \u00e9volution\u00a0\u00bb.\"\/>Comme de nombreux \u00e9lus, le\u00a0maire PS de Brest, Fran\u00e7ois Cuillandre, pense que \u00ab\u00a0la crise du covid a jou\u00e9 un r\u00f4le important dans cette \u00e9volution\u00a0\u00bb. (Photo Lionel Le Saux\/Le T\u00e9l\u00e9gramme)<\/p>\n<p>\u00ab\u00a0Que ce soit lors de nos points s\u00e9curit\u00e9 avec la gendarmerie et la police municipale, ou au travers d\u2019\u00e9changes avec des Pontivyens, nous nous sommes peu \u00e0 peu rendu compte que certains sujets de s\u00e9curit\u00e9 ou de tranquillit\u00e9 passaient au second plan, tandis que le trafic de stup\u00e9fiants devenait plus pr\u00e9gnant\u00a0\u00bb, relate-t-il. Comme de nombreux \u00e9lus, le maire PS de Brest, Fran\u00e7ois Cuillandre, pense que \u00ab\u00a0la crise du covid a jou\u00e9 un r\u00f4le important dans cette \u00e9volution\u00a0\u00bb.<\/p>\n<blockquote><p>La lutte contre les trafiquants, souvent violents, est avant tout une mission et la responsabilit\u00e9 de l\u2019\u00c9tat.<\/p><\/blockquote>\n<p>Une fois le constat pos\u00e9, reste une question\u00a0: qui doit agir\u00a0? \u00ab\u00a0La s\u00e9curit\u00e9 ne peut \u00eatre une variable d\u2019ajustement selon les territoires\u00a0: elle est un droit fondamental, que l\u2019\u00c9tat doit garantir partout, pour tous\u00a0\u00bb, <a href=\"https:\/\/www.letelegramme.fr\/finistere\/quimper-29000\/isabelle-assih-maire-de-quimper-a-propos-du-narcotrafic-les-renforts-policiers-doivent-etre-confirmes-6822163.php\" target=\"_blank\" rel=\"noopener\">disait la maire PS de Quimper, Isabelle Assih, en mai dernier<\/a>. Un sentiment largement partag\u00e9. \u00ab\u00a0Les municipalit\u00e9s n\u2019ont pas de comp\u00e9tence directe pour enqu\u00eater sur les r\u00e9seaux mafieux qui s\u2019attaquent \u00e0 nos villes, pour d\u00e9manteler les points de deal, remonter les fili\u00e8res et arr\u00eater les trafiquants\u00a0\u00bb, souligne la maire PS de Rennes, Nathalie App\u00e9r\u00e9. \u00ab\u00a0La lutte contre les trafiquants, souvent violents, est avant tout une mission et la responsabilit\u00e9 de l\u2019\u00c9tat\u00a0\u00bb, abonde Paul Le Guernic. Selon lui, \u00ab\u00a0les collectivit\u00e9s jouent surtout un r\u00f4le d\u2019alerte et d\u2019information, gr\u00e2ce \u00e0 leur bonne connaissance du terrain\u00a0\u00bb.<\/p>\n<p>Une n\u00e9cessaire coop\u00e9ration entre tous les acteurs<\/p>\n<p>Tous les \u00e9lus insistent sur l\u2019indispensable coop\u00e9ration entre les acteurs. Un des meilleurs exemples de collaboration remonte \u00e0 la fin des ann\u00e9es 2010. \u00c0 cette \u00e9poque, la ville de Vannes a un probl\u00e8me avec le quartier de Kercado. Le trafic de drogue y est de grande ampleur\u00a0: jusqu\u2019\u00e0 60\u00a0000 euros par jour pour un point de deal. Sous l\u2019\u00e9gide du procureur, le maire, David Robo (Horizons), porte alors l\u2019installation d\u2019un dispositif peu usit\u00e9 en France, le GLTD (Groupement local de traitement de la d\u00e9linquance) qui r\u00e9unit la police, la gendarmerie, le maire, l\u2019office HLM, la protection judiciaire de la jeunesse, le pr\u00e9fet et la police judiciaire de Nantes. \u00ab\u00a0Nous avons travaill\u00e9 main dans la main\u00a0\u00bb, <a href=\"https:\/\/www.letelegramme.fr\/morbihan\/vannes-56000\/enfin-des-maires-bretons-saluent-la-creation-du-parquet-national-contre-le-narcotrafic-6779542.php\" target=\"_blank\" rel=\"noopener\">racontait-il r\u00e9cemment au T\u00e9l\u00e9gramme<\/a>. Vannes dispose, aujourd\u2019hui, de 172 cam\u00e9ras de vid\u00e9oprotection et d\u2019une police municipale arm\u00e9e comprenant 24 agents \u00ab\u00a0qui, avec la police nationale, interviennent \u00e0 tour de r\u00f4le pour contrer la r\u00e9installation d\u2019embryons de trois points de deal\u00a0\u00bb.<\/p>\n<p><img decoding=\"async\" src=\"https:\/\/www.europesays.com\/fr\/wp-content\/uploads\/2025\/11\/6920b8504339e405910d2da0.1.jpeg\" width=\"480\" height=\"300\" class=\"web_golden_m\" loading=\"lazy\" alt=\"Sous l\u2019\u00e9gide du procureur, le\u00a0maire de Vannes, David Robo (Horizons), a port\u00e9, \u00e0 la fon des ann\u00e9es 2010, l\u2019installation d\u2019un dispositif peu usit\u00e9 en France, le GLTD (Groupement local de traitement de la d\u00e9linquance) qui r\u00e9unit la police, la gendarmerie, le maire, l\u2019office HLM, la protection judiciaire de la jeunesse, le pr\u00e9fet et la police judiciaire de Nantes.\"\/>Sous l\u2019\u00e9gide du procureur, le\u00a0maire de Vannes, David Robo (Horizons), a port\u00e9, \u00e0 la fon des ann\u00e9es 2010, l\u2019installation d\u2019un dispositif peu usit\u00e9 en France, le GLTD (Groupement local de traitement de la d\u00e9linquance) qui r\u00e9unit la police, la gendarmerie, le maire, l\u2019office HLM, la protection judiciaire de la jeunesse, le pr\u00e9fet et la police judiciaire de Nantes. (Photo Fran\u00e7ois Destoc\/Le T\u00e9l\u00e9gramme)<\/p>\n<p>\u00c0 Lorient, Fabrice Loher ne dit pas autre chose. \u00ab\u00a0Les actions spectaculaires, o\u00f9 on voit des d\u00e9ploiements tr\u00e8s importants pendant quelques jours, sont des coups d\u2019\u00e9p\u00e9e dans l\u2019eau. Ce qui compte, c\u2019est une intervention r\u00e9guli\u00e8re et p\u00e9renne sur le terrain. Quasiment toutes les semaines, nous avons des op\u00e9rations conjointes police nationale-police municipale, dans plusieurs quartiers, pour casser le deal\u00a0\u00bb, indique-t-il. Pour lui, pas de doute\u00a0: police municipale et vid\u00e9oprotection sont des maillons essentiels, en particulier dans la collecte de preuves.<\/p>\n<p>Le maire de Brest, Fran\u00e7ois Cuillandre, est toujours oppos\u00e9 \u00e0 la cr\u00e9ation d\u2019une police municipale. Mais il met en avant d\u2019autres formes de coop\u00e9ration entre le niveau local et national. \u00ab\u00a0La ville de Brest a enti\u00e8rement financ\u00e9 les nouveaux locaux de la brigade cynophile de la police nationale, <a href=\"https:\/\/www.letelegramme.fr\/finistere\/brest-29200\/a-brest-la-ville-investit-825-000-eur-dans-un-nouveau-chenil-pour-la-police-6381899.php\" target=\"_blank\" rel=\"noopener\">dont un chenil pour les chiens renifleurs<\/a>. Cela nous a co\u00fbt\u00e9 825\u00a0000 euros\u00a0\u00bb, rappelle-t-il.<\/p>\n<p>L\u2019importance des actions de pr\u00e9vention<\/p>\n<p>De gauche comme de droite, les maires soulignent, par ailleurs, l\u2019importance des actions de pr\u00e9vention. \u00ab\u00a0\u00c0 Saint-Brieuc, nous avons mis en \u0153uvre le programme national <a href=\"https:\/\/www.drogues.gouv.fr\/limits-une-reponse-collective-pour-proteger-les-mineurs-de-lemprise-du-narcotrafic\" target=\"_blank\" rel=\"noopener\">Limits<\/a> (Limiter l\u2019implication des mineurs dans le trafic de stup\u00e9fiants) afin de pr\u00e9venir l\u2019enr\u00f4lement des jeunes par les r\u00e9seaux criminels. Ce dispositif propose des alternatives au trafic et renforce la protection des plus vuln\u00e9rables, notamment par un accompagnement des familles et le soutien \u00e0 la parentalit\u00e9\u00a0\u00bb, explique le maire, Herv\u00e9 Guihard (Place publique). Ce dispositif est mis en \u0153uvre dans deux autres villes bretonnes (Rennes et <a href=\"https:\/\/www.letelegramme.fr\/finistere\/brest-29200\/la-ville-de-brest-laureate-dun-programme-national-de-lutte-contre-limplication-des-mineurs-dans-les-trafics-de-stupefiants-6860543.php\" target=\"_blank\" rel=\"noopener\">Brest<\/a>).<\/p>\n<blockquote><p>Il faut \u00e0 la fois plus de moyens policiers et plus de moyens de lutte contre les addictions. Le deal explose parce que le nombre de consommateurs augmente.<\/p><\/blockquote>\n<p>La <a href=\"https:\/\/www.legifrance.gouv.fr\/jorf\/id\/JORFTEXT000051734851\" target=\"_blank\" rel=\"noopener\">loi contre le narcotrafic<\/a>, adopt\u00e9e par le Parlement en juin dernier, et qui permet, notamment, aux pr\u00e9fets de s\u2019attaquer aux commerces soup\u00e7onn\u00e9s de blanchir l\u2019argent de la drogue, est assez unanimement salu\u00e9e. Personne ne crie cependant victoire, en raison de la capacit\u00e9 des trafiquants \u00e0 garder une longueur d\u2019avance. \u00ab\u00a0Aujourd\u2019hui, nous n\u2019avons plus de point de deal \u00e0 Morlaix. Mais, tr\u00e8s clairement, la consommation s\u2019est r\u00e9orient\u00e9e vers les r\u00e9seaux sociaux\u00a0\u00bb, relate Jean-Paul Vermot. Commande via une messagerie crypt\u00e9e et livraison \u00e0 domicile\u2026 De Rennes \u00e0 Brest, en passant par Lorient, ce qu\u2019on nomme parfois \u00ab\u00a0Uber shit\u00a0\u00bb tourne \u00e0 plein r\u00e9gime.<\/p>\n<p>Une pieuvre particuli\u00e8rement dure \u00e0 combattre<\/p>\n<p>Et le probl\u00e8me de fond reste entier\u00a0: la puissance financi\u00e8re que d\u00e9gage le narcotrafic en fait une pieuvre particuli\u00e8rement dure \u00e0 combattre. D\u00e8s lors, les \u00e9lus locaux attendent de l\u2019\u00c9tat une r\u00e9ponse globale. Avec un renforcement de la cha\u00eene police-justice. Mais aussi un engagement en termes de sant\u00e9 publique ou de lutte contre le d\u00e9crochage scolaire. \u00ab\u00a0Il faut \u00e0 la fois plus de moyens policiers et plus de moyens de lutte contre les addictions. Le deal explose parce que le nombre de consommateurs augmente\u00a0\u00bb, insiste Nathalie App\u00e9r\u00e9.<\/p>\n<p><img decoding=\"async\" src=\"https:\/\/www.europesays.com\/fr\/wp-content\/uploads\/2025\/11\/6920b85077f3b6af94043c8e.1.jpeg\" width=\"480\" height=\"300\" class=\"web_golden_m\" loading=\"lazy\" alt=\"\u00ab\u00a0Il faut \u00e0 la fois plus de moyens policiers et plus de moyens de lutte contre les addictions. Le\u00a0deal explose parce que le nombre de consommateurs augmente\u00a0\u00bb, insiste la maire PS de Rennes Nathalie App\u00e9r\u00e9.\"\/>\u00ab\u00a0Il faut \u00e0 la fois plus de moyens policiers et plus de moyens de lutte contre les addictions. Le\u00a0deal explose parce que le nombre de consommateurs augmente\u00a0\u00bb, insiste la maire PS de Rennes Nathalie App\u00e9r\u00e9. (Photo Cl\u00e9mence Lebouc\/Le T\u00e9l\u00e9gramme)<\/p>\n<p>Selon Paul Le Guernic, un autre point m\u00e9rite d\u2019\u00eatre soulev\u00e9. \u00ab\u00a0La r\u00e9pression p\u00e9nale n\u2019est, \u00e0 mon avis, pas assez lourde vis-\u00e0-vis des criminels violents, ce dont on se rend compte en voyant des multicondamn\u00e9s toujours en libert\u00e9. Le pouvoir l\u00e9gislatif de l\u2019\u00c9tat r\u00e9side au Parlement, et c\u2019est l\u00e0 que les \u00e9lus locaux attendent une action forte.\u00a0\u00bb <a href=\"https:\/\/www.publicsenat.fr\/actualites\/politique\/lutte-contre-le-narcotrafic-un-debat-sera-organise-a-lassemblee-nationale-annonce-sebastien-lecornu\" target=\"_blank\" rel=\"noopener\">Le d\u00e9bat extraordinaire \u00e0 l\u2019Assembl\u00e9e nationale<\/a> consacr\u00e9 \u00e0 la lutte contre le narcotrafic, promis par le Premier ministre lors du congr\u00e8s des maires, apportera un premier \u00e9clairage sur le niveau de r\u00e9ponse dont le pays est capable. Fabrice Loher se veut optimiste\u00a0: \u00ab\u00a0Si tous les acteurs se serrent les coudes, la France a les moyens de remporter cette guerre\u00a0\u00bb.<\/p>\n","protected":false},"excerpt":{"rendered":"\u00ab\u00a0Je vais te buter, je vais cramer ta mairie, je vais cramer ta maison.\u00a0\u00bb La violence li\u00e9e au&hellip;\n","protected":false},"author":2,"featured_media":550124,"comment_status":"","ping_status":"","sticky":false,"template":"","format":"standard","meta":{"footnotes":""},"categories":[4],"tags":[11,3450,829,10495,66766,1052,66765,1011,27,66764,66767,66768,66769,1781,10736,12,6099,3319,584,25,4937,71,3165],"class_list":{"0":"post-550123","1":"post","2":"type-post","3":"status-publish","4":"format-standard","5":"has-post-thumbnail","7":"category-france","8":"tag-actualites","9":"tag-brest","10":"tag-bretagne","11":"tag-collectivites-territoriales","12":"tag-david-robo","13":"tag-drogue","14":"tag-fabrice-loher","15":"tag-fr","16":"tag-france","17":"tag-francois-cuillandre","18":"tag-herve-guihard","19":"tag-isabelle-assih","20":"tag-jean-paul-vermot","21":"tag-lorient","22":"tag-nathalie-appere","23":"tag-news","24":"tag-pontivy","25":"tag-quimper","26":"tag-rennes","27":"tag-republique-francaise","28":"tag-saint-brieuc","29":"tag-sante","30":"tag-vannes"},"share_on_mastodon":{"url":"https:\/\/pubeurope.com\/@fr\/115590307709403101","error":""},"_links":{"self":[{"href":"https:\/\/www.europesays.com\/fr\/wp-json\/wp\/v2\/posts\/550123","targetHints":{"allow":["GET"]}}],"collection":[{"href":"https:\/\/www.europesays.com\/fr\/wp-json\/wp\/v2\/posts"}],"about":[{"href":"https:\/\/www.europesays.com\/fr\/wp-json\/wp\/v2\/types\/post"}],"author":[{"embeddable":true,"href":"https:\/\/www.europesays.com\/fr\/wp-json\/wp\/v2\/users\/2"}],"replies":[{"embeddable":true,"href":"https:\/\/www.europesays.com\/fr\/wp-json\/wp\/v2\/comments?post=550123"}],"version-history":[{"count":0,"href":"https:\/\/www.europesays.com\/fr\/wp-json\/wp\/v2\/posts\/550123\/revisions"}],"wp:featuredmedia":[{"embeddable":true,"href":"https:\/\/www.europesays.com\/fr\/wp-json\/wp\/v2\/media\/550124"}],"wp:attachment":[{"href":"https:\/\/www.europesays.com\/fr\/wp-json\/wp\/v2\/media?parent=550123"}],"wp:term":[{"taxonomy":"category","embeddable":true,"href":"https:\/\/www.europesays.com\/fr\/wp-json\/wp\/v2\/categories?post=550123"},{"taxonomy":"post_tag","embeddable":true,"href":"https:\/\/www.europesays.com\/fr\/wp-json\/wp\/v2\/tags?post=550123"}],"curies":[{"name":"wp","href":"https:\/\/api.w.org\/{rel}","templated":true}]}}