{"id":550131,"date":"2025-11-21T23:39:17","date_gmt":"2025-11-21T23:39:17","guid":{"rendered":"https:\/\/www.europesays.com\/fr\/550131\/"},"modified":"2025-11-21T23:39:17","modified_gmt":"2025-11-21T23:39:17","slug":"nancy-jonathan-cohen-au-kinepolis-de-nancy-pour-lavant-premiere-du-film-lame-ideale","status":"publish","type":"post","link":"https:\/\/www.europesays.com\/fr\/550131\/","title":{"rendered":"Nancy. Jonathan Cohen au Kin\u00e9polis de Nancy pour l\u2019avant-premi\u00e8re du film L\u2019\u00e2me id\u00e9ale"},"content":{"rendered":"<p>\u00ab\u00a0Je ne me voyais pas dans un film romantique mais j\u2019ai \u00e9t\u00e9 s\u00e9duit par la qualit\u00e9 du sc\u00e9nario qui touche \u00e0 des sujets profonds\u00a0\u00bb, confie Jonathan Cohen.<\/p>\n<p><a href=\"https:\/\/www.diverto.tv\/actualites\/series\/jonathan-cohen-prepare-un-film-centre-sur-marc-8-moments-cultes-de-la-flamme-et-le-flambeau?utm_campaign=sitesEbra&amp;utm_medium=fluxarticleHP&amp;utm_source=estrepublicain\" target=\"_blank\" rel=\"noopener\">L\u2019acteur, consid\u00e9r\u00e9 comme l\u2019un des plus dr\u00f4les du moment,<\/a> \u00e9tait de passage \u00e0 Nancy, ce mercredi 19\u00a0novembre, aux c\u00f4t\u00e9s de la lumineuse com\u00e9dienne qu\u00e9b\u00e9coise, Magalie L\u00e9pine-Blondeau et de la r\u00e9alisatrice, Alice Vial. Tous les trois sont venus au Kinepolis pr\u00e9senter le film L\u2019\u00e2me id\u00e9ale , une com\u00e9die \u00e0 la fois romantique, dramatique et un peu fantastique, qui aborde plusieurs sujets autour de la mort, sur un ton toujours vivant, de fa\u00e7on tr\u00e8s humaine et touchante.<\/p>\n<p>Ce long-m\u00e9trage raconte l\u2019histoire d\u2019Elsa (Magalie L\u00e9pine-Blondeau), m\u00e9decin dans une unit\u00e9 de soins palliatifs, qui cache au reste du monde qu\u2019elle voit les morts et les aide \u00e0 \u00ab\u00a0passer de l\u2019autre c\u00f4t\u00e9\u00a0\u00bb. Convaincue que son don provoque le rejet, elle a renonc\u00e9 aux histoires d\u2019amour et s\u2019est enferm\u00e9e dans la solitude et le travail, jusqu\u2019au jour o\u00f9 elle fait la rencontre d\u2019Oscar (Jonathan Cohen), un mort qui ne sait pas qu\u2019il est mort\u2026<\/p>\n<p>  \u00ab\u00a0Le film fait du bien et aide \u00e0 panser ses blessures\u00a0\u00bb<\/p>\n<p>\u00ab\u00a0C\u2019est un film qui trouve une r\u00e9sonance chez chacun des spectateurs, explique la r\u00e9alisatrice, Aline Vial. Au-del\u00e0 de la mort, on y parle de l\u2019importance de vivre, de s\u2019affirmer tel qu\u2019on est. Oscar et Elsa sont deux personnes qui s\u2019apprennent \u00e0 vivre. \u00bb<\/p>\n<p>En incarnant Oscar, Jonathan Cohen, qui est aussi le coproducteur du film, d\u00e9voile un jeu d\u2019acteur qu\u2019on ne lui connaissait pas, sobre et bouleversant, dans un registre dramatique. En face de lui, Magalie L\u00e9pine-Blondeau, d\u00e9couverte l\u2019an pass\u00e9 dans Simple comme Sylvain , qui a re\u00e7u le C\u00e9sar du meilleur film \u00e9tranger, rayonne dans la peau d\u2019une femme m\u00e9decin pleine d\u2019humanit\u00e9 et de doutes aussi.<\/p>\n<p>\u00ab\u00a0Pour appr\u00e9hender mon personnage, j\u2019ai lu beaucoup de livres sur les passeurs d\u2019\u00e2me et je me suis rendue avec Alice Vial dans une unit\u00e9 de soins palliatifs avant de tourner\u00a0\u00bb, souligne l\u2019actrice, pour qui le \u00ab\u00a0film fait du bien et aide \u00e0 panser ses blessures\u00a0\u00bb.<\/p>\n<p>Ce qui est certain, <a href=\"https:\/\/www.estrepublicain.fr\/culture-loisirs\/2025\/03\/19\/ma-mere-dieu-et-sylvie-vartan-avec-leila-bekhti-une-comedie-sur-l-amour-maternel-debordant\" target=\"_blank\" rel=\"noopener\">c\u2019est que la complicit\u00e9 entre Jonathan Cohen<\/a> et Magalie L\u00e9pine-Blondeau fait merveille \u00e0 l\u2019\u00e9cran.<\/p>\n<p>  Une alchimie imm\u00e9diate entre Jonathan Cohen et Magalie L\u00e9pine-Blondeau<\/p>\n<p>\u00ab\u00a0Nous n\u2019avions jamais travaill\u00e9 ensemble mais l\u2019alchimie entre nous deux s\u2019est faite imm\u00e9diatement, confirme l\u2019acteur qui a \u00e9t\u00e9 d\u00e9couvert par le grand public dans la s\u00e9rie  Bref. Dans le travail, \u00e7a a \u00e9t\u00e9 tr\u00e8s instinctif. Je pense que nous avons tous les deux quelque chose de tr\u00e8s commun dans la mani\u00e8re de travailler, dans la volont\u00e9 de chercher la sinc\u00e9rit\u00e9 et la v\u00e9rit\u00e9 des situations\u2026 Et puis dans la vie on s\u2019entend tr\u00e8s bien. \u00bb <\/p>\n<p>Jonathan Cohen ne cache pas son envie de poursuivre sa carri\u00e8re dans un registre dramatique, en incarnant des \u00ab\u00a0r\u00f4les plus profonds\u00a0\u00bb dans ses prochains films.<\/p>\n<p>L\u2019\u00e2me id\u00e9ale , qui a d\u00e9j\u00e0 conquis ceux qui ont eu la chance de le voir en avant-premi\u00e8re, sortir en salle le 17\u00a0d\u00e9cembre.<\/p>\n","protected":false},"excerpt":{"rendered":"\u00ab\u00a0Je ne me voyais pas dans un film romantique mais j\u2019ai \u00e9t\u00e9 s\u00e9duit par la qualit\u00e9 du sc\u00e9nario&hellip;\n","protected":false},"author":2,"featured_media":550132,"comment_status":"","ping_status":"","sticky":false,"template":"","format":"standard","meta":{"footnotes":""},"categories":[9635],"tags":[1111,11,1687,1707,1704,1706,1705,1777,674,1011,27,775,1702,1703,12,25],"class_list":{"0":"post-550131","1":"post","2":"type-post","3":"status-publish","4":"format-standard","5":"has-post-thumbnail","7":"category-nancy","8":"tag-actu","9":"tag-actualites","10":"tag-culture-loisirs","11":"tag-edition-luneville","12":"tag-edition-nancy-et-agglomeration","13":"tag-edition-pont-a-mousson","14":"tag-edition-toul","15":"tag-eu","16":"tag-europe","17":"tag-fr","18":"tag-france","19":"tag-grand-est","20":"tag-nancy","21":"tag-nancy-ville-54b","22":"tag-news","23":"tag-republique-francaise"},"share_on_mastodon":{"url":"https:\/\/pubeurope.com\/@fr\/115590330096731851","error":""},"_links":{"self":[{"href":"https:\/\/www.europesays.com\/fr\/wp-json\/wp\/v2\/posts\/550131","targetHints":{"allow":["GET"]}}],"collection":[{"href":"https:\/\/www.europesays.com\/fr\/wp-json\/wp\/v2\/posts"}],"about":[{"href":"https:\/\/www.europesays.com\/fr\/wp-json\/wp\/v2\/types\/post"}],"author":[{"embeddable":true,"href":"https:\/\/www.europesays.com\/fr\/wp-json\/wp\/v2\/users\/2"}],"replies":[{"embeddable":true,"href":"https:\/\/www.europesays.com\/fr\/wp-json\/wp\/v2\/comments?post=550131"}],"version-history":[{"count":0,"href":"https:\/\/www.europesays.com\/fr\/wp-json\/wp\/v2\/posts\/550131\/revisions"}],"wp:featuredmedia":[{"embeddable":true,"href":"https:\/\/www.europesays.com\/fr\/wp-json\/wp\/v2\/media\/550132"}],"wp:attachment":[{"href":"https:\/\/www.europesays.com\/fr\/wp-json\/wp\/v2\/media?parent=550131"}],"wp:term":[{"taxonomy":"category","embeddable":true,"href":"https:\/\/www.europesays.com\/fr\/wp-json\/wp\/v2\/categories?post=550131"},{"taxonomy":"post_tag","embeddable":true,"href":"https:\/\/www.europesays.com\/fr\/wp-json\/wp\/v2\/tags?post=550131"}],"curies":[{"name":"wp","href":"https:\/\/api.w.org\/{rel}","templated":true}]}}