{"id":550133,"date":"2025-11-21T23:40:20","date_gmt":"2025-11-21T23:40:20","guid":{"rendered":"https:\/\/www.europesays.com\/fr\/550133\/"},"modified":"2025-11-21T23:40:20","modified_gmt":"2025-11-21T23:40:20","slug":"nancy-recrute-un-ancien-de-ligue-1-france-nancy","status":"publish","type":"post","link":"https:\/\/www.europesays.com\/fr\/550133\/","title":{"rendered":"Nancy recrute un ancien de Ligue 1 &#8211; France &#8211; Nancy"},"content":{"rendered":"<p>C\u2019est un ancien de Ligue 1, et il est d\u00e9sormais Nanc\u00e9en.<\/p>\n<p>San contrat depuis la fin de son aventure avec Panserraikos en septembre, J\u00e9r\u00e9my G\u00e9lin a trouv\u00e9 son nouveau club pour rebondir : apr\u00e8s la Gr\u00e8ce, c\u2019est \u00e0 Nancy que l\u2019ancien du Stade rennais refait surface. \u00c2g\u00e9 de 28 ans, le d\u00e9fenseur central est donc de retour en France.<\/p>\n<p><a class=\"tti\" href=\"https:\/\/x.com\/asnlofficiel\/status\/1991906955041136869\" target=\"_blank\" rel=\"noopener nofollow\"><img decoding=\"async\" loading=\"lazy\" src=\"https:\/\/www.europesays.com\/fr\/wp-content\/uploads\/2025\/11\/1763768420_198_grande.jpg\" alt=\"Tweet\"\/><\/a><\/p>\n<p>L\u2019ex d\u2019Amiens et du Royal Antwerp s\u2019est engag\u00e9 jusqu\u2019\u00e0 la fin de la saison 2025-2026, avec une ann\u00e9e suppl\u00e9mentaire en option. Avec l\u2019ASNL, le joueur tentera avant tout d\u2019\u00e9viter la rel\u00e9gation en National : en effet, son \u00e9quipe est actuellement quinzi\u00e8me au classement de Ligue 2.<\/p>\n<p><a target=\"_blank\" href=\"https:\/\/www.sofoot.com\/breves\/info-so-foot-mercato-jeremy-gelin-attendu-a-nancy-pour-rebondir-en-ligue-2\" rel=\"nofollow noopener\">Les rumeurs<\/a> disaient donc vrai.<\/p>\n<p>\t\t\t\t\t\t\t\t\t\t<a class=\"lien-connexe\" href=\"https:\/\/www.sofoot.com\/breves\/info-so-foot-mercato-jeremy-gelin-attendu-a-nancy-pour-rebondir-en-ligue-2\" rel=\"nofollow noopener\" target=\"_blank\">J\u00e9r\u00e9my G\u00e9lin devrait faire son retour en Ligue 2<\/a>\t\t\t\t\t<\/p>\n","protected":false},"excerpt":{"rendered":"C\u2019est un ancien de Ligue 1, et il est d\u00e9sormais Nanc\u00e9en. San contrat depuis la fin de son&hellip;\n","protected":false},"author":2,"featured_media":550134,"comment_status":"","ping_status":"","sticky":false,"template":"","format":"standard","meta":{"footnotes":""},"categories":[9635],"tags":[1111,47,11,61,69,65,64,1777,674,63,1011,27,775,68,66,1702,12,62,70,25,67],"class_list":{"0":"post-550133","1":"post","2":"type-post","3":"status-publish","4":"format-standard","5":"has-post-thumbnail","7":"category-nancy","8":"tag-actu","9":"tag-actualite","10":"tag-actualites","11":"tag-actus-football","12":"tag-bundesliga","13":"tag-championnats-europeens","14":"tag-equipe-de-france","15":"tag-eu","16":"tag-europe","17":"tag-football","18":"tag-fr","19":"tag-france","20":"tag-grand-est","21":"tag-ligua","22":"tag-ligue-1","23":"tag-nancy","24":"tag-news","25":"tag-news-foot","26":"tag-premier-league","27":"tag-republique-francaise","28":"tag-serie-a"},"share_on_mastodon":{"url":"https:\/\/pubeurope.com\/@fr\/115590334831725082","error":""},"_links":{"self":[{"href":"https:\/\/www.europesays.com\/fr\/wp-json\/wp\/v2\/posts\/550133","targetHints":{"allow":["GET"]}}],"collection":[{"href":"https:\/\/www.europesays.com\/fr\/wp-json\/wp\/v2\/posts"}],"about":[{"href":"https:\/\/www.europesays.com\/fr\/wp-json\/wp\/v2\/types\/post"}],"author":[{"embeddable":true,"href":"https:\/\/www.europesays.com\/fr\/wp-json\/wp\/v2\/users\/2"}],"replies":[{"embeddable":true,"href":"https:\/\/www.europesays.com\/fr\/wp-json\/wp\/v2\/comments?post=550133"}],"version-history":[{"count":0,"href":"https:\/\/www.europesays.com\/fr\/wp-json\/wp\/v2\/posts\/550133\/revisions"}],"wp:featuredmedia":[{"embeddable":true,"href":"https:\/\/www.europesays.com\/fr\/wp-json\/wp\/v2\/media\/550134"}],"wp:attachment":[{"href":"https:\/\/www.europesays.com\/fr\/wp-json\/wp\/v2\/media?parent=550133"}],"wp:term":[{"taxonomy":"category","embeddable":true,"href":"https:\/\/www.europesays.com\/fr\/wp-json\/wp\/v2\/categories?post=550133"},{"taxonomy":"post_tag","embeddable":true,"href":"https:\/\/www.europesays.com\/fr\/wp-json\/wp\/v2\/tags?post=550133"}],"curies":[{"name":"wp","href":"https:\/\/api.w.org\/{rel}","templated":true}]}}