{"id":550139,"date":"2025-11-21T23:44:15","date_gmt":"2025-11-21T23:44:15","guid":{"rendered":"https:\/\/www.europesays.com\/fr\/550139\/"},"modified":"2025-11-21T23:44:15","modified_gmt":"2025-11-21T23:44:15","slug":"epicerie-incendiee-a-montpellier-un-employe-de-19-ans-decede","status":"publish","type":"post","link":"https:\/\/www.europesays.com\/fr\/550139\/","title":{"rendered":"\u00c9picerie incendi\u00e9e \u00e0 Montpellier : un employ\u00e9 de 19 ans d\u00e9c\u00e8de"},"content":{"rendered":"<p class=\"jsx-4058425199 jsx-2164199691 ExpandableText__Text\">Le trafic de drogue fait partie des hypoth\u00e8ses \u00e9voqu\u00e9es par les policiers \u00e0 Montpellier apr\u00e8s un r\u00e8glement de compte. Un homme a mis le feu volontairement \u00e0 une \u00e9picerie de nuit. Un jeune de 19 ans, pr\u00e9sent \u00e0 ce moment-l\u00e0 dans le magasin,  est mort de ses blessures. Les autorit\u00e9s sont \u00e0 l&rsquo;aff\u00fbt dans un contexte o\u00f9 l&rsquo;ouverture de commerces, soup\u00e7onn\u00e9s de blanchiment d&rsquo;argent, explose depuis une dizaine d&rsquo;ann\u00e9es. Il y en aurait environ 200 \u00e0 Montpellier.<\/p>\n<p>Lire plusReplier<\/p>\n","protected":false},"excerpt":{"rendered":"Le trafic de drogue fait partie des hypoth\u00e8ses \u00e9voqu\u00e9es par les policiers \u00e0 Montpellier apr\u00e8s un r\u00e8glement de&hellip;\n","protected":false},"author":2,"featured_media":550140,"comment_status":"","ping_status":"","sticky":false,"template":"","format":"standard","meta":{"footnotes":""},"categories":[9599],"tags":[1111,11,2951,2950,1777,674,1011,27,1310,2954,2952,2208,12,2680,25,133,2953,2949],"class_list":{"0":"post-550139","1":"post","2":"type-post","3":"status-publish","4":"format-standard","5":"has-post-thumbnail","7":"category-montpellier","8":"tag-actu","9":"tag-actualites","10":"tag-criminalite","11":"tag-delinquance","12":"tag-eu","13":"tag-europe","14":"tag-fr","15":"tag-france","16":"tag-incendie","17":"tag-justice-et-faits-divers","18":"tag-le-20h","19":"tag-montpellier","20":"tag-news","21":"tag-occitanie","22":"tag-republique-francaise","23":"tag-video","24":"tag-video-police","25":"tag-violences"},"share_on_mastodon":{"url":"https:\/\/pubeurope.com\/@fr\/115590349754519932","error":""},"_links":{"self":[{"href":"https:\/\/www.europesays.com\/fr\/wp-json\/wp\/v2\/posts\/550139","targetHints":{"allow":["GET"]}}],"collection":[{"href":"https:\/\/www.europesays.com\/fr\/wp-json\/wp\/v2\/posts"}],"about":[{"href":"https:\/\/www.europesays.com\/fr\/wp-json\/wp\/v2\/types\/post"}],"author":[{"embeddable":true,"href":"https:\/\/www.europesays.com\/fr\/wp-json\/wp\/v2\/users\/2"}],"replies":[{"embeddable":true,"href":"https:\/\/www.europesays.com\/fr\/wp-json\/wp\/v2\/comments?post=550139"}],"version-history":[{"count":0,"href":"https:\/\/www.europesays.com\/fr\/wp-json\/wp\/v2\/posts\/550139\/revisions"}],"wp:featuredmedia":[{"embeddable":true,"href":"https:\/\/www.europesays.com\/fr\/wp-json\/wp\/v2\/media\/550140"}],"wp:attachment":[{"href":"https:\/\/www.europesays.com\/fr\/wp-json\/wp\/v2\/media?parent=550139"}],"wp:term":[{"taxonomy":"category","embeddable":true,"href":"https:\/\/www.europesays.com\/fr\/wp-json\/wp\/v2\/categories?post=550139"},{"taxonomy":"post_tag","embeddable":true,"href":"https:\/\/www.europesays.com\/fr\/wp-json\/wp\/v2\/tags?post=550139"}],"curies":[{"name":"wp","href":"https:\/\/api.w.org\/{rel}","templated":true}]}}