{"id":550143,"date":"2025-11-21T23:46:21","date_gmt":"2025-11-21T23:46:21","guid":{"rendered":"https:\/\/www.europesays.com\/fr\/550143\/"},"modified":"2025-11-21T23:46:21","modified_gmt":"2025-11-21T23:46:21","slug":"le-fc-rouen-a-manque-de-rythme-face-a-concarneau","status":"publish","type":"post","link":"https:\/\/www.europesays.com\/fr\/550143\/","title":{"rendered":"Le FC Rouen a manqu\u00e9 de rythme face \u00e0 Concarneau"},"content":{"rendered":"<p>&#13;<br \/>\n    &#13;<br \/>\n        &#13;<\/p>\n<p>&#13;<br \/>\n                N1. J14 &#8211; FC Rouen \/ Concarneau 0-0            <\/p>\n<p>&#13;<\/p>\n<p>&#13;<br \/>\n                    Publi\u00e9 le 21 novembre 2025                <\/p>\n<p>                    &#13;<br \/>\n    &#13;<br \/>\n&#13;<\/p>\n<p>Trois semaines sans comp\u00e9tition officielle, et le rythme est vite perdu. Le FC Rouen a cal\u00e9 contre l\u2019US Concarneau, car il a rat\u00e9 son entame de match, mais aussi manqu\u00e9 de justesse et de vitesse quand il a repris les choses en main. Il faudra attendre \u00e0 nouveau deux semaines pour rejouer. La fin de l\u2019ann\u00e9e ne va pas \u00eatre simple \u00e0 g\u00e9rer pour R\u00e9gis Brouard.<\/p>\n<p>        &#13;<br \/>\n    &#13;<\/p>\n<p>        <img loading=\"lazy\" width=\"1383\" height=\"974\" src=\"data:image\/svg+xml,%3Csvg%20xmlns=\" http:=\"\" class=\"attachment-post-thumbnail size-post-thumbnail wp-post-image\" alt=\"Pas dans le rythme en premi\u00e8re p\u00e9riode, le FC Rouen a repris la main sur le match, mais cela n\u2019a pas suffit \u00e0 venir \u00e0 bout de Concarneau, m\u00eame si Kenny Rocha Santos a \u00e9t\u00e9 \u00e0 deux doigts d\u2019offrir la victoire aux Diables Rouges sur le fil. \u00a9FC Rouen\" decoding=\"async\" data-lazy- data-lazy- data-lazy-src=\"https:\/\/www.europesays.com\/fr\/wp-content\/uploads\/2025\/11\/fc-rouen-kenny-rocha-santos-10-2025.jpg\"\/><\/p>\n<p>Pas dans le rythme en premi\u00e8re p\u00e9riode, le FC Rouen a repris la main sur le match, mais cela n\u2019a pas suffit \u00e0 venir \u00e0 bout de Concarneau, m\u00eame si Kenny Rocha Santos a \u00e9t\u00e9 \u00e0 deux doigts d\u2019offrir la victoire aux Diables Rouges sur le fil. \u00a9FC Rouen<\/p>\n<p>    &#13;<br \/>\n&#13;<\/p>\n<p>Apr\u00e8s trois semaines sans jouer de match officiel, le FC Rouen \u00e9tait attendu par tout son public qui avait r\u00e9pondu pr\u00e9sent ce vendredi soir \u00e0 Robert-Diochon malgr\u00e9 le froid glacial. En cas de succ\u00e8s face \u00e0 Concarneau, les hommes de R\u00e9gis Brouard pouvaient conforter leur avance au championnat puisque dans le m\u00eame temps, Dijon (2e &#8211; 23 pts) se d\u00e9pla\u00e7ait \u00e0 Sochaux (3e &#8211; 21 pts). Si en tribune les supporters rouennais se r\u00e9chauffaient en sautant et en chantant, sur le terrain apr\u00e8s une action chacune, les deux \u00e9quipes n\u2019ont plus montr\u00e9 grand-chose. Cl\u00e9ment Bassin avait d\u00e9bord\u00e9 c\u00f4t\u00e9 gauche pour servir Amadou Ba-Sy qui coupait au premier poteau mais ne trouvait pas le cadre (5\u2019). Amadou Samoura lui r\u00e9pondait quelques instants plus tard par une frappe des 25 m\u00e8tres sur la barre d\u2019Axel Temperton qui regardait sans bouger (10\u2019). Ensuite, les deux \u00e9quipes ont tent\u00e9 de mettre la main sur le jeu, sans se cr\u00e9er de nouvelles opportunit\u00e9s, Rouen laissant un peu plus souvent le ballon \u00e0 son adversaire.<\/p>\n<p>Assez pauvre en occasion elle aussi, la deuxi\u00e8me p\u00e9riode a \u00e9t\u00e9 plut\u00f4t \u00e0 mettre au cr\u00e9dit des hommes du FCR qui reprenaient en main leur destin\u00e9e. Apr\u00e8s une frappe de Mathis Picouleau sans danger (47\u2019), Mustapha Benzia manquait le cadre apr\u00e8s un joli une-deux avec Charles Abi (48\u2019). Ensuite, plus grand-chose encore une fois. L\u2019expulsion de Garland Gbell\u00e9 (69\u2019) permettait aux Diables Rouges d\u2019\u00e9voluer \u00e0 un de plus durant pr\u00e8s de 25 minutes. Mais malheureusement pour eux, les Thoniers sont rest\u00e9s bien en place et ont tenu jusqu\u2019\u00e0 la derni\u00e8re minute, notamment gr\u00e2ce \u00e0 un sauvetage sur la ligne de Jimmy Halby Tour\u00e9 apr\u00e8s une tentative de Kenny Rocha Santos sur le dernier corner de la partie (95&prime;). Les Rouennais ont manqu\u00e9 de tempo et de justesse apr\u00e8s trois semaines sans jouer, et il va falloir encore attendre deux semaines pour retrouver les terrains puisque le week-end prochain, la Coupe de France reprend ses droits. Le FCR a rendez-vous \u00e0 Aubagne le 5 d\u00e9cembre prochain. R\u00e9gis Brouard va devoir redoubler d&rsquo;efforts d&rsquo;ici l\u00e0 pour lui faire retrouver le rythme.<\/p>\n<p>National 1. 14e journ\u00e9e (vendredi 21 novembre)<\/p>\n<p>FC Rouen &#8211; US Concarneau 0-0<\/p>\n<p>Stade Robert-Diochon. 5612 spectateurs.<\/p>\n<p>Mi-temps : 0-0.<\/p>\n<p>Arbitrage de M. Dominique Debray.<\/p>\n<p>Avertissements : Bouzamoucha (16&prime;) \u00e0 Rouen ; Gbell\u00e9 (8&prime;), Samoura (33&prime;), Sinquin (76&prime;) \u00e0 Concarneau.<\/p>\n<p>Expulsion : Gbell\u00e9 (69&prime;) \u00e0 Concarneau.<\/p>\n<ul class=\"wp-block-list\">\n<li><strong>Rouen :<\/strong> Axel Temperton (g) &#8211; Dany Goprou, Sofyane Bouzamoucha, Formose Mendy &#8211; Yazid A\u00eft Moujane (Valentin Fuss, 66&prime;), Omar Bezzekhami (Guiry Egny, 66&prime;), Mustapha Benzia, Kenny Rocha Santos, Cl\u00e9ment Bassin (cap) &#8211; Charles Abi (Rapha\u00ebl Gerbeaud, 66&prime;), Amadou Ba-Sy. Rempla\u00e7ants : Antonin Cartiller, Enzo Genton, Jason Mbock. Entra\u00eeneur : R\u00e9gis Brouard.<\/li>\n<li><strong>Concarneau :<\/strong> Vincent Viot (g) &#8211; Jimmy Halby Tour\u00e9, Djessine Seba, Guillaume Jannez (cap), Thibault Sinquin (Sasha Inquel, 76&prime;), Baptiste Etcheverria &#8211; Mathis Picouleau, Lo\u00efc Goujon, Garland Gbell\u00e9 &#8211; Nicolas Mercier (Mewann Le Bonniec, 89&prime;), Amadou Samoura (Jordan Tell, 75&prime;). Rempla\u00e7ants : Pierre Patron (g), Gauthier Sylvestre. Entra\u00eeneur : St\u00e9phane Rossi.<\/li>\n<\/ul>\n<p>    &#13;<br \/>\n&#13;<br \/>\n    &#13;<br \/>\n        Cat\u00e9gories: <a href=\"https:\/\/www.footnormand.fr\/club\/fc-rouen\/\" rel=\"category tag nofollow noopener\" target=\"_blank\">FC Rouen<\/a>    &#13;<\/p>\n","protected":false},"excerpt":{"rendered":"&#13; &#13; &#13; &#13; N1. J14 &#8211; FC Rouen \/ Concarneau 0-0 &#13; &#13; Publi\u00e9 le 21 novembre&hellip;\n","protected":false},"author":2,"featured_media":550144,"comment_status":"","ping_status":"","sticky":false,"template":"","format":"standard","meta":{"footnotes":""},"categories":[9587],"tags":[1111,11,1777,674,1011,27,12,5161,25,9590],"class_list":{"0":"post-550143","1":"post","2":"type-post","3":"status-publish","4":"format-standard","5":"has-post-thumbnail","7":"category-rouen","8":"tag-actu","9":"tag-actualites","10":"tag-eu","11":"tag-europe","12":"tag-fr","13":"tag-france","14":"tag-news","15":"tag-normandie","16":"tag-republique-francaise","17":"tag-rouen"},"share_on_mastodon":{"url":"https:\/\/pubeurope.com\/@fr\/115590357699349324","error":""},"_links":{"self":[{"href":"https:\/\/www.europesays.com\/fr\/wp-json\/wp\/v2\/posts\/550143","targetHints":{"allow":["GET"]}}],"collection":[{"href":"https:\/\/www.europesays.com\/fr\/wp-json\/wp\/v2\/posts"}],"about":[{"href":"https:\/\/www.europesays.com\/fr\/wp-json\/wp\/v2\/types\/post"}],"author":[{"embeddable":true,"href":"https:\/\/www.europesays.com\/fr\/wp-json\/wp\/v2\/users\/2"}],"replies":[{"embeddable":true,"href":"https:\/\/www.europesays.com\/fr\/wp-json\/wp\/v2\/comments?post=550143"}],"version-history":[{"count":0,"href":"https:\/\/www.europesays.com\/fr\/wp-json\/wp\/v2\/posts\/550143\/revisions"}],"wp:featuredmedia":[{"embeddable":true,"href":"https:\/\/www.europesays.com\/fr\/wp-json\/wp\/v2\/media\/550144"}],"wp:attachment":[{"href":"https:\/\/www.europesays.com\/fr\/wp-json\/wp\/v2\/media?parent=550143"}],"wp:term":[{"taxonomy":"category","embeddable":true,"href":"https:\/\/www.europesays.com\/fr\/wp-json\/wp\/v2\/categories?post=550143"},{"taxonomy":"post_tag","embeddable":true,"href":"https:\/\/www.europesays.com\/fr\/wp-json\/wp\/v2\/tags?post=550143"}],"curies":[{"name":"wp","href":"https:\/\/api.w.org\/{rel}","templated":true}]}}