{"id":550155,"date":"2025-11-21T23:53:19","date_gmt":"2025-11-21T23:53:19","guid":{"rendered":"https:\/\/www.europesays.com\/fr\/550155\/"},"modified":"2025-11-21T23:53:19","modified_gmt":"2025-11-21T23:53:19","slug":"strasbourg-le-centre-ville-illumine-en-musique-a-quelques-jours-du-lancement-du-marche-de-noel","status":"publish","type":"post","link":"https:\/\/www.europesays.com\/fr\/550155\/","title":{"rendered":"Strasbourg. Le centre-ville\u00a0illumin\u00e9 en musique \u00e0 quelques jours du lancement du march\u00e9 de No\u00ebl"},"content":{"rendered":"<p>C\u2019\u00e9tait la journ\u00e9e des retours ce vendredi 21\u00a0novembre\u00a0: les premiers flocons de neige d\u00e8s le matin et les lumi\u00e8res artificielles du soir sont apparus simultan\u00e9ment comme par enchantement. Autre come-back notable, celui du <a href=\"https:\/\/www.dna.fr\/culture-loisirs\/2025\/11\/12\/retour-du-show-musical-et-pluie-d-etoiles-toutes-les-nouveautes-des-illuminations-de-noel\" target=\"_blank\" rel=\"noopener\">grand show des illuminations de No\u00ebl<\/a>. Version plus light cependant que la d\u00e9ambulation avec les artistes pour allumer les rues \u00e0 leur passage \u00e0 coups de baguette magique, il y a quelques ann\u00e9es de \u00e7a.<\/p>\n<p>Le show musical a \u00e9t\u00e9 plus sage avec une quarantaine de petits chanteurs gospel, \u00e9charpes rouges autour du cou et cornes de rennes sur la t\u00eate, sous la baguette <a href=\"https:\/\/www.dna.fr\/culture-loisirs\/2025\/11\/17\/un-nouveau-one-man-show-pour-alfonso-le-cousin-du-gospel\" target=\"_blank\" rel=\"noopener\">d\u2019Alfonso<\/a>. Mais surtout avec Anne Sila, marraine de ces illuminations, qui s\u2019est fait conna\u00eetre dans la saison 4 de \u201cThe Voice\u201d. Sur sc\u00e8ne avec le pianiste\u00a0Riadh Khodri, la chanteuse s\u2019est mise au diapason de l\u2019\u00e9v\u00e9nement, pour le plus grand bonheur de Gwenn Bauer, pr\u00e9sident des Vitrines de Strasbourg. Un moment \u00ab\u00a0magique\u00a0\u00bb qui n\u2019\u00e9tait pas sans rappeler feu Pierre Bardet, m\u00e9morable ma\u00eetre de cette c\u00e9r\u00e9monie.<\/p>\n<p>  Nouveaut\u00e9 la \u00ab Pluie d\u2019\u00e9toiles \u00bb<\/p>\n<p>Toujours est-il que plus d\u2019un millier de personnes ont partag\u00e9 ce moment en attendant le compte \u00e0 rebours et le top du direct t\u00e9l\u00e9 pour lancer les lumi\u00e8res dans les rues commer\u00e7antes du centre-ville. Tapant des mains pour suivre le rythme et se r\u00e9chauffer en m\u00eame temps, et \u00e9coutant les discours officiels des partenaires et de la maire. <a href=\"https:\/\/www.dna.fr\/p\/jeanne-barseghian\" target=\"_blank\" rel=\"noopener\">Jeanne Barseghian<\/a> s\u2019est, elle aussi, f\u00e9licit\u00e9 de cette initiative de lancer les lumi\u00e8res avant le d\u00e9but du <a href=\"https:\/\/www.dna.fr\/culture-loisirs\/2025\/11\/20\/marche-de-noel-tout-ce-qu-il-faut-savoir-sur-l-edition-2025\" target=\"_blank\" rel=\"noopener\">march\u00e9 de No\u00ebl<\/a> pour permettre aux Strasbourgeois d\u2019en profiter un peu avant que les 3,4\u00a0millions de touristes d\u00e9ambulent dans les rues.<\/p>\n<p>Mais tr\u00eave de bavardages, se sont dit les spectateurs \u00e0 19\u00a0h\u00a016, lorsque le feu vert de la t\u00e9l\u00e9 a \u00e9t\u00e9 donn\u00e9\u00a0: \u00ab\u00a0Cinq, quatre, trois, deux, un, z\u00e9ro\u2026\u00a0!\u00a0\u00bb Les lumi\u00e8res de l\u2019arbre bleu sont apparues et les art\u00e8res se sont illumin\u00e9es autour d\u2019eux, rue du Vieux-March\u00e9-aux-Poissons et rue Merci\u00e8re. Nouveaut\u00e9 2025, la d\u00e9co \u201cPluie d\u2019\u00e9toiles\u201d, install\u00e9e juste \u00e0 c\u00f4t\u00e9, rue du Foss\u00e9-des-Tailleurs, a elle aussi fait son petit effet sur les touristes \u2013 d\u00e9j\u00e0 pr\u00e9sents en nombre au milieu de la foule \u2013 tout comme les lustres Baccarat de la rue des Hallebardes.<\/p>\n","protected":false},"excerpt":{"rendered":"C\u2019\u00e9tait la journ\u00e9e des retours ce vendredi 21\u00a0novembre\u00a0: les premiers flocons de neige d\u00e8s le matin et les&hellip;\n","protected":false},"author":2,"featured_media":550156,"comment_status":"","ping_status":"","sticky":false,"template":"","format":"standard","meta":{"footnotes":""},"categories":[2820],"tags":[1111,11,4406,1687,33,2880,1777,674,107,1011,27,775,12,15830,2661,25,640,2879],"class_list":{"0":"post-550155","1":"post","2":"type-post","3":"status-publish","4":"format-standard","5":"has-post-thumbnail","7":"category-strasbourg","8":"tag-actu","9":"tag-actualites","10":"tag-commerce-et-services","11":"tag-culture-loisirs","12":"tag-economie","13":"tag-edition-strasbourg","14":"tag-eu","15":"tag-europe","16":"tag-fil-info","17":"tag-fr","18":"tag-france","19":"tag-grand-est","20":"tag-news","21":"tag-noel","22":"tag-patrimoine-culturel","23":"tag-republique-francaise","24":"tag-strasbourg","25":"tag-strasbourg-ville"},"share_on_mastodon":{"url":"https:\/\/pubeurope.com\/@fr\/115590385328278396","error":""},"_links":{"self":[{"href":"https:\/\/www.europesays.com\/fr\/wp-json\/wp\/v2\/posts\/550155","targetHints":{"allow":["GET"]}}],"collection":[{"href":"https:\/\/www.europesays.com\/fr\/wp-json\/wp\/v2\/posts"}],"about":[{"href":"https:\/\/www.europesays.com\/fr\/wp-json\/wp\/v2\/types\/post"}],"author":[{"embeddable":true,"href":"https:\/\/www.europesays.com\/fr\/wp-json\/wp\/v2\/users\/2"}],"replies":[{"embeddable":true,"href":"https:\/\/www.europesays.com\/fr\/wp-json\/wp\/v2\/comments?post=550155"}],"version-history":[{"count":0,"href":"https:\/\/www.europesays.com\/fr\/wp-json\/wp\/v2\/posts\/550155\/revisions"}],"wp:featuredmedia":[{"embeddable":true,"href":"https:\/\/www.europesays.com\/fr\/wp-json\/wp\/v2\/media\/550156"}],"wp:attachment":[{"href":"https:\/\/www.europesays.com\/fr\/wp-json\/wp\/v2\/media?parent=550155"}],"wp:term":[{"taxonomy":"category","embeddable":true,"href":"https:\/\/www.europesays.com\/fr\/wp-json\/wp\/v2\/categories?post=550155"},{"taxonomy":"post_tag","embeddable":true,"href":"https:\/\/www.europesays.com\/fr\/wp-json\/wp\/v2\/tags?post=550155"}],"curies":[{"name":"wp","href":"https:\/\/api.w.org\/{rel}","templated":true}]}}