{"id":550159,"date":"2025-11-21T23:55:12","date_gmt":"2025-11-21T23:55:12","guid":{"rendered":"https:\/\/www.europesays.com\/fr\/550159\/"},"modified":"2025-11-21T23:55:12","modified_gmt":"2025-11-21T23:55:12","slug":"on-court-apres-la-perfection-annonce-kondogbia-apres-la-demonstration-marseillaise","status":"publish","type":"post","link":"https:\/\/www.europesays.com\/fr\/550159\/","title":{"rendered":"\u00ab\u00a0On court apr\u00e8s la perfection\u00a0\u00bb annonce Kondogbia apr\u00e8s la d\u00e9monstration marseillaise"},"content":{"rendered":"<p>Geoffrey Kondogbia (milieu de terrain OM)<\/p>\n<p>\u00ab\u00a0<a href=\"https:\/\/www.laprovence.com\/article\/om\/57621438554404\/nice-om-1-5-il-y-a-beaucoup-de-positif-mais-on-peut-encore-faire-mieux-estime-de-zerbi\" target=\"_blank\" rel=\"noopener\">Vous connaissez le coach, c&rsquo;est un passionn\u00e9 qui cherche toujours la perfection.<\/a> On comprend qu&rsquo;il attende plus, mais \u00e7a reste une grosse performance dans un stade, o\u00f9 l&rsquo;on \u00e9tait attendu. On est content, m\u00eame si on court apr\u00e8s la perfection. On a essay\u00e9 de bloquer leurs sorties de balle, notamment du c\u00f4t\u00e9 de Jonathan (Clauss). Cela nous a plut\u00f4t bien r\u00e9ussis, on a tr\u00e8s, tr\u00e8s bien interpr\u00e9t\u00e9 le match. On a verticalis\u00e9 un peu plus que d&rsquo;habitude, il le fallait pour faire la diff\u00e9rence ce (vendredi) soir.<\/p>\n<p>Avec des joueurs de cette qualit\u00e9, <a href=\"https:\/\/www.laprovence.com\/article\/om\/7861054771353\/om-vermeeren-marque-les-esprits-depuis-son-arrivee-a-marseille\" target=\"_blank\" rel=\"noopener\">comme Arthur (Vermeeren)<\/a> et Angel (Gomes), c&rsquo;est plus facile. Gagner c&rsquo;est toujours mieux pour la confiance et pr\u00e9parer le prochain match qui nous attend contre Newcastle. Je suis content de retrouver les terrains, \u00e7a reste une performance aboutie pour l&rsquo;\u00e9quipe et moi-m\u00eame. Vermeeren a un gros potentiel, de grosses qualit\u00e9s. C&rsquo;est un joueur d&rsquo;avenir et du pr\u00e9sent, aussi. Il a tout pour faire une grande carri\u00e8re. C&rsquo;est toujours plaisant de se voir tout en haut de ce classement, m\u00eame si nous ne sommes qu&rsquo;au mois de novembre On va c\u00e9l\u00e9brer ce (vendredi) soir, sans s&rsquo;enflammer. On va tout de suite encha\u00eener sur ce qui nous attend, la Ligue des champions.\u00a0\u00bb<\/p>\n<p>Pierre-Emerick Aubameyang (attaquant OM)<\/p>\n<p>\u00ab\u00a0Ce match \u00e9tait plus qu&rsquo;important. Avant de venir, on avait vu les supporters. Ils nous avaient pass\u00e9 un message. Quand ils ne sont pas au stade, ce n&rsquo;est jamais plaisant. On est dans le sud, on a pris ce match comme un derby. On est venu avec beaucoup d&rsquo;ambitions. On a fait le travail. J&rsquo;ai \u00e9t\u00e9 tr\u00e8s honn\u00eate avec Paixao, je ne l&rsquo;ai pas appel\u00e9 sur l&rsquo;action (en fin de premi\u00e8re mi-temps). Je sais qu&rsquo;il faut de la concentration quand on arrive face au gardien.<\/p>\n<p>Je lui ai dit que s&rsquo;il d\u00e9cidait de frapper, il devait marquer\u2026 parce que j&rsquo;\u00e9tais l\u00e0. Apr\u00e8s, je lui ai dit de ne pas se prendre la t\u00eate et d&rsquo;avancer. Je lui ai aussi dit que si j&rsquo;en avais l&rsquo;occasion, je lui ferai la passe. Et \u00e7a s&rsquo;est pr\u00e9sent\u00e9. Parfait. Toute l&rsquo;\u00e9quipe a fait un gros match. On peut prendre beaucoup d&rsquo;\u00e9l\u00e9ments en r\u00e9f\u00e9rences sur ce match. Il y avait de bons ingr\u00e9dients.\u00a0\u00bb<\/p>\n","protected":false},"excerpt":{"rendered":"Geoffrey Kondogbia (milieu de terrain OM) \u00ab\u00a0Vous connaissez le coach, c&rsquo;est un passionn\u00e9 qui cherche toujours la perfection.&hellip;\n","protected":false},"author":2,"featured_media":550160,"comment_status":"","ping_status":"","sticky":false,"template":"","format":"standard","meta":{"footnotes":""},"categories":[2819],"tags":[66770,17,1111,11,2562,150,66771,1777,674,1011,27,12,2401,65073,149,5241,66772,882,25],"class_list":{"0":"post-550159","1":"post","2":"type-post","3":"status-publish","4":"format-standard","5":"has-post-thumbnail","7":"category-nice","8":"tag-1-5","9":"tag-17","10":"tag-actu","11":"tag-actualites","12":"tag-annonce","13":"tag-apres","14":"tag-court","15":"tag-eu","16":"tag-europe","17":"tag-fr","18":"tag-france","19":"tag-news","20":"tag-nice","21":"tag-nice-om","22":"tag-om","23":"tag-on","24":"tag-perfection","25":"tag-provence-alpes-cote-dazur","26":"tag-republique-francaise"},"share_on_mastodon":{"url":"https:\/\/pubeurope.com\/@fr\/115590393846083668","error":""},"_links":{"self":[{"href":"https:\/\/www.europesays.com\/fr\/wp-json\/wp\/v2\/posts\/550159","targetHints":{"allow":["GET"]}}],"collection":[{"href":"https:\/\/www.europesays.com\/fr\/wp-json\/wp\/v2\/posts"}],"about":[{"href":"https:\/\/www.europesays.com\/fr\/wp-json\/wp\/v2\/types\/post"}],"author":[{"embeddable":true,"href":"https:\/\/www.europesays.com\/fr\/wp-json\/wp\/v2\/users\/2"}],"replies":[{"embeddable":true,"href":"https:\/\/www.europesays.com\/fr\/wp-json\/wp\/v2\/comments?post=550159"}],"version-history":[{"count":0,"href":"https:\/\/www.europesays.com\/fr\/wp-json\/wp\/v2\/posts\/550159\/revisions"}],"wp:featuredmedia":[{"embeddable":true,"href":"https:\/\/www.europesays.com\/fr\/wp-json\/wp\/v2\/media\/550160"}],"wp:attachment":[{"href":"https:\/\/www.europesays.com\/fr\/wp-json\/wp\/v2\/media?parent=550159"}],"wp:term":[{"taxonomy":"category","embeddable":true,"href":"https:\/\/www.europesays.com\/fr\/wp-json\/wp\/v2\/categories?post=550159"},{"taxonomy":"post_tag","embeddable":true,"href":"https:\/\/www.europesays.com\/fr\/wp-json\/wp\/v2\/tags?post=550159"}],"curies":[{"name":"wp","href":"https:\/\/api.w.org\/{rel}","templated":true}]}}