{"id":550161,"date":"2025-11-21T23:57:16","date_gmt":"2025-11-21T23:57:16","guid":{"rendered":"https:\/\/www.europesays.com\/fr\/550161\/"},"modified":"2025-11-21T23:57:16","modified_gmt":"2025-11-21T23:57:16","slug":"violences-faites-aux-enfants-un-conseil-des-victimes-annonce-par-la-haute-commissaire-sarah-el-2","status":"publish","type":"post","link":"https:\/\/www.europesays.com\/fr\/550161\/","title":{"rendered":"Violences faites aux enfants\u00a0: un Conseil des victimes annonc\u00e9 par la Haute-commissaire Sarah El"},"content":{"rendered":"<p>L\u2019ancien Premier ministre Fran\u00e7ois Bayrou avait pr\u00f4n\u00e9 en mai la cr\u00e9ation d\u2019une \u00a0autorit\u00e9 ind\u00e9pendante\u00a0 sur les violences contre les enfants, comprenant un conseil scientifique et un conseil de victimes dans la foul\u00e9e du proc\u00e8s Le Scouarnec et de l\u2019affaire B\u00e9tharram. La Haute-commissaire \u00e0 l\u2019enfance promet un Conseil de victimes en 2026. <a href=\"https:\/\/www.lefigaro.fr\/actualite-france\/sarah-el-hairy-annonce-la-creation-debut-2026-d-un-conseil-des-victimes-pour-mieux-proteger-les-enfants-d-aujourd-hui-et-de-demain-20251119\" target=\"_parent\" rel=\"noopener\">Sarah El\u00a0Ha\u00efry l\u2019a annonc\u00e9 dans une interview publi\u00e9e sur le site du Figaro.<\/a><\/p>\n<p>\u00a0Ces derniers mois, le Haut-commissariat a \u00e9chang\u00e9 avec de nombreux collectifs de victimes, associations et personnalit\u00e9s engag\u00e9es \u2013 notamment li\u00e9s aux affaires Le Scouarnec, B\u00e9tharram, Saint-Stanislas de Nantes et Saint Dominique de Neuilly\u00a0, rappelle Sarah El\u00a0Ha\u00efry.<\/p>\n<p>En Loire-Atlantique, l\u2019appel \u00e0 t\u00e9moignages lanc\u00e9 par le dioc\u00e8se de Nantes le 29\u00a0ao\u00fbt 2025 <a href=\"https:\/\/nantes.maville.com\/actu\/actudet_-soupcons-de-violences-dans-15-autres-ecoles-de-loire-atlantique-il-y-a-encore-un-travail-enorme-_8-7030962_actu.Htm\" target=\"_self\" rel=\"noopener\">apr\u00e8s le scandale de l\u2019\u00e9tablissement priv\u00e9 a permis d\u2019identifier 15\u00a0autres \u00e9tablissements scolaires du d\u00e9partement o\u00f9 des violences ont pu \u00eatre commises par le pass\u00e9<\/a>. Fin octobre, soixante-quinze t\u00e9moignages d\u00e9non\u00e7ant des faits d\u2019agressions sexuelles ou physiques commis dans diff\u00e9rents \u00e9tablissements priv\u00e9s de Loire-Atlantique par le pass\u00e9 <a href=\"https:\/\/nantes.maville.com\/actu\/actudet_--scandale-saint-stanislas-a-nantes-75-dossiers-sur-le-bureau-du-procureur-de-la-republique-_52716-7030859_actu.Htm\" target=\"_self\" rel=\"noopener\">ont \u00e9t\u00e9 transmis au parquet<\/a>.<\/p>\n<p><strong> <strong> <a href=\"https:\/\/nantes.maville.com\/actu\/actudet_-violences-sexuelles-un-collectif-etudie-le-parcours-de-certains-pretres-en-loire-atlantique-_8-7044782_actu.Htm\" target=\"_self\" rel=\"noopener\">?? LIRE AUSSI : Violences sexuelles\u00a0: un collectif \u00e9tudie le parcours de certains pr\u00eatres en Loire-Atlantique<\/a> <\/strong> <\/strong><\/p>\n<p>Une nouvelle institution<\/p>\n<p>Sarah El\u00a0Ha\u00efry, <a href=\"https:\/\/nantes.maville.com\/actu\/actudet_-municipales.-on-s-attaque-a-la-falaise-a-nantes-droite-et-centre-defient-ensemble-la-socialiste-johanna-rolland-_8-7064958_actu.Htm\" target=\"_self\" rel=\"noopener\">aussi candidate (MoDem) aux municipales 2026 de Nantes aux c\u00f4t\u00e9s de Foulques Chombart\u00a0de\u00a0Lauwe (LR)<\/a>, compte \u00a0accueillir la parole de ces adultes qui ont subi des violences dans leur enfance\u00a0. Des concertations vont \u00eatre r\u00e9alis\u00e9es \u00a0avec l\u2019ensemble des acteurs\u00a0 d\u2019ici la fin de l\u2019ann\u00e9e pour cr\u00e9er ce Conseil des victimes \u00a0d\u00e9but 2026\u00a0.<\/p>\n<p>Si la Commission sur les violences sexuelles faites aux enfants (Ciivise) \u00a0travaille sur les violences sexuelles et l\u2019inceste\u00a0, le \u00a0Conseil des victimes constitue une instance distincte\u00a0, ajoute-t-elle.<\/p>\n<p>?? LIRE AUSSI : <a href=\"https:\/\/nantes.maville.com\/actu\/actudet_-cette-commune-rurale-de-loire-atlantique-lance-une-campagne-contre-les-violences-faites-aux-femmes-et-aux-enfants-_8-7071907_actu.Htm\" target=\"_blank\" rel=\"noopener\">Cette commune rurale de Loire-Atlantique lance une campagne contre les violences faites aux femmes et aux enfants<\/a> <\/p>\n<p>Toutes les \u00ab\u00a0violences\u00a0\u00bb<\/p>\n<p>Cette instance \u00a0se penchera sur l\u2019ensemble des violences faites aux enfants \u2013 y compris les violences \u00e9ducatives, institutionnelles, mais aussi le cyberharc\u00e8lement, et s\u2019inspirera \u00e9galement de ce qui est fait pour les survivants \u00e0 l\u2019international\u00a0, pr\u00e9cise Mme\u00a0El Ha\u00efry.<\/p>\n<p>Elle ajoute\u00a0: \u00a0Ce que ces victimes ont appris en traversant ces \u00e9preuves nous aidera \u00e0 mieux prot\u00e9ger les enfants d\u2019aujourd\u2019hui et de demain\u00a0.<\/p>\n<p>\u00a0<\/p>\n","protected":false},"excerpt":{"rendered":"L\u2019ancien Premier ministre Fran\u00e7ois Bayrou avait pr\u00f4n\u00e9 en mai la cr\u00e9ation d\u2019une \u00a0autorit\u00e9 ind\u00e9pendante\u00a0 sur les violences contre&hellip;\n","protected":false},"author":2,"featured_media":547930,"comment_status":"","ping_status":"","sticky":false,"template":"","format":"standard","meta":{"footnotes":""},"categories":[2818],"tags":[1111,11,2562,7516,40574,1719,1777,674,55717,1011,27,66573,66572,766,12,2636,25,3872,2023,2949],"class_list":{"0":"post-550161","1":"post","2":"type-post","3":"status-publish","4":"format-standard","5":"has-post-thumbnail","7":"category-nantes","8":"tag-actu","9":"tag-actualites","10":"tag-annonce","11":"tag-conseil","12":"tag-el","13":"tag-enfants","14":"tag-eu","15":"tag-europe","16":"tag-faites","17":"tag-fr","18":"tag-france","19":"tag-hairy","20":"tag-haute-commissaire","21":"tag-nantes","22":"tag-news","23":"tag-pays-de-la-loire","24":"tag-republique-francaise","25":"tag-sarah","26":"tag-victimes","27":"tag-violences"},"share_on_mastodon":{"url":"","error":""},"_links":{"self":[{"href":"https:\/\/www.europesays.com\/fr\/wp-json\/wp\/v2\/posts\/550161","targetHints":{"allow":["GET"]}}],"collection":[{"href":"https:\/\/www.europesays.com\/fr\/wp-json\/wp\/v2\/posts"}],"about":[{"href":"https:\/\/www.europesays.com\/fr\/wp-json\/wp\/v2\/types\/post"}],"author":[{"embeddable":true,"href":"https:\/\/www.europesays.com\/fr\/wp-json\/wp\/v2\/users\/2"}],"replies":[{"embeddable":true,"href":"https:\/\/www.europesays.com\/fr\/wp-json\/wp\/v2\/comments?post=550161"}],"version-history":[{"count":0,"href":"https:\/\/www.europesays.com\/fr\/wp-json\/wp\/v2\/posts\/550161\/revisions"}],"wp:featuredmedia":[{"embeddable":true,"href":"https:\/\/www.europesays.com\/fr\/wp-json\/wp\/v2\/media\/547930"}],"wp:attachment":[{"href":"https:\/\/www.europesays.com\/fr\/wp-json\/wp\/v2\/media?parent=550161"}],"wp:term":[{"taxonomy":"category","embeddable":true,"href":"https:\/\/www.europesays.com\/fr\/wp-json\/wp\/v2\/categories?post=550161"},{"taxonomy":"post_tag","embeddable":true,"href":"https:\/\/www.europesays.com\/fr\/wp-json\/wp\/v2\/tags?post=550161"}],"curies":[{"name":"wp","href":"https:\/\/api.w.org\/{rel}","templated":true}]}}