{"id":550162,"date":"2025-11-21T23:58:46","date_gmt":"2025-11-21T23:58:46","guid":{"rendered":"https:\/\/www.europesays.com\/fr\/550162\/"},"modified":"2025-11-21T23:58:46","modified_gmt":"2025-11-21T23:58:46","slug":"cross-country-le-parc-de-la-chantrerie-de-nantes-sattend-a-accueillir-du-monde-sport","status":"publish","type":"post","link":"https:\/\/www.europesays.com\/fr\/550162\/","title":{"rendered":"Cross-country.\u00a0Le Parc de la Chantrerie de Nantes s\u2019attend \u00e0 accueillir du monde . Sport"},"content":{"rendered":"<p>La temp\u00eate avait eu raison l\u2019an pass\u00e9 de l\u2019\u00e9preuve organis\u00e9e par le Stade Nantais AC, section du Nantes M\u00e9tropole Athl\u00e9tisme. Interdit d\u2019ouverture, <a href=\"https:\/\/nantes.maville.com\/sport\/detail_-cross-country.-nantes-le-cross-de-la-chantrerie-est-annule-_8-6564334_actu.Htm\" target=\"_blank\" rel=\"noopener\">le Parc de la Chantrerie avait donc vu son cross annul\u00e9<\/a>. De retour ce dimanche 23\u00a0novembre pour sa 39e \u00e9dition (de 9\u00a0h \u00e0 15\u00a0h\u00a040), l\u2019\u00e9preuve va accueillir plus de 1\u00a0700\u00a0athl\u00e8tes et pas loin de 400\u00a0pour son trail, en ouverture matinale de programme.<\/p>\n<p><strong>\u00ab\u00a0On a reconduit le trail<\/strong> (5e \u00e9dition) <strong>qui a fait le plein<\/strong>, confirme Francis Le Gohebel, l\u2019un des organisateurs. <strong>Et, concernant le cross, on a aussi reconduit la participation payante de 5\u00a0\u20ac pour les cat\u00e9gories adultes. Ce, pour retomber sur nos pieds financi\u00e8rement quant aux frais engendr\u00e9s notamment par la sono, le speaker, les secouristes et autres. C\u00f4t\u00e9 nouveaut\u00e9, on a d\u00e9cid\u00e9 d\u2019inclure une course relais mixte de quatre\u00a0athl\u00e8tes hommes et femmes. \u00c7a a pris moyennement, mais on a d\u00e9cid\u00e9 de la conserver quand m\u00eame.\u00a0\u00bb<\/strong><\/p>\n<p>75\u00a0% des inscrits sont des jeunes<\/p>\n<p>Sur un parcours habituel, exigeant avec ses nombreuses relances, sa fameuse c\u00f4te et son long faux plat, les duels devraient \u00eatre assez serr\u00e9s dans certaines cat\u00e9gories. Chez les jeunes, qui repr\u00e9sentent 75\u00a0% des inscrits, mais plus particuli\u00e8rement sur les deux courses \u00e9lites qui cl\u00f4tureront la journ\u00e9e.<\/p>\n<p>C\u00f4t\u00e9 f\u00e9minin, <a href=\"https:\/\/nantes.maville.com\/sport\/detail_-cross-country.-elodie-franchomme-sinclair-et-brice-gayant-faciles-vainqueurs-a-coueron-_8-7056456_actu.Htm\" target=\"_blank\" rel=\"noopener\">la laur\u00e9ate du cross de Cou\u00ebron<\/a>, \u00c9lodie Franchomme-Sinclair (AC Littoral 44), 3e en 2023, aura de la concurrence avec Flora Vanbelle (NMA), 2e \u00e0 Cou\u00ebron, Alix Lanthiez (ACL 44) et le retour aux affaires de Marion Guillemin (Bruz Athl\u00e9tisme).<\/p>\n<p>Lire aussi\u00a0: <a href=\"https:\/\/rennes.maville.com\/sport\/detail_-pourquoi-il-faudra-payer-plus-cher-pour-s-inscrire-aux-courses-de-running-a-partir-de-2026-_53511-7063568_actu.Htm\" target=\"_blank\" rel=\"noopener\">Pourquoi il faudra payer plus cher pour s\u2019inscrire aux courses de running \u00e0 partir de 2026\u00a0?<\/a><\/p>\n<p>Concernant la course masculine, c\u2019est encore plus ouvert avec Mathys Wohl (AR Sud Lac), 2e \u00e0 Cou\u00ebron, Evan Bernardot (ES Cou\u00ebron), Kaelig Jegou (NMA), \u00c9tienne Thomas (NMA) et Anthony Guillard (AB Vend\u00e9en). Quant \u00e0 Lomane Mesnil (NMA) et Cl\u00e9ment Panche (Nantes EC), ils figurent logiquement parmi les grands favoris des deux cross courts.<\/p>\n<p>\u00a0<\/p>\n","protected":false},"excerpt":{"rendered":"La temp\u00eate avait eu raison l\u2019an pass\u00e9 de l\u2019\u00e9preuve organis\u00e9e par le Stade Nantais AC, section du Nantes&hellip;\n","protected":false},"author":2,"featured_media":550163,"comment_status":"","ping_status":"","sticky":false,"template":"","format":"standard","meta":{"footnotes":""},"categories":[2818],"tags":[1111,11,3809,1465,1777,674,63,1011,27,1792,1922,766,12,2636,25,479,517,1470],"class_list":{"0":"post-550162","1":"post","2":"type-post","3":"status-publish","4":"format-standard","5":"has-post-thumbnail","7":"category-nantes","8":"tag-actu","9":"tag-actualites","10":"tag-ball","11":"tag-basket","12":"tag-eu","13":"tag-europe","14":"tag-football","15":"tag-fr","16":"tag-france","17":"tag-handball","18":"tag-info","19":"tag-nantes","20":"tag-news","21":"tag-pays-de-la-loire","22":"tag-republique-francaise","23":"tag-rugby","24":"tag-sport","25":"tag-volley"},"share_on_mastodon":{"url":"https:\/\/pubeurope.com\/@fr\/115590404790212326","error":""},"_links":{"self":[{"href":"https:\/\/www.europesays.com\/fr\/wp-json\/wp\/v2\/posts\/550162","targetHints":{"allow":["GET"]}}],"collection":[{"href":"https:\/\/www.europesays.com\/fr\/wp-json\/wp\/v2\/posts"}],"about":[{"href":"https:\/\/www.europesays.com\/fr\/wp-json\/wp\/v2\/types\/post"}],"author":[{"embeddable":true,"href":"https:\/\/www.europesays.com\/fr\/wp-json\/wp\/v2\/users\/2"}],"replies":[{"embeddable":true,"href":"https:\/\/www.europesays.com\/fr\/wp-json\/wp\/v2\/comments?post=550162"}],"version-history":[{"count":0,"href":"https:\/\/www.europesays.com\/fr\/wp-json\/wp\/v2\/posts\/550162\/revisions"}],"wp:featuredmedia":[{"embeddable":true,"href":"https:\/\/www.europesays.com\/fr\/wp-json\/wp\/v2\/media\/550163"}],"wp:attachment":[{"href":"https:\/\/www.europesays.com\/fr\/wp-json\/wp\/v2\/media?parent=550162"}],"wp:term":[{"taxonomy":"category","embeddable":true,"href":"https:\/\/www.europesays.com\/fr\/wp-json\/wp\/v2\/categories?post=550162"},{"taxonomy":"post_tag","embeddable":true,"href":"https:\/\/www.europesays.com\/fr\/wp-json\/wp\/v2\/tags?post=550162"}],"curies":[{"name":"wp","href":"https:\/\/api.w.org\/{rel}","templated":true}]}}