{"id":550168,"date":"2025-11-22T00:03:11","date_gmt":"2025-11-22T00:03:11","guid":{"rendered":"https:\/\/www.europesays.com\/fr\/550168\/"},"modified":"2025-11-22T00:03:11","modified_gmt":"2025-11-22T00:03:11","slug":"les-ecologistes-et-archipel-citoyen-divergent-sur-la-marche-a-suivre","status":"publish","type":"post","link":"https:\/\/www.europesays.com\/fr\/550168\/","title":{"rendered":"les \u00c9cologistes et Archipel citoyen divergent sur la marche \u00e0 suivre"},"content":{"rendered":"<p>                    Par<br \/>\n        <strong><br \/>\n            <a href=\"https:\/\/actu.fr\/auteur\/guillaume-laurens\" title=\"Consulter tous les articles de Guillaume Laurens\" rel=\"nofollow noopener\" target=\"_blank\">Guillaume Laurens<\/a><br \/>\n                    <\/strong><\/p>\n<p>        Publi\u00e9 le<\/p>\n<p>            21 nov. 2025 \u00e0 18h43        <\/p>\n<p>Les <strong>\u00c9cologistes<\/strong> et <strong>Archipel citoyen<\/strong> ne sont pas (totalement) d\u2019accord sur la marche \u00e0 suivre pour les <a href=\"https:\/\/actu.fr\/toulouse\/politique\/elections-municipales\" rel=\"nofollow noopener\" target=\"_blank\">Municipales 2026 \u00e0 <strong>Toulouse<\/strong><\/a>. Les militants de ces deux partis de gauche, qui avaient annonc\u00e9 <a href=\"https:\/\/actu.fr\/occitanie\/toulouse_31555\/municipales-2026-a-toulouse-archipel-citoyen-veut-s-allier-avec-les-ecologistes-pour-le-premier-tour_62906039.html\" rel=\"nofollow noopener\" target=\"_blank\">leur union d\u00e8s l\u2019\u00e9t\u00e9 dernier dans la course au Capitole<\/a>, \u00e9taient appel\u00e9s \u00e0 trancher, jeudi 20\u00a0novembre 2025 en soir\u00e9e, entre <strong>trois options<\/strong> pour le premier tour, sauf qu\u2019ils ont choisi\u2026 <strong>deux trajectoires diff\u00e9rentes<\/strong>. Explications.<\/p>\n<p>Les uns votent pour l\u2019union avec le PS, les autres pour l\u2019autonomie<\/p>\n<p class=\" wall-content\">Jeudi soir, les adh\u00e9rents des \u00c9cologistes et Archipel citoyen \u00e9taient appel\u00e9s \u00e0 se prononcer \u2014 s\u00e9par\u00e9ment \u2014 lors d\u2019un<strong> vote interne<\/strong> au jugement majoritaire pour les Municipales 2026. <strong>Trois options<\/strong> \u00e9taient sur la table\u2009: une liste d\u2019alliance avec <strong>le Parti socialiste<\/strong> et cinq autres formations de gauche (G\u00e9n\u00e9ration\u00b7s, Place publique, le PCF, le PRG et le MRC), une liste d\u2019alliance avec <strong>la France insoumise<\/strong>, et une <strong>liste autonome <\/strong>(r\u00e9unissant les \u00c9cologistes et Archipel).<\/p>\n<p class=\" wall-content\">Si les militants des \u00c9cologistes ont vot\u00e9 \u00ab\u2009\u00e0 une large majorit\u00e9\u2009\u00bb selon R\u00e9gis Godec pour la premi\u00e8re option (l\u2019union avec le PS), ceux d\u2019Archipel citoyen ont \u00ab\u2009pl\u00e9biscit\u00e9\u2009\u00bb la troisi\u00e8me option (l\u2019autonomie), devant la deuxi\u00e8me (rejoindre LFI), alors que la premi\u00e8re (rallier le PS) arrive derni\u00e8re. Une issue qui <strong>complique s\u00e9rieusement<\/strong> la situation.<\/p>\n<p>\u00ab\u2009D\u2019ultimes n\u00e9gociations\u2009\u00bb \u00e0 venir avec le PS<\/p>\n<p class=\" wall-content\">Dans la nuit, les deux formations se sont fendues d\u2019un <strong>communiqu\u00e9 conjoint<\/strong> dans lequel elles indiquent reprendre les n\u00e9gociations avec le PS et ses alli\u00e9s\u2009: \u00ab\u2009Les choix effectu\u00e9s par nos deux organisations ne permettent pas, \u00e0 ce stade, de proposer une issue commune et partag\u00e9e\u2009\u00bb, observent-elles, indiquant leur volont\u00e9 \u00ab\u2009d\u2019engager <strong>d\u2019ultimes discussions<\/strong> pour faire converger leurs orientations et trouver le chemin d\u2019un dispositif commun\u2009\u00bb.<\/p>\n<blockquote class=\"ac-article-quote wall-content\">\n<p>Les deux formations restent convaincues de la n\u00e9cessit\u00e9 de construire l\u2019union la plus large possible pour gagner Toulouse lors des \u00e9lections municipales de 2026.<\/p>\n<p>    <strong>Archipel citoyen et Les \u00c9cologistes<\/strong>\n            <\/p><\/blockquote>\n<p>R\u00e9gis Godec\u2009: \u00ab\u2009Le choix de la liste la plus large possible s\u2019impose\u2009\u00bb<\/p>\n<p class=\" wall-content\">Apr\u00e8s cet \u00e9ni\u00e8me rebondissement <strong>peu lisible<\/strong> de l\u2019ext\u00e9rieur, <strong>que va-t-il se passer<\/strong>\u2009? \u00ab\u2009Les choses sont <strong>tr\u00e8s claires<\/strong> chez nous \u00e0 l\u2019issue de ce vote\u2009\u00bb, t\u00e9moigne R\u00e9gis Godec. \u00ab\u2009Pour nous, un choix s\u2019impose\u2009: celui de la liste la plus large possible, avec une gouvernance partag\u00e9e entre Ville et M\u00e9tropole\u2009\u00bb.<\/p>\n<p>Vid\u00e9os : en ce moment sur Actu<\/p>\n<blockquote class=\"ac-article-quote wall-content\">\n<p>J&rsquo;ai l&rsquo;impression de revivre l&rsquo;aventure de 2008 avec la qu\u00eate de l&rsquo;union de la gauche, qui s&rsquo;est conclue par la victoire de Pierre Cohen.<\/p>\n<p>    <strong>R\u00e9gis Godec<\/strong><br \/>\n        Chef de file des \u00c9cologistes pour les Municipales 2026 \u00e0 Toulouse    <\/p><\/blockquote>\n<p>\u00ab\u2009Si on gagne, on abandonnera la Jonction Est\u2009\u00bb<\/p>\n<p class=\" wall-content\">\u00ab\u2009L\u2019option de la liste autonome nous semble illisible\u2009\u00bb, ajoute R\u00e9gis Godec. En clair\u2009: quoi qu\u2019il advienne, les \u00e9cologistes sont bien d\u00e9cid\u00e9s \u00e0 <strong>s\u2019unir avec les socialistes<\/strong>, mais ils souhaiteraient \u00ab\u2009une aventure \u00e0 huit\u2009\u00bb, comprenant Archipel citoyen, d\u2019autant que les n\u00e9gociations avec le PS ont, selon le chef de file des Verts, \u00e9t\u00e9 fructueuses.<\/p>\n<p>Votre r\u00e9gion, votre actu !<\/p>\n<p>Recevez chaque jour les infos qui comptent pour vous.<\/p>\n<p>\t<a href=\"https:\/\/actu.fr\/newsletter\" class=\"ac-btn ac-btn--corner ac-btn--medium ac-btn--blue800\" rel=\"nofollow noopener\" target=\"_blank\">S&rsquo;incrire<\/a><\/p>\n<blockquote class=\"ac-article-quote wall-content\">\n<p>Nous avons obtenu des garanties programmatiques [avec le PS, NDLR] sur plusieurs projets : abandon de la Jonction Est, RER m\u00e9tropolitain&#8230; Si on gagne les \u00e9lections en 2026, on s&rsquo;engagera donc \u00e0 abandonner ce nouvel axe routier.<\/p>\n<p>    <strong>R\u00e9gis Godec<\/strong>\n            <\/p><\/blockquote>\n<p>\u00ab\u2009Pas la situation id\u00e9ale\u2009\u00bb pour Archipel citoyen<\/p>\n<p class=\" wall-content\">\u00ab\u2009Ce n\u2019est pas la situation id\u00e9ale\u2009\u00bb, reconna\u00eet de son c\u00f4t\u00e9 <strong>Arnaud Rivi\u00e8re<\/strong>, porte-parole d\u2019Archipel citoyen\u2009: \u00ab\u2009On va r\u00e9interroger nos adh\u00e9rents\u2009\u00bb.<\/p>\n<blockquote class=\"ac-article-quote wall-content\">\n<p>Si on veut partir avec les \u00c9cologistes, il ne reste plus qu&rsquo;une option, c&rsquo;est de s&rsquo;allier au Parti socialiste. On va rouvrir les n\u00e9gociations.<\/p>\n<p>    <strong>Arnaud Rivi\u00e8re<\/strong><br \/>\n        Porte-parole d&rsquo;Archipel citoyen    <\/p><\/blockquote>\n<p>Une liste autonome d\u2019Archipel citoyen au premier tour\u2009?<\/p>\n<p class=\" wall-content\">R\u00e9sultat des courses\u2009: Archipel citoyen s\u2019appr\u00eate \u00e0 demander \u00e0 ses 110 adh\u00e9rents de <strong>se prononcer \u00e0 nouveau<\/strong> entre \u00ab\u2009trois autres pistes\u2009\u00bb\u2009: l\u2019alliance avec les \u00c9cologistes, le PS et les cinq autres formations de gauche\u2009; Rejoindre LFI, mais sans les \u00c9cologistes\u2009; Monter une liste autonome d\u2019Archipel citoyen, sans les autres partis.<\/p>\n<p class=\" wall-content\">\u00ab\u2009Nous allons soumettre ces trois options au vote\u2009\u00bb, d\u00e9taille Arnaud Rivi\u00e8re. \u00ab\u2009Le but, c\u2019est de pouvoir <strong>se prononcer rapidement<\/strong>, la semaine prochaine\u2009\u00bb.<\/p>\n<p>Un sondage donnait la gauche gagnante<\/p>\n<p class=\" wall-content\"><a href=\"https:\/\/actu.fr\/occitanie\/toulouse_31555\/municipales-2026-a-toulouse-au-centre-et-a-droite-jean-luc-moudenc-fait-le-plein-de-soutiens_63240793.html\" rel=\"nofollow noopener\" target=\"_blank\">Alors que Jean-Luc Moudenc fait le plein de soutiens des partis du centre et de droite en vue du premier tour<\/a>, la gauche part en ordre dispers\u00e9, avec <strong>deux \u00e0 trois listes<\/strong> <strong>principales<\/strong> qui se dessinaient jusqu\u2019ici\u2009: autour du d\u00e9put\u00e9 LFI Fran\u00e7ois Piquemal, autour du PS emmen\u00e9 par Fran\u00e7ois Brian\u00e7on, et donc autour d\u2019EELV et ses alli\u00e9s archip\u00e9liens, emmen\u00e9s par R\u00e9gis Godec et Maxime Le Texier.<\/p>\n<p class=\" wall-content\">Derni\u00e8rement, <a href=\"https:\/\/actu.fr\/occitanie\/toulouse_31555\/municipales-2026-a-toulouse-jean-luc-moudenc-en-difficulte-face-a-la-gauche-ce-que-revele-ce-sondage_63437141.html\" rel=\"nofollow noopener\" target=\"_blank\">un sondage r\u00e9alis\u00e9 par Cluster17 et command\u00e9 par le PS<\/a> indiquait que s\u2019il y avait ces trois listes \u00e0 gauche, les deux premi\u00e8res seraient<strong> au coude-\u00e0-coude<\/strong> (21\u2009% pour Fran\u00e7ois Brian\u00e7on et 20\u2009% pour Fran\u00e7ois Piquemal), alors que la troisi\u00e8me serait distanc\u00e9e (12\u2009% pour R\u00e9gis Godec). Et s\u2019il n\u2019y avait que deux listes, le chef de file du PS serait \u00e0 30\u2009%, contre 23\u2009% pour le d\u00e9put\u00e9 LFI. Dans les deux cas, Jean-Luc Moudenc r\u00e9unirait 33\u2009% des intentions de vote, et serait battu par la gauche au second tour, \u00e0 la seule condition que celle-ci <strong>parvienne \u00e0 s\u2019unir<\/strong>. Et dans la Ville rose, c\u2019est d\u00e9j\u00e0 tout un programme.<\/p>\n<p class=\" wall-content\">Personnalisez votre actualit\u00e9 en ajoutant vos villes et m\u00e9dias en favori avec <a href=\"https:\/\/moncompte.actu.fr\" title=\"D\u00e9couvez Mon Actu\" rel=\"nofollow noopener\" data-trk=\"{&quot;cta&quot;:{&quot;action&quot;:&quot;https:\\\/\\\/moncompte.actu.fr&quot;,&quot;category&quot;:&quot;mon compte&quot;,&quot;from&quot;:&quot;article footer&quot;,&quot;name&quot;:&quot;Mon actu&quot;,&quot;type&quot;:&quot;cta&quot;}}\" target=\"_blank\">Mon Actu<\/a>.<\/p>\n","protected":false},"excerpt":{"rendered":"Par Guillaume Laurens Publi\u00e9 le 21 nov. 2025 \u00e0 18h43 Les \u00c9cologistes et Archipel citoyen ne sont pas&hellip;\n","protected":false},"author":2,"featured_media":550169,"comment_status":"","ping_status":"","sticky":false,"template":"","format":"standard","meta":{"footnotes":""},"categories":[2816],"tags":[1111,11,4188,1777,674,7430,1011,27,3434,12,2680,316,25,2312],"class_list":{"0":"post-550168","1":"post","2":"type-post","3":"status-publish","4":"format-standard","5":"has-post-thumbnail","7":"category-toulouse","8":"tag-actu","9":"tag-actualites","10":"tag-elections-municipales","11":"tag-eu","12":"tag-europe","13":"tag-europe-ecologie-les-verts-eelv","14":"tag-fr","15":"tag-france","16":"tag-municipales-2026","17":"tag-news","18":"tag-occitanie","19":"tag-politique","20":"tag-republique-francaise","21":"tag-toulouse"},"share_on_mastodon":{"url":"","error":""},"_links":{"self":[{"href":"https:\/\/www.europesays.com\/fr\/wp-json\/wp\/v2\/posts\/550168","targetHints":{"allow":["GET"]}}],"collection":[{"href":"https:\/\/www.europesays.com\/fr\/wp-json\/wp\/v2\/posts"}],"about":[{"href":"https:\/\/www.europesays.com\/fr\/wp-json\/wp\/v2\/types\/post"}],"author":[{"embeddable":true,"href":"https:\/\/www.europesays.com\/fr\/wp-json\/wp\/v2\/users\/2"}],"replies":[{"embeddable":true,"href":"https:\/\/www.europesays.com\/fr\/wp-json\/wp\/v2\/comments?post=550168"}],"version-history":[{"count":0,"href":"https:\/\/www.europesays.com\/fr\/wp-json\/wp\/v2\/posts\/550168\/revisions"}],"wp:featuredmedia":[{"embeddable":true,"href":"https:\/\/www.europesays.com\/fr\/wp-json\/wp\/v2\/media\/550169"}],"wp:attachment":[{"href":"https:\/\/www.europesays.com\/fr\/wp-json\/wp\/v2\/media?parent=550168"}],"wp:term":[{"taxonomy":"category","embeddable":true,"href":"https:\/\/www.europesays.com\/fr\/wp-json\/wp\/v2\/categories?post=550168"},{"taxonomy":"post_tag","embeddable":true,"href":"https:\/\/www.europesays.com\/fr\/wp-json\/wp\/v2\/tags?post=550168"}],"curies":[{"name":"wp","href":"https:\/\/api.w.org\/{rel}","templated":true}]}}