{"id":550176,"date":"2025-11-22T00:08:15","date_gmt":"2025-11-22T00:08:15","guid":{"rendered":"https:\/\/www.europesays.com\/fr\/550176\/"},"modified":"2025-11-22T00:08:15","modified_gmt":"2025-11-22T00:08:15","slug":"loffice-anti-stupefiants-de-marseille-intercepte-239-kilos-de-cocaine-a-la-sortie-du-port-de-marseille","status":"publish","type":"post","link":"https:\/\/www.europesays.com\/fr\/550176\/","title":{"rendered":"L&rsquo;office anti-stup\u00e9fiants de Marseille intercepte 239 kilos de coca\u00efne \u00e0 la sortie du port de Marseille"},"content":{"rendered":"<p>Ce soir du 18\u00a0f\u00e9vrier\u00a02025, les enqu\u00eateurs de l\u2019<a href=\"https:\/\/www.laprovence.com\/article\/faits-divers-justice\/36524676585085\/un-capitaine-de-loffice-antistups-de-marseille-presente-a-la-justice\" target=\"_blank\" rel=\"noopener\">Office anti-stup\u00e9fiants de Marseille<\/a> sablent le champagne, tandis que la balance industrielle install\u00e9e \u00e0 l\u2019entr\u00e9e des locaux ploie sous 145\u00a0kg de coca\u00efne. Ces dizaines de pains de poudre blanche sous cellophane ont \u00e9t\u00e9 d\u00e9couverts<a href=\"https:\/\/www.laprovence.com\/article\/faits-divers-justice\/8222050514653514\/saisie-de-drogue-record-a-aix-en-provence-comment-loffice-antistupefiants-a-intercepte-150-kg-de-cocaine\" target=\"_blank\" rel=\"noopener\"> lors d\u2019une surveillance en p\u00e9riph\u00e9rie d\u2019Aix-en-Provence<\/a> quelques heures plus t\u00f4t. Du jamais vu, m\u00eame ici \u00e0 l\u2019antenne Ofast, pour une seule affaire, partie d\u2019un classique renseignement en ao\u00fbt\u00a02024, jusqu\u2019\u00e0 l\u2019interpellation le 18\u00a0f\u00e9vrier\u00a02025, \u00ab\u00a0au cul du camion\u00a0\u00bb, d\u2019un discret logisticien du stup, dans le secteur du Jas de Bouffan.<\/p>\n<p>Pourtant, en tirant encore le fil de ce r\u00e9seau d\u2019approvisionnement en gros, les enqu\u00eateurs ont encore pulv\u00e9ris\u00e9 le record cette semaine. Ces 18 et 19\u00a0novembre\u00a02025, ce sont cette fois quelque 240\u00a0kilos de coca\u00efne qui ont fini sur la balance en inox du service, apr\u00e8s une nouvelle saisie \u00e0 la provenance quelque peu inattendue\u2026<\/p>\n<p>Charg\u00e9 aux Antilles et d\u00e9charg\u00e9 dans le port de Marseille<\/p>\n<p>Car dans un premier temps, c\u2019est par la route, que les policiers s\u2019attendaient \u00e0 remonter la piste de ces grossistes aux profils d\u00e9tonants, bien que d\u00e9j\u00e0 connus de la documentation polici\u00e8re. Ils s\u2019attendaient \u00e0 retrouver les canaux habituels d\u2019approvisionnement, par voie terrestre, depuis la r\u00e9gion parisienne, le Benelux et les ports du\u00a0Havre ou encore du Nord de l\u2019Europe, classiques points d\u2019entr\u00e9e de la coca\u00efne sud-am\u00e9ricaine.<\/p>\n<p>Mais au fil des surveillances, ils ont d\u00e9couvert que le man\u00e8ge logistique prenait sa source beaucoup plus pr\u00e8s d\u2019eux. Les trafiquants se r\u00e9approvisionnaient encore \u00ab\u00a0au cul du camion\u00a0\u00bb, mais le semi-remorque r\u00e9cup\u00e9rait directement sa cargaison dans le Grand port maritime de Marseille.<\/p>\n<p>C\u2019est l\u00e0 qu\u2019un conteneur en provenance des Antilles avait \u00e9t\u00e9 d\u00e9barqu\u00e9, puis charg\u00e9 sur une remorque de poids lourd, en ce mois de novembre, avant de quitter le port. Suivie jusqu\u2019en p\u00e9riph\u00e9rie de l\u2019\u00c9tang de Berre, la \u00ab\u00a0bo\u00eete\u00a0\u00bb contenait de quoi abonder encore \u00e0 l\u2019expression du moment\u00a0: \u00ab\u00a0le tsunami blanc\u00a0\u00bb. Comme neuf mois plus t\u00f4t \u00e0 Aix, c\u2019est avec un utilitaire qu\u2019une \u00e9quipe transbordait le contenu du conteneur apr\u00e8s sa sortie du port.<\/p>\n<p>Cinq personnes pr\u00e9sent\u00e9es \u00e0 un juge d\u2019instruction<\/p>\n<p>Si trois dockers ont \u00e9t\u00e9 entendus avant d\u2019\u00eatre rel\u00e2ch\u00e9s sans poursuites parmi pas moins de 13 interpellations, cinq suspects, dont une femme, ont \u00e9t\u00e9 d\u00e9f\u00e9r\u00e9s devant un juge d\u2019instruction de Marseille, ce vendredi en vue de leur mise en examen, notamment pour importation de stup\u00e9fiants en bande organis\u00e9e et blanchiment aggrav\u00e9.<\/p>\n<p>Au total, l\u2019enqu\u00eate, qui se poursuit sous l\u2019\u00e9gide de la juridiction interr\u00e9gionale sp\u00e9cialis\u00e9e de Marseille, a permis \u00e0 ce jour la saisie de 384\u00a0kilos de coca\u00efne, pour une valeur marchande, au prix de gros, de 9,6M\u20ac, selon le parquet de Marseille.<\/p>\n","protected":false},"excerpt":{"rendered":"Ce soir du 18\u00a0f\u00e9vrier\u00a02025, les enqu\u00eateurs de l\u2019Office anti-stup\u00e9fiants de Marseille sablent le champagne, tandis que la balance&hellip;\n","protected":false},"author":2,"featured_media":550177,"comment_status":"","ping_status":"","sticky":false,"template":"","format":"standard","meta":{"footnotes":""},"categories":[2814],"tags":[17,66773,1111,11,33766,3993,1777,674,274,1011,27,41429,393,5012,884,12,882,25],"class_list":{"0":"post-550176","1":"post","2":"type-post","3":"status-publish","4":"format-standard","5":"has-post-thumbnail","7":"category-marseille","8":"tag-17","9":"tag-66773","10":"tag-actu","11":"tag-actualites","12":"tag-anti-stupefiants","13":"tag-cocaine","14":"tag-eu","15":"tag-europe","16":"tag-faits-divers-justice","17":"tag-fr","18":"tag-france","19":"tag-intercepte","20":"tag-kilos","21":"tag-loffice","22":"tag-marseille","23":"tag-news","24":"tag-provence-alpes-cote-dazur","25":"tag-republique-francaise"},"share_on_mastodon":{"url":"https:\/\/pubeurope.com\/@fr\/115590444142713708","error":""},"_links":{"self":[{"href":"https:\/\/www.europesays.com\/fr\/wp-json\/wp\/v2\/posts\/550176","targetHints":{"allow":["GET"]}}],"collection":[{"href":"https:\/\/www.europesays.com\/fr\/wp-json\/wp\/v2\/posts"}],"about":[{"href":"https:\/\/www.europesays.com\/fr\/wp-json\/wp\/v2\/types\/post"}],"author":[{"embeddable":true,"href":"https:\/\/www.europesays.com\/fr\/wp-json\/wp\/v2\/users\/2"}],"replies":[{"embeddable":true,"href":"https:\/\/www.europesays.com\/fr\/wp-json\/wp\/v2\/comments?post=550176"}],"version-history":[{"count":0,"href":"https:\/\/www.europesays.com\/fr\/wp-json\/wp\/v2\/posts\/550176\/revisions"}],"wp:featuredmedia":[{"embeddable":true,"href":"https:\/\/www.europesays.com\/fr\/wp-json\/wp\/v2\/media\/550177"}],"wp:attachment":[{"href":"https:\/\/www.europesays.com\/fr\/wp-json\/wp\/v2\/media?parent=550176"}],"wp:term":[{"taxonomy":"category","embeddable":true,"href":"https:\/\/www.europesays.com\/fr\/wp-json\/wp\/v2\/categories?post=550176"},{"taxonomy":"post_tag","embeddable":true,"href":"https:\/\/www.europesays.com\/fr\/wp-json\/wp\/v2\/tags?post=550176"}],"curies":[{"name":"wp","href":"https:\/\/api.w.org\/{rel}","templated":true}]}}