{"id":550182,"date":"2025-11-22T00:12:30","date_gmt":"2025-11-22T00:12:30","guid":{"rendered":"https:\/\/www.europesays.com\/fr\/550182\/"},"modified":"2025-11-22T00:12:30","modified_gmt":"2025-11-22T00:12:30","slug":"mon-fils-est-plus-calme-et-dort-beaucoup-mieux-a-lyon-la-sieste-se-fait-en-plein-air-a-la-creche","status":"publish","type":"post","link":"https:\/\/www.europesays.com\/fr\/550182\/","title":{"rendered":"\u00ab\u00a0Mon fils est plus calme et dort beaucoup mieux\u00a0\u00bb\u00a0: \u00e0 Lyon, la sieste se fait en plein air \u00e0 la cr\u00e8che"},"content":{"rendered":"<p class=\"paragraph text_align_left lp-f-body-02\">Ce vendredi, alors qu\u2019il fait \u00e0 peine trois ou quatre degr\u00e9s dehors, le <a href=\"https:\/\/www.leparisien.fr\/meteo\/vague-de-froid\/\" target=\"_self\" rel=\"nofollow noopener\">froid<\/a> glacial ne semble <a href=\"https:\/\/www.leparisien.fr\/societe\/sante\/un-enfant-qui-ne-se-couvre-pas-ne-va-pas-tomber-malade-jimmy-mohamed-sexplique-sur-ses-propos-qui-font-le-buzz-20-11-2025-CITAIEYBWFFMXJD4LPC6SRPJ3A.php\" target=\"_self\" rel=\"nofollow noopener\">pas g\u00eaner les bambins<\/a>, \u00e2g\u00e9s de 15 mois \u00e0 6 ans. Emmitoufl\u00e9s dans des combinaisons de ski (ou de pluie, selon la m\u00e9t\u00e9o) mises \u00e0 disposition, \u00e9quip\u00e9s de bonnets et de gants, ils profitent de jouets en bois tandis que d\u2019autres s\u2019amusent, comme Simon et Gabriel, \u00e0 manipuler de la farine dans un bac rempli d\u2019ustensiles<b>.<\/b><\/p>\n","protected":false},"excerpt":{"rendered":"Ce vendredi, alors qu\u2019il fait \u00e0 peine trois ou quatre degr\u00e9s dehors, le froid glacial ne semble pas&hellip;\n","protected":false},"author":2,"featured_media":550183,"comment_status":"","ping_status":"","sticky":false,"template":"","format":"standard","meta":{"footnotes":""},"categories":[1889],"tags":[1111,11,2430,459,1777,674,652,1011,27,2428,12,25,104],"class_list":{"0":"post-550182","1":"post","2":"type-post","3":"status-publish","4":"format-standard","5":"has-post-thumbnail","7":"category-lyon","8":"tag-actu","9":"tag-actualites","10":"tag-auvergne-rhone-alpes","11":"tag-departements-horsidfo","12":"tag-eu","13":"tag-europe","14":"tag-famille","15":"tag-fr","16":"tag-france","17":"tag-lyon","18":"tag-news","19":"tag-republique-francaise","20":"tag-societe"},"share_on_mastodon":{"url":"https:\/\/pubeurope.com\/@fr\/115590459812000482","error":""},"_links":{"self":[{"href":"https:\/\/www.europesays.com\/fr\/wp-json\/wp\/v2\/posts\/550182","targetHints":{"allow":["GET"]}}],"collection":[{"href":"https:\/\/www.europesays.com\/fr\/wp-json\/wp\/v2\/posts"}],"about":[{"href":"https:\/\/www.europesays.com\/fr\/wp-json\/wp\/v2\/types\/post"}],"author":[{"embeddable":true,"href":"https:\/\/www.europesays.com\/fr\/wp-json\/wp\/v2\/users\/2"}],"replies":[{"embeddable":true,"href":"https:\/\/www.europesays.com\/fr\/wp-json\/wp\/v2\/comments?post=550182"}],"version-history":[{"count":0,"href":"https:\/\/www.europesays.com\/fr\/wp-json\/wp\/v2\/posts\/550182\/revisions"}],"wp:featuredmedia":[{"embeddable":true,"href":"https:\/\/www.europesays.com\/fr\/wp-json\/wp\/v2\/media\/550183"}],"wp:attachment":[{"href":"https:\/\/www.europesays.com\/fr\/wp-json\/wp\/v2\/media?parent=550182"}],"wp:term":[{"taxonomy":"category","embeddable":true,"href":"https:\/\/www.europesays.com\/fr\/wp-json\/wp\/v2\/categories?post=550182"},{"taxonomy":"post_tag","embeddable":true,"href":"https:\/\/www.europesays.com\/fr\/wp-json\/wp\/v2\/tags?post=550182"}],"curies":[{"name":"wp","href":"https:\/\/api.w.org\/{rel}","templated":true}]}}