{"id":550187,"date":"2025-11-22T00:18:19","date_gmt":"2025-11-22T00:18:19","guid":{"rendered":"https:\/\/www.europesays.com\/fr\/550187\/"},"modified":"2025-11-22T00:18:19","modified_gmt":"2025-11-22T00:18:19","slug":"exclu-2-hectares-de-terrain-a-des-kilometres-de-la-capitale-christophe-et-julie-mercy-couple-phare-de-loft-story-ont-quitte-paris-pour-la-campagne","status":"publish","type":"post","link":"https:\/\/www.europesays.com\/fr\/550187\/","title":{"rendered":"EXCLU 2 hectares de terrain \u00e0 des kilom\u00e8tres de la capitale : Christophe et Julie Mercy, couple phare de Loft Story, ont quitt\u00e9 Paris pour la campagne !"},"content":{"rendered":"<p class=\"mb-4 text-lg md:leading-8 break-words\">Christophe Mercy fait son retour sur le petit \u00e9cran. On l&rsquo;a connu en 2001, dans \u00ab\u00a0Loft Story\u00a0\u00bb. Et le voil\u00e0 au casting de \u00ab\u00a0La Bataille, la mal\u00e9diction de l&rsquo;\u00eele\u00a0\u00bb, sur TFX. A cette occasion, il se livre aupr\u00e8s de \u00ab\u00a0Purepeople.com\u00a0\u00bb et \u00e9voque sa nouvelle vie loin de la capitale avec sa femme Julie et leurs deux enfants.<\/p>\n<p class=\"mb-4 text-lg md:leading-8 break-words\">Il y a vingt-quatre ans, Loft Story r\u00e9volutionnait le monde de la t\u00e9l\u00e9vision. Apr\u00e8s plusieurs semaines d&rsquo;enfermement, <a href=\"https:\/\/www.purepeople.com\/article\/loft-story-qu-est-ce-que-christophe-gagnant-avec-loana-a-fait-de-son-argent_a431546\/1\" rel=\"nofollow noopener\" target=\"_blank\" data-ylk=\"slk:deux participants sont ressortis gagnants du jeu : Loana et Christophe;elm:context_link;itc:0;sec:content-canvas\" class=\"link \">deux participants sont ressortis gagnants du jeu : Loana et <strong>Christophe<\/strong><\/a>. Si la trajectoire de la premi\u00e8re a \u00e9t\u00e9 largement suivie, le second a pr\u00e9f\u00e9r\u00e9 s&rsquo;\u00e9loigner des strass et paillettes. Mais il n&rsquo;en reste pas moins que son quotidien \u00e0 chang\u00e9 : Christophe Mercy a trouv\u00e9 l&rsquo;amour gr\u00e2ce \u00e0 Loft Story. <a href=\"https:\/\/www.purepeople.com\/article\/loft-story-dix-ans-de-mariage-pour-christophe-et-julie_a108183\/1\" rel=\"nofollow noopener\" target=\"_blank\" data-ylk=\"slk:Il s&#039;est depuis mari\u00e9 \u00e0 Julie, elle aussi candidate de l&#039;\u00e9mission;elm:context_link;itc:0;sec:content-canvas\" class=\"link \">Il s&rsquo;est depuis mari\u00e9 \u00e0 Julie, elle aussi candidate de l&rsquo;\u00e9mission<\/a>, et ensemble ils sont parents de deux enfants : Matis (22 ans) et Solan (15 ans). Une vie paisible que Christophe Mercy a mis sur pause le temps d&rsquo;une aventure. En effet, <a href=\"https:\/\/fr.news.yahoo.com\/exclu-24-ans-apr%C3%A8s-loft-195800093.html\" data-ylk=\"slk:avec son a\u00een\u00e9, il a particip\u00e9 \u00e0 La Bataille, la mal\u00e9diction de l&#039;\u00eele;elm:context_link;itc:0;sec:content-canvas;outcm:mb_qualified_link;_E:mb_qualified_link;ct:story;\" class=\"link  yahoo-link\" target=\"_blank\" rel=\"noopener\">avec son a\u00een\u00e9, il a particip\u00e9 \u00e0 La Bataille, la mal\u00e9diction de l&rsquo;\u00eele<\/a>. Le duo a \u00e9t\u00e9 \u00e9limin\u00e9 lors de l&rsquo;\u00e9pisode diffus\u00e9 mercredi 19 novembre 2025 sur TFX. Apr\u00e8s le tournage, retour \u00e0 la maison. Et quelle maison ! Aupr\u00e8s de Purepeople.com, Christophe Mercy se livre sur sa vie paisible avec femme et enfants.<\/p>\n<p class=\"mb-4 text-lg md:leading-8 break-words\"><strong>Comment, \u00e0 l\u2019\u00e9poque, avez-vous v\u00e9cu l\u2019apr\u00e8s <\/strong><strong>Loft Story<\/strong><strong> ?<\/strong><\/p>\n<p class=\"mb-4 text-lg md:leading-8 break-words\">Alors, c&rsquo;est pour \u00e7a qu&rsquo;on a une petite appr\u00e9hension des r\u00e9seaux. Parce que\u00a0l&rsquo;apr\u00e8s Loft a \u00e9t\u00e9 quand m\u00eame tr\u00e8s, tr\u00e8s compliqu\u00e9. C&rsquo;est-\u00e0-dire que \u00e7a a \u00e9t\u00e9 une vraie vague d&rsquo;anxi\u00e9t\u00e9 aussi, parce qu&rsquo;on n&rsquo;\u00e9tait pas pr\u00e9par\u00e9 du tout \u00e0 conna\u00eetre la notori\u00e9t\u00e9. Ce n&rsquo;est pas quelque chose qu&rsquo;on d\u00e9sirait. Et donc, franchement, on ne va pas se mentir, moi, j&rsquo;ai eu de la chance d&rsquo;\u00eatre avec Julie. Pour les autres candidats aussi, \u00e7a a \u00e9t\u00e9 compliqu\u00e9 de vivre une notori\u00e9t\u00e9 : d&rsquo;un coup, les gens nous d\u00e9couvrent, nous aiment, nous regardent, alors qu&rsquo;avant, ce n&rsquo;\u00e9tait pas forc\u00e9ment le cas aussi facilement. Donc, oui, j&rsquo;ai trouv\u00e9 \u00e7a tr\u00e8s, tr\u00e8s d\u00e9stabilisant \u00e0 l&rsquo;\u00e9poque. Et il a fallu du temps pour g\u00e9rer \u00e7a \u00e9motionnellement.<\/p>\n<p class=\"mb-4 text-lg md:leading-8 break-words\"><strong>Avez-vous gard\u00e9 contact avec des anciens Lofteurs ?<\/strong><\/p>\n<p class=\"mb-4 text-lg md:leading-8 break-words\">Oui, bien s\u00fbr. On a encore des contacts avec des anciens. C&rsquo;est vrai que chacun fait sa vie.\u00a0C&rsquo;est vrai que je resterai toujours nostalgique de cette \u00e9mission. Je les aime tous. On a partag\u00e9 quelque chose de tellement exceptionnel. On aimerait se faire un petit week-end ensemble. Mais ce n&rsquo;est pas possible parce qu&rsquo;on a un peu d\u00e9vi\u00e9 chacun dans nos vies. \u00c7a restera l&rsquo;un des plus gros souvenirs de ma vie, c&rsquo;est clair.<\/p>\n<p class=\"mb-4 text-lg md:leading-8 break-words\"><strong>Votre vie avec Julie semble bien rang\u00e9e : mariage, enfants, maison\u2026 Comment d\u00e9cririez-vous votre quotidien ?<\/strong><\/p>\n<p class=\"mb-4 text-lg md:leading-8 break-words\">Mon quotidien est le plus banal du monde. J&rsquo;ai une vie tout \u00e0 fait normale. On vit \u00e0 la campagne. Julie a un gros boulot. Moi, je viens de m&rsquo;arr\u00eater de travailler pour m&rsquo;occuper de chez nous. Donc on peut dire que je suis papa au foyer avec des grands enfants pour l&rsquo;instant. Je vais reprendre le boulot, je pense, dans pas longtemps. J&rsquo;ai deux grands enfants qui sont totalement normaux. Une vie banale, franchement.<\/p>\n<p class=\"mb-4 text-lg md:leading-8 break-words\"><strong>J\u2019ai lu que <\/strong><a href=\"https:\/\/fr.news.yahoo.com\/christophe-julie-loft-story-install%C3%A9s-200000963.html\" data-ylk=\"slk:vous avez d\u00e9m\u00e9nag\u00e9 \u00e0 la campagne;elm:context_link;itc:0;sec:content-canvas;outcm:mb_qualified_link;_E:mb_qualified_link;ct:story;\" class=\"link  yahoo-link\" target=\"_blank\" rel=\"noopener\"><strong>vous avez d\u00e9m\u00e9nag\u00e9 \u00e0 la campagne<\/strong><\/a><strong>\u2026<\/strong><\/p>\n<p class=\"mb-4 text-lg md:leading-8 break-words\">Oui, \u00e7a fait un petit moment. Apr\u00e8s le Loft, on a quitt\u00e9 Paris. On a toujours essay\u00e9 de trouver des endroits o\u00f9 on n&rsquo;\u00e9tait pas trop, on va dire, coll\u00e9s aux autres. Plus on a de l&rsquo;espace, plus on est content. Et l\u00e0, c&rsquo;est vrai qu&rsquo;on a trouv\u00e9 une maison avec deux hectares de terrain o\u00f9 on n&rsquo;a pas de voisins, donc c&rsquo;est vrai que pour moi, c&rsquo;est un grand bonheur. J&rsquo;adore le c\u00f4t\u00e9 libert\u00e9. M\u00eame si un tel espace demande beaucoup de boulot. Donc m\u00eame si en ce moment je ne travaille pas, j\u2019ai pas mal de boulot \u00e0 l\u2019ext\u00e9rieur de la maison !<\/p>\n<p class=\"mb-4 text-lg md:leading-8 break-words\"><strong>Quel est votre m\u00e9tier et celui de Julie aujourd\u2019hui ?<\/strong><\/p>\n<p class=\"mb-4 text-lg md:leading-8 break-words\">Ma femme est responsable commerciale pour un groupe h\u00f4telier, ce qui fait qu&rsquo;elle a un gros portefeuille client et qu&rsquo;elle g\u00e8re beaucoup d&rsquo;entreprises et beaucoup de gens. On peut dire qu\u2019elle a un bon poste. Et puis, moi \u00e0 c\u00f4t\u00e9, je suis un saltimbanque qui a d\u00e9j\u00e0 exerc\u00e9 une dizaine de m\u00e9tiers diff\u00e9rents depuis que je suis sorti du loft. J\u2019ai \u00e9t\u00e9 aide-m\u00e9nager, chauffeur livreur, travaill\u00e9 dans les alliances de mariage, j\u2019ai aussi fait dix ans dans l\u2019\u00e9lectronique. En fait, je fais tout et un peu n&rsquo;importe quoi parce que j&rsquo;ai juste besoin de compenser finalement un \u2018salaire\u2019, je n&rsquo;ai pas de pression ultra forte, \u00e7a, c&rsquo;est plut\u00f4t cool.\u00a0Et l\u00e0, le fait qu&rsquo;on ait d\u00e9m\u00e9nag\u00e9 et que j&rsquo;ai pu m&rsquo;arr\u00eater, notamment pour moi, mais surtout, le fait de pouvoir accompagner ma femme aussi, c&rsquo;est-\u00e0-dire que c&rsquo;est g\u00e9nial pour elle de rentrer, de mettre les pieds sous la table et que son mari fasse\u00a0les courses, le m\u00e9nage, la bouffe, g\u00e8re les allers-retours des enfants. Je ne bosse pas beaucoup. Mais pendant ce temps-l\u00e0, je peux l\u2019accompagner au maximum pour qu\u2019elle puisse passer des bons moments.<\/p>\n<p class=\"mb-4 text-lg md:leading-8 break-words\"><strong>Quelles \u00e9tudes font vos enfants ?<\/strong><\/p>\n<p class=\"mb-4 text-lg md:leading-8 break-words\">Alors, mes enfants ne sont pas de grands bosseurs. Le plus grand est prof de tennis. Il est pour l\u2019instant dans un club pour enfants. Et il va essayer de passer un dipl\u00f4me sup\u00e9rieur pour pouvoir donner des cours individuels. Il compense aussi, puisqu&rsquo;il travaille aussi un peu \u00e0 l&rsquo;h\u00f4te : gr\u00e2ce \u00e0 ma femme, il fait aussi des extras et il bosse un peu en tant que serveur. Et mon petit a 15 ans. Il est tranquille, pour l&rsquo;instant et ne se prend pas trop la t\u00eate. Il ne sait pas encore ce qu&rsquo;il veut faire mais pas de pression pour l&rsquo;instant.<\/p>\n<p class=\"mb-4 text-lg md:leading-8 break-words\"><strong>Quels sont vos projets ?<\/strong><\/p>\n<p class=\"mb-4 text-lg md:leading-8 break-words\">On n&rsquo;a pas de projet sp\u00e9cial. De mon c\u00f4t\u00e9, juste de reprendre le travail. Parce qu&rsquo;effectivement, \u00e7a fait quand m\u00eame deux ans que je ne travaille pas, donc il va bien falloir que je me bouge. Julie continue son boulot de labeur et c&rsquo;est tr\u00e8s bien, les enfants se trouvent bien\u2026<\/p>\n<p class=\"mb-4 text-lg md:leading-8 break-words\"><strong>Dans quel domaine souhaiteriez-vous reprendre une activit\u00e9 professionnelle ?<\/strong><\/p>\n<p class=\"mb-4 text-lg md:leading-8 break-words\">Dans n&rsquo;importe quoi de ce qui va m&rsquo;\u00eatre propos\u00e9 ! Parce que souvent, je rencontre des gens, le hasard de la vie fait que je re\u00e7ois des propositions, des possibilit\u00e9s. Sinon je me verrais bien juste aller en agence d&rsquo;int\u00e9rim et prendre des boulots diff\u00e9rents tous les quatre mois, dans le temps.<\/p>\n<p class=\"mb-4 text-lg md:leading-8 break-words\"><strong>Contenu exclusif ne pouvant \u00eatre repris sans la mention <\/strong><strong>Purepeople.<\/strong><\/p>\n<p class=\"mb-4 text-lg md:leading-8 break-words\"><a href=\"https:\/\/www.purepeople.com\/article\/exclu-2-hectares-de-terrain-a-des-kilometres-de-la-capitale-christophe-et-julie-mercy-couple-phare-de-loft-story-ont-quitte-paris-pour-la-campagne_a544830\/1\" rel=\"nofollow noopener\" target=\"_blank\" data-ylk=\"slk:Article original sur Purepeople;elm:context_link;itc:0;sec:content-canvas\" class=\"link \">Article original sur Purepeople<\/a><\/p>\n","protected":false},"excerpt":{"rendered":"Christophe Mercy fait son retour sur le petit \u00e9cran. On l&rsquo;a connu en 2001, dans \u00ab\u00a0Loft Story\u00a0\u00bb. Et&hellip;\n","protected":false},"author":2,"featured_media":550188,"comment_status":"","ping_status":"","sticky":false,"template":"","format":"standard","meta":{"footnotes":""},"categories":[1888],"tags":[1111,1928,11,1927,66775,1777,674,1011,27,38422,66774,588,12,1926,626,1925,25],"class_list":{"0":"post-550187","1":"post","2":"type-post","3":"status-publish","4":"format-standard","5":"has-post-thumbnail","7":"category-paris","8":"tag-actu","9":"tag-actu-paris","10":"tag-actualites","11":"tag-actualites-paris","12":"tag-christophe-mercy","13":"tag-eu","14":"tag-europe","15":"tag-fr","16":"tag-france","17":"tag-julie","18":"tag-loana-et-christophe","19":"tag-loft-story","20":"tag-news","21":"tag-news-paris","22":"tag-paris","23":"tag-paris-news","24":"tag-republique-francaise"},"share_on_mastodon":{"url":"https:\/\/pubeurope.com\/@fr\/115590483525676013","error":""},"_links":{"self":[{"href":"https:\/\/www.europesays.com\/fr\/wp-json\/wp\/v2\/posts\/550187","targetHints":{"allow":["GET"]}}],"collection":[{"href":"https:\/\/www.europesays.com\/fr\/wp-json\/wp\/v2\/posts"}],"about":[{"href":"https:\/\/www.europesays.com\/fr\/wp-json\/wp\/v2\/types\/post"}],"author":[{"embeddable":true,"href":"https:\/\/www.europesays.com\/fr\/wp-json\/wp\/v2\/users\/2"}],"replies":[{"embeddable":true,"href":"https:\/\/www.europesays.com\/fr\/wp-json\/wp\/v2\/comments?post=550187"}],"version-history":[{"count":0,"href":"https:\/\/www.europesays.com\/fr\/wp-json\/wp\/v2\/posts\/550187\/revisions"}],"wp:featuredmedia":[{"embeddable":true,"href":"https:\/\/www.europesays.com\/fr\/wp-json\/wp\/v2\/media\/550188"}],"wp:attachment":[{"href":"https:\/\/www.europesays.com\/fr\/wp-json\/wp\/v2\/media?parent=550187"}],"wp:term":[{"taxonomy":"category","embeddable":true,"href":"https:\/\/www.europesays.com\/fr\/wp-json\/wp\/v2\/categories?post=550187"},{"taxonomy":"post_tag","embeddable":true,"href":"https:\/\/www.europesays.com\/fr\/wp-json\/wp\/v2\/tags?post=550187"}],"curies":[{"name":"wp","href":"https:\/\/api.w.org\/{rel}","templated":true}]}}