{"id":550196,"date":"2025-11-22T00:24:17","date_gmt":"2025-11-22T00:24:17","guid":{"rendered":"https:\/\/www.europesays.com\/fr\/550196\/"},"modified":"2025-11-22T00:24:17","modified_gmt":"2025-11-22T00:24:17","slug":"apres-des-mois-dinsultes-trump-et-mamdani-affichent-une-entente-inattendue-a-la-maison-blanche","status":"publish","type":"post","link":"https:\/\/www.europesays.com\/fr\/550196\/","title":{"rendered":"Apr\u00e8s des mois d\u2019insultes, Trump et Mamdani affichent une entente inattendue \u00e0 la Maison-Blanche"},"content":{"rendered":"<p>Tout le monde s\u2019attendait \u00e0 une r\u00e9union explosive apr\u00e8s des mois d\u2019attaques verbales pendant la campagne municipale de New York. Mais finalement <a href=\"https:\/\/www.20minutes.fr\/dossier\/donald_trump\" target=\"_blank\" class=\"c-link c-link--is-underlined\" rel=\"noopener\">Donald Trump<\/a> et <a href=\"https:\/\/www.20minutes.fr\/monde\/etats-unis\/4160313-20250625-etats-unis-zohran-mamdani-candidat-democrate-su-conquerir-ur-new-yorkais-tiktok\" target=\"_blank\" class=\"c-link c-link--is-underlined\" rel=\"noopener\">Zohran Mamdani<\/a> ont livr\u00e9 vendredi une d\u00e9monstration d\u2019apaisement dans le Bureau ovale. La sc\u00e8ne avait m\u00eame quelque chose d\u2019irr\u00e9el\u00a0: le pr\u00e9sident, qui avait nagu\u00e8re affubl\u00e9 Zohran Mamdani du surnom de \u00ab\u00a0mon petit communiste\u00a0\u00bb, et le futur maire de New York, qui l\u2019avait trait\u00e9 de \u00ab\u00a0fasciste\u00a0\u00bb lors de son discours de victoire, se sont montr\u00e9s c\u00f4te \u00e0 c\u00f4te, souriants, \u00e9changeant m\u00eame quelques tapes amicales sur le coude. \u00ab\u00a0Je pense que vous allez avoir, je l\u2019esp\u00e8re, un excellent maire\u00a0\u00bb, a m\u00eame dit Donald Trump. Il a promis d\u2019\u00ab\u00a0aider \u00e0 r\u00e9aliser le r\u00eave de tout le monde, avoir un <a href=\"https:\/\/www.20minutes.fr\/dossier\/new_york\" target=\"_blank\" class=\"c-link c-link--is-underlined\" rel=\"noopener\">New York<\/a> fort et tr\u00e8s s\u00fbr\u00a0\u00bb.<\/p>\n<p>Zohran Mamdani, qui prendra ses fonctions le 1er\u00a0janvier, a salu\u00e9 une rencontre \u00ab\u00a0tr\u00e8s productive\u00a0\u00bb. Il a indiqu\u00e9 que l\u2019entretien n\u2019avait pas port\u00e9 sur les nombreux points de d\u00e9saccord, mais sur leur objectif commun d\u2019\u00ab\u00a0\u00eatre au service des New-Yorkais\u00a0\u00bb, en particulier sur la lutte contre la vie ch\u00e8re, th\u00e8me central de sa campagne. \u00ab\u00a0Je travaillerai avec lui sur tout programme qui profite aux New-Yorkais. Si un programme nuit aux New-Yorkais, je serai aussi le premier \u00e0 le dire\u00a0\u00bb, a n\u00e9anmoins rappel\u00e9 le <a href=\"https:\/\/www.20minutes.fr\/dossier\/parti_democrate\" target=\"_blank\" class=\"c-link c-link--is-underlined\" rel=\"noopener\">d\u00e9mocrate<\/a>.<\/p>\n<p>\u00ab\u00a0On a dit de moi des choses bien pires que despote\u00a0\u00bb<\/p>\n<p>L\u2019\u00e9change a \u00e9galement \u00e9t\u00e9 l\u2019occasion d\u2019\u00e9voquer les propos tenus par Zohran Mamdani, qui avait qualifi\u00e9 Donald Trump de \u00ab\u00a0despote\u00a0\u00bb. Le pr\u00e9sident, d\u2019ordinaire rancunier, a choisi la l\u00e9g\u00e8ret\u00e9. \u00ab\u00a0On a dit de moi des choses bien pires que despote. Donc ce n\u2019est pas si insultant que \u00e7a.\u00a0\u00bb Il s\u2019est aussi f\u00e9licit\u00e9 de l\u2019important int\u00e9r\u00eat m\u00e9diatique autour de cette rencontre, marqu\u00e9e par une pr\u00e9sence inhabituelle de journalistes \u00e0 la <a href=\"https:\/\/www.20minutes.fr\/dossier\/maison_blanche\" target=\"_blank\" class=\"c-link c-link--is-underlined\" rel=\"noopener\">Maison-Blanche<\/a>.<\/p>\n<\/p>\n<p>L\u2019\u00e9lection de Zohran Mamdani a \u00e9t\u00e9 l\u2019un des \u00e9v\u00e9nements politiques majeurs de cette ann\u00e9e. En remportant plus de 50\u00a0% des voix face \u00e0 Andrew Cuomo, soutenu par Donald Trump, il a b\u00e9n\u00e9fici\u00e9 d\u2019une participation record de plus de deux millions d\u2019\u00e9lecteurs, du jamais vu depuis\u00a01969. Le pr\u00e9sident am\u00e9ricain a relev\u00e9 que \u00ab\u00a0beaucoup\u00a0\u00bb de ses propres \u00e9lecteurs auraient vot\u00e9 pour le d\u00e9mocrate, ce \u00e0 quoi Zohran Mamdani a r\u00e9pondu\u00a0: \u00ab\u00a0Un sur 10\u00a0\u00bb, avant que Donald Trump ne conclue\u00a0: \u00ab\u00a0\u00c7a me va.\u00a0\u00bb<\/p>\n<p>Des hauts responsables aguerris autour de Mamdani<\/p>\n<p>Alors que certains s\u2019inqui\u00e8tent de l\u2019inexp\u00e9rience du futur maire \u2013 son seul mandat \u00e9tant celui d\u2019\u00e9lu de quartier \u00e0 l\u2019assembl\u00e9e de l\u2019Etat de New York \u2013 Zohran Mamdani a commenc\u00e9 \u00e0 structurer son \u00e9quipe. Il a choisi comme bras droit Dean Fuleihan, 74 ans, haut fonctionnaire aguerri de la politique locale, et confirm\u00e9 Jessica Tisch \u00e0 la t\u00eate de la police. R\u00e9put\u00e9e pour avoir contribu\u00e9 \u00e0 faire reculer la criminalit\u00e9, elle entretient par ailleurs des liens amicaux avec <a href=\"https:\/\/www.20minutes.fr\/monde\/ivanka-trump\/\" target=\"_blank\" class=\"c-link c-link--is-underlined\" rel=\"noopener\">Ivanka Trump<\/a>, ce que le pr\u00e9sident a qualifi\u00e9 de \u00ab\u00a0bon signe\u00a0\u00bb.<\/p>\n<p><a href=\"https:\/\/www.20minutes.fr\/monde\/etats-unis\/\" target=\"_blank\" class=\"c-link c-btn c-btn--primary\" rel=\"noopener\">Notre dossier sur les Etats-Unis<\/a><\/p>\n<p>Pour Grant Reeher, professeur de politique \u00e0 l\u2019Universit\u00e9 de Syracuse, le maintien de certains cadres de l\u2019administration sortante traduit une volont\u00e9 de stabilit\u00e9. \u00ab\u00a0Bien qu\u2019il n\u2019ait abandonn\u00e9 aucun de ses objectifs politiques, le fait qu\u2019il conserve certains hauts responsables semble indiquer que sa r\u00e9volution aura des garde-fous\u00a0\u00bb, explique-t-il. Une approche prudente alors que le nouveau maire ne peut se permettre une rupture totale avec la Maison-Blanche, Donald Trump ayant d\u00e9j\u00e0 menac\u00e9 par le pass\u00e9 de couper des fonds f\u00e9d\u00e9raux \u00e0 New York ou d\u2019y d\u00e9ployer la Garde nationale. Cette idylle face cam\u00e9ra dura-t-elle\u00a0? R\u00e9ponse d\u00e8s le 1er\u00a0janvier.<\/p>\n","protected":false},"excerpt":{"rendered":"Tout le monde s\u2019attendait \u00e0 une r\u00e9union explosive apr\u00e8s des mois d\u2019attaques verbales pendant la campagne municipale de&hellip;\n","protected":false},"author":2,"featured_media":550197,"comment_status":"","ping_status":"","sticky":false,"template":"","format":"standard","meta":{"footnotes":""},"categories":[1589],"tags":[47,11,75,73,1866,78,74,415,12,1864,1865,1863,308],"class_list":{"0":"post-550196","1":"post","2":"type-post","3":"status-publish","4":"format-standard","5":"has-post-thumbnail","7":"category-etats-unis","8":"tag-actualite","9":"tag-actualites","10":"tag-donald-trump","11":"tag-etats-unis","12":"tag-etats-unis-damerique","13":"tag-maison-blanche","14":"tag-monde","15":"tag-new-york","16":"tag-news","17":"tag-united-states","18":"tag-united-states-of-america","19":"tag-us","20":"tag-usa"},"share_on_mastodon":{"url":"https:\/\/pubeurope.com\/@fr\/115590507060327822","error":""},"_links":{"self":[{"href":"https:\/\/www.europesays.com\/fr\/wp-json\/wp\/v2\/posts\/550196","targetHints":{"allow":["GET"]}}],"collection":[{"href":"https:\/\/www.europesays.com\/fr\/wp-json\/wp\/v2\/posts"}],"about":[{"href":"https:\/\/www.europesays.com\/fr\/wp-json\/wp\/v2\/types\/post"}],"author":[{"embeddable":true,"href":"https:\/\/www.europesays.com\/fr\/wp-json\/wp\/v2\/users\/2"}],"replies":[{"embeddable":true,"href":"https:\/\/www.europesays.com\/fr\/wp-json\/wp\/v2\/comments?post=550196"}],"version-history":[{"count":0,"href":"https:\/\/www.europesays.com\/fr\/wp-json\/wp\/v2\/posts\/550196\/revisions"}],"wp:featuredmedia":[{"embeddable":true,"href":"https:\/\/www.europesays.com\/fr\/wp-json\/wp\/v2\/media\/550197"}],"wp:attachment":[{"href":"https:\/\/www.europesays.com\/fr\/wp-json\/wp\/v2\/media?parent=550196"}],"wp:term":[{"taxonomy":"category","embeddable":true,"href":"https:\/\/www.europesays.com\/fr\/wp-json\/wp\/v2\/categories?post=550196"},{"taxonomy":"post_tag","embeddable":true,"href":"https:\/\/www.europesays.com\/fr\/wp-json\/wp\/v2\/tags?post=550196"}],"curies":[{"name":"wp","href":"https:\/\/api.w.org\/{rel}","templated":true}]}}