{"id":550202,"date":"2025-11-22T00:27:16","date_gmt":"2025-11-22T00:27:16","guid":{"rendered":"https:\/\/www.europesays.com\/fr\/550202\/"},"modified":"2025-11-22T00:27:16","modified_gmt":"2025-11-22T00:27:16","slug":"ladministration-trump-ordonne-aux-ambassades-americaines-de-surveiller-limpact-de-la-migration-en-europe","status":"publish","type":"post","link":"https:\/\/www.europesays.com\/fr\/550202\/","title":{"rendered":"L\u2019administration Trump ordonne aux ambassades am\u00e9ricaines de surveiller l\u2019impact de la migration en Europe"},"content":{"rendered":"<p style=\"overflow-wrap:break-word;\">AA\/Washigton\/Rabia\u00a0Iclal\u00a0Turan<\/p>\n<p style=\"overflow-wrap:break-word;\">Le d\u00e9partement d\u2019\u00c9tat am\u00e9ricain a annonc\u00e9 vendredi avoir demand\u00e9 \u00e0 ses ambassades de dresser des rapports sur les cons\u00e9quences pr\u00e9sum\u00e9es en mati\u00e8re de droits humains li\u00e9es \u00e0 la migration de masse en Europe, notamment au Royaume-Uni, en Su\u00e8de et en Allemagne.<\/p>\n<p style=\"overflow-wrap:break-word;\">L\u2019administration \u00e9voque des informations faisant \u00e9tat d\u2019agressions sexuelles et d\u2019autres crimes impliquant des migrants dans ces pays, qualifiant la migration de masse de \u00ab menace existentielle pour la civilisation occidentale \u00bb.<\/p>\n<p style=\"overflow-wrap:break-word;\">\u00ab La migration de masse constitue une menace existentielle pour la civilisation occidentale et pourrait saper la stabilit\u00e9 de certains alli\u00e9s cl\u00e9s des \u00c9tats-Unis \u00bb, a affirm\u00e9 le d\u00e9partement dans un communiqu\u00e9 publi\u00e9\u00a0sur la plateforme sociale de la soci\u00e9t\u00e9 X, bas\u00e9e aux \u00c9tats-Unis.<\/p>\n<p style=\"overflow-wrap:break-word;\">Les ambassades sont invit\u00e9es \u00e0 recueillir des informations sur les politiques jug\u00e9es indulgentes envers la criminalit\u00e9 impliquant des migrants et les atteintes aux droits humains, ainsi que sur les lois susceptibles de sanctionner des citoyens exprimant leur opposition \u00e0 la migration de masse.<\/p>\n<p style=\"overflow-wrap:break-word;\">La note cite plusieurs affaires pr\u00e9sum\u00e9es, dont des r\u00e9seaux de pr\u00e9dation sexuelle dans certaines r\u00e9gions d\u2019Angleterre, un jugement en Su\u00e8de ayant permis \u00e0 un migrant condamn\u00e9 pour agression sexuelle de rester dans le pays, ainsi qu\u2019un viol collectif en Allemagne impliquant plusieurs hommes, certains d\u00e9crits comme des migrants.<\/p>\n<p style=\"overflow-wrap:break-word;\">Cette d\u00e9cision s\u2019inscrit dans la vaste offensive de l\u2019administration Trump contre l\u2019immigration aux \u00c9tats-Unis, marqu\u00e9e par un renforcement du contr\u00f4le aux fronti\u00e8res et des expulsions accrues.<\/p>\n<p style=\"overflow-wrap:break-word;\">*Traduit de l&rsquo;anglais par Sanaa Amir<\/p>\n","protected":false},"excerpt":{"rendered":"AA\/Washigton\/Rabia\u00a0Iclal\u00a0Turan Le d\u00e9partement d\u2019\u00c9tat am\u00e9ricain a annonc\u00e9 vendredi avoir demand\u00e9 \u00e0 ses ambassades de dresser des rapports sur&hellip;\n","protected":false},"author":2,"featured_media":550203,"comment_status":"","ping_status":"","sticky":false,"template":"","format":"standard","meta":{"footnotes":""},"categories":[1586],"tags":[11,1785,1777,674,1011,27,66776,12,25],"class_list":{"0":"post-550202","1":"post","2":"type-post","3":"status-publish","4":"format-standard","5":"has-post-thumbnail","7":"category-europe","8":"tag-actualites","9":"tag-anadolu-ajansi","10":"tag-eu","11":"tag-europe","12":"tag-fr","13":"tag-france","14":"tag-ladministration-trump","15":"tag-news","16":"tag-republique-francaise"},"share_on_mastodon":{"url":"https:\/\/pubeurope.com\/@fr\/115590519304908108","error":""},"_links":{"self":[{"href":"https:\/\/www.europesays.com\/fr\/wp-json\/wp\/v2\/posts\/550202","targetHints":{"allow":["GET"]}}],"collection":[{"href":"https:\/\/www.europesays.com\/fr\/wp-json\/wp\/v2\/posts"}],"about":[{"href":"https:\/\/www.europesays.com\/fr\/wp-json\/wp\/v2\/types\/post"}],"author":[{"embeddable":true,"href":"https:\/\/www.europesays.com\/fr\/wp-json\/wp\/v2\/users\/2"}],"replies":[{"embeddable":true,"href":"https:\/\/www.europesays.com\/fr\/wp-json\/wp\/v2\/comments?post=550202"}],"version-history":[{"count":0,"href":"https:\/\/www.europesays.com\/fr\/wp-json\/wp\/v2\/posts\/550202\/revisions"}],"wp:featuredmedia":[{"embeddable":true,"href":"https:\/\/www.europesays.com\/fr\/wp-json\/wp\/v2\/media\/550203"}],"wp:attachment":[{"href":"https:\/\/www.europesays.com\/fr\/wp-json\/wp\/v2\/media?parent=550202"}],"wp:term":[{"taxonomy":"category","embeddable":true,"href":"https:\/\/www.europesays.com\/fr\/wp-json\/wp\/v2\/categories?post=550202"},{"taxonomy":"post_tag","embeddable":true,"href":"https:\/\/www.europesays.com\/fr\/wp-json\/wp\/v2\/tags?post=550202"}],"curies":[{"name":"wp","href":"https:\/\/api.w.org\/{rel}","templated":true}]}}