{"id":550204,"date":"2025-11-22T00:28:19","date_gmt":"2025-11-22T00:28:19","guid":{"rendered":"https:\/\/www.europesays.com\/fr\/550204\/"},"modified":"2025-11-22T00:28:19","modified_gmt":"2025-11-22T00:28:19","slug":"bartjan-wegter-la-police-anti-terroriste-doit-acceder-aux-messages-cryptes","status":"publish","type":"post","link":"https:\/\/www.europesays.com\/fr\/550204\/","title":{"rendered":"Bartjan Wegter: \u00abLa police anti-terroriste doit acc\u00e9der aux messages crypt\u00e9s\u00bb"},"content":{"rendered":"<p>\n                                                Cette semaine, nous recevons Bartjan Wegter, coordinateur de l&rsquo;UE pour la lutte contre le terrorisme. 10 ans apr\u00e8s les attentats qui ont frapp\u00e9 la France, il d\u00e9taille les mesures mises en place par l\u2019UE pour contrer le terrorisme et alerte sur un risque d\u2019attaque toujours \u00e9lev\u00e9.                    <\/p>\n<p>La <strong><a target=\"_self\" href=\"https:\/\/www.rfi.fr\/fr\/tag\/france\/\" rel=\"nofollow noopener\">France<\/a><\/strong> a r\u00e9cemment comm\u00e9mor\u00e9 les <strong><a target=\"_self\" href=\"https:\/\/www.rfi.fr\/fr\/tag\/attentats-de-paris\/\" rel=\"nofollow noopener\">10 ans des attentats<\/a><\/strong> du 13 novembre 2015 lors desquels 132 morts ont perdu la vie. Bartjan Wegter, coordinateur de l&rsquo;UE pour la lutte contre le terrorisme, un poste cr\u00e9\u00e9 en 2004 apr\u00e8s les attentats de <strong><a target=\"_self\" href=\"https:\/\/www.rfi.fr\/fr\/tag\/espagne\/\" rel=\"nofollow noopener\">Madrid<\/a><\/strong>, qualifie ces hommages de \u00abtr\u00e8s \u00e9mouvants\u00bb. \u00abC\u2019\u00e9tait impressionnant d&rsquo;entendre les t\u00e9moignages et de voir les survivants de ces attentats horribles qui ont choqu\u00e9 la France\u00bb, s&rsquo;\u00e9meut-il.\u00a0<\/p>\n<p> <strong>\u00abIl faut rester vigilant\u00bb<\/strong> <\/p>\n<p>Apr\u00e8s ces attentats, Bartjan Wegter parle \u00abd\u2019un tournant historique dans la lutte contre le terrorisme dans l\u2019Union europ\u00e9enne (UE)\u00bb : \u00abNous nous sommes rendus compte qu&rsquo;il fallait mieux s&rsquo;organiser au niveau europ\u00e9en, qu&rsquo;il fallait penser au-del\u00e0 du niveau national.\u00bb<\/p>\n<p>Il explique que les auteurs de ces attaques ont \u00abprofit\u00e9 de la libre circulation en Europe\u00bb afin de commettre ces attentats. \u00abNous avons renforc\u00e9 nos fronti\u00e8res ext\u00e9rieures et nous avons \u00e9tabli des bases de donn\u00e9es interop\u00e9rables. [&#8230;] Nous avons aussi renforc\u00e9 la coop\u00e9ration de la police et de la justice gr\u00e2ce \u00e0 Europol et Eurojust, deux agences impliqu\u00e9es dans le domaine. Nous avons fait en sorte de renforcer leur r\u00f4le. [&#8230;] Nous avons cr\u00e9\u00e9 une task force sous le nom de fraternit\u00e9 franco-<strong><a target=\"_self\" href=\"https:\/\/www.rfi.fr\/fr\/tag\/belgique\/\" rel=\"nofollow noopener\">belge<\/a><\/strong> afin de mener les enqu\u00eates n\u00e9cessaires dans le contexte de ces attentats. [&#8230;] L\u2019Europe s&rsquo;est mieux organis\u00e9e de fa\u00e7on strat\u00e9gique pour appr\u00e9hender le futur et prendre en consid\u00e9ration les menaces \u00e0 venir.\u00bb\u00a0<\/p>\n<p>S\u2019il \u00e9voque des progr\u00e8s r\u00e9alis\u00e9s en mati\u00e8re de contre-terrorisme, Bartjan Wegter explique qu\u2019il \u00abfaut rester vigilant\u00bb : \u00abJe dirais que nous sommes mieux plac\u00e9s aujourd&rsquo;hui qu&rsquo;il y a dix ans. [&#8230;] Beaucoup d&rsquo;attentats ont \u00e9t\u00e9 d\u00e9jou\u00e9s. [&#8230;] Mais la menace num\u00e9ro un en Europe reste toujours le <strong><a target=\"_self\" href=\"https:\/\/www.rfi.fr\/fr\/tag\/ei\/\" rel=\"nofollow noopener\">jihadisme<\/a><\/strong>.\u00bb<\/p>\n<p> <strong>\u00abDaech recrute d\u00e9sormais en Europe, parmi les plus jeunes\u00bb<\/strong> <\/p>\n<p>En Europe, un suspect de terrorisme sur trois est un mineur ou un jeune adulte. Selon Bartjan Wegter, cela s\u2019explique par le fait que cette population soit \u00abparticuli\u00e8rement vuln\u00e9rable\u00bb. \u00abIls sont victimes de d\u00e9sinformation et notamment de la propagande de Daech qui a \u00e9t\u00e9 tr\u00e8s cibl\u00e9e et tr\u00e8s efficace dans de multiples langues et qui visait justement les mineurs. Ils utilisent par exemple des plateformes de gaming pour atteindre les <strong><a target=\"_self\" href=\"https:\/\/www.rfi.fr\/fr\/tag\/jeunesse\/\" rel=\"nofollow noopener\">jeunes<\/a><\/strong>\u00bb, d\u00e9taille-t-il.\u00a0<\/p>\n<p> <strong>\u00abUne diminution des efforts de mod\u00e9ration en ligne\u00bb<\/strong> <\/p>\n<p>Pour lutter contre la radicalisation en ligne et les m\u00e9faits des <strong><a target=\"_self\" href=\"https:\/\/www.rfi.fr\/fr\/tag\/r\u00e9seaux-sociaux\/\" rel=\"nofollow noopener\">r\u00e9seaux sociaux<\/a><\/strong> sur les jeunes, la France r\u00e9fl\u00e9chit \u00e0 l&rsquo;interdiction de leur usage avant quinze ans. Des menaces provenant des r\u00e9seaux sociaux que Bartjan Wegter observe \u00e9galement : \u00abIl y a plusieurs mouvements qui influencent tout ce qui se passe en ligne et qui influencent nos jeunes et risquent de les radicaliser. Il y a l&rsquo;ultra droite, l&rsquo;ultra gauche.\u00bb Il note un risque particulier pour les \u00abjeunes gar\u00e7ons\u00bb qui peuvent \u00eatre \u00abattir\u00e9s par l&rsquo;ultra violence.\u00bb<\/p>\n<p>Selon lui, les grandes entreprises de la tech d\u00e9tenant ces r\u00e9seaux sociaux doivent jouer un r\u00f4le : \u00abNous voyons une diminution des efforts de mod\u00e9ration de la part de la plupart de ces compagnies. [&#8230;] Derri\u00e8re tout cela, il y a les algorithmes qui amplifient le genre de contenu qui pose probl\u00e8me et qui risque de radicaliser nos jeunes.\u00bb<\/p>\n<p>S\u2019il se f\u00e9licite de la possibilit\u00e9 pour les utilisateurs d\u2019utiliser des <strong><a target=\"_self\" href=\"https:\/\/www.rfi.fr\/fr\/tag\/num\u00e9rique\/\" rel=\"nofollow noopener\">messageries crypt\u00e9es<\/a><\/strong> afin de prot\u00e9ger leur vie priv\u00e9e, il d\u00e9plore une difficult\u00e9 pour les enqu\u00eateurs d\u2019acc\u00e9der \u00e0 ces donn\u00e9es : \u00abIl faut avoir un d\u00e9bat clair et honn\u00eate qui reconna\u00eet le besoin de permettre \u00e0 nos enqu\u00eateurs de mener \u00e0 bien leurs enqu\u00eates, toujours dans le respect de la loi, comme ils l&rsquo;ont toujours fait depuis des ann\u00e9es, par exemple quand il y avait des paquets suspects ou des lettres \u00e0 ouvrir. [&#8230;] C&rsquo;est la m\u00eame chose pour tout ce qui est digital car nous constatons que plus de 80% des enqu\u00eates sont maintenant dans le domaine digital. Il faut permettre \u00e0 nos enqu\u00eateurs de faire leur travail. Pour cela, il faut une coop\u00e9ration de l&rsquo;industrie et des plateformes.\u00bb<\/p>\n<p> <strong>\u00abCe qui se passe en Afrique va toucher notre s\u00e9curit\u00e9 int\u00e9rieure\u00bb<\/strong> <\/p>\n<p>Dans la r\u00e9gion du <strong><a target=\"_self\" href=\"https:\/\/www.rfi.fr\/fr\/tag\/sahel\/\" rel=\"nofollow noopener\">Sahel<\/a><\/strong> en <strong><a target=\"_self\" href=\"https:\/\/www.rfi.fr\/fr\/tag\/afrique\/\" rel=\"nofollow noopener\">Afrique<\/a><\/strong> de l\u2019Ouest, le Groupe de soutien \u00e0 <strong><a target=\"_self\" href=\"https:\/\/www.rfi.fr\/fr\/tag\/islam\/\" rel=\"nofollow noopener\">l&rsquo;islam<\/a><\/strong> et aux musulmans (Jnim), li\u00e9 \u00e0 al-Qa\u00efda, gagne du terrain. Bartjan Wegter explique que l\u2019UE collabore avec de nombreux pays africains au sujet de cette menace terroriste : \u00abLes pays en Afrique occidentale ont besoin de notre soutien et de notre exp\u00e9rience pour lutter contre le terrorisme. [&#8230;] C&rsquo;est une r\u00e9gion qui nous pr\u00e9occupe. [&#8230;] Tout ce qui se passe hors de nos fronti\u00e8res risque, \u00e0 un certain moment, de toucher notre s\u00e9curit\u00e9 int\u00e9rieure.\u00bb<\/p>\n","protected":false},"excerpt":{"rendered":"Cette semaine, nous recevons Bartjan Wegter, coordinateur de l&rsquo;UE pour la lutte contre le terrorisme. 10 ans apr\u00e8s&hellip;\n","protected":false},"author":2,"featured_media":550205,"comment_status":"","ping_status":"","sticky":false,"template":"","format":"standard","meta":{"footnotes":""},"categories":[1586],"tags":[11,1777,674,1779,1011,27,7248,12,25,1254,1778,364],"class_list":{"0":"post-550204","1":"post","2":"type-post","3":"status-publish","4":"format-standard","5":"has-post-thumbnail","7":"category-europe","8":"tag-actualites","9":"tag-eu","10":"tag-europe","11":"tag-european-union","12":"tag-fr","13":"tag-france","14":"tag-ici-leurope","15":"tag-news","16":"tag-republique-francaise","17":"tag-terrorisme","18":"tag-ue","19":"tag-union-europeenne"},"share_on_mastodon":{"url":"https:\/\/pubeurope.com\/@fr\/115590523039520099","error":""},"_links":{"self":[{"href":"https:\/\/www.europesays.com\/fr\/wp-json\/wp\/v2\/posts\/550204","targetHints":{"allow":["GET"]}}],"collection":[{"href":"https:\/\/www.europesays.com\/fr\/wp-json\/wp\/v2\/posts"}],"about":[{"href":"https:\/\/www.europesays.com\/fr\/wp-json\/wp\/v2\/types\/post"}],"author":[{"embeddable":true,"href":"https:\/\/www.europesays.com\/fr\/wp-json\/wp\/v2\/users\/2"}],"replies":[{"embeddable":true,"href":"https:\/\/www.europesays.com\/fr\/wp-json\/wp\/v2\/comments?post=550204"}],"version-history":[{"count":0,"href":"https:\/\/www.europesays.com\/fr\/wp-json\/wp\/v2\/posts\/550204\/revisions"}],"wp:featuredmedia":[{"embeddable":true,"href":"https:\/\/www.europesays.com\/fr\/wp-json\/wp\/v2\/media\/550205"}],"wp:attachment":[{"href":"https:\/\/www.europesays.com\/fr\/wp-json\/wp\/v2\/media?parent=550204"}],"wp:term":[{"taxonomy":"category","embeddable":true,"href":"https:\/\/www.europesays.com\/fr\/wp-json\/wp\/v2\/categories?post=550204"},{"taxonomy":"post_tag","embeddable":true,"href":"https:\/\/www.europesays.com\/fr\/wp-json\/wp\/v2\/tags?post=550204"}],"curies":[{"name":"wp","href":"https:\/\/api.w.org\/{rel}","templated":true}]}}