{"id":550206,"date":"2025-11-22T00:29:16","date_gmt":"2025-11-22T00:29:16","guid":{"rendered":"https:\/\/www.europesays.com\/fr\/550206\/"},"modified":"2025-11-22T00:29:16","modified_gmt":"2025-11-22T00:29:16","slug":"un-ours-attaque-un-groupe-decoliers-onze-blesses-dont-quatre-graves","status":"publish","type":"post","link":"https:\/\/www.europesays.com\/fr\/550206\/","title":{"rendered":"Un ours attaque un groupe d\u2019\u00e9coliers, onze bless\u00e9s dont quatre graves"},"content":{"rendered":"<p>L\u2019attaque d\u2019un <a href=\"https:\/\/www.20minutes.fr\/planete\/ours\/\" target=\"_blank\" class=\"c-link c-link--is-underlined\" rel=\"noopener\">ours<\/a> survenue jeudi dans une zone rurale de Colombie-Britannique, au <a href=\"https:\/\/www.20minutes.fr\/dossier\/canada\" target=\"_blank\" class=\"c-link c-link--is-underlined\" rel=\"noopener\">Canada<\/a>, a plong\u00e9 la communaut\u00e9 de Bella Coola dans la stupeur. Onze personnes, dont des enfants d\u2019une \u00e9cole locale, ont \u00e9t\u00e9 bless\u00e9es lors d\u2019une sortie sur un sentier situ\u00e9 \u00e0 environ 700\u00a0km au nord-ouest de Vancouver, selon plusieurs m\u00e9dias canadiens. Deux victimes se trouvent dans un \u00e9tat critique et deux autres sont gri\u00e8vement bless\u00e9es, a rapport\u00e9 l\u2019agence Canadian Press.<\/p>\n<p>Selon le r\u00e9cit de la m\u00e8re d\u2019un <a href=\"https:\/\/www.20minutes.fr\/societe\/eleves\/\" target=\"_blank\" class=\"c-link c-link--is-underlined\" rel=\"noopener\">\u00e9colier<\/a> de 10 ans, son fils s\u2019est retrouv\u00e9 \u00e0 quelques centim\u00e8tres de l\u2019animal\u00a0: \u00ab\u00a0il a m\u00eame senti sa fourrure\u00a0\u00bb, a-t-elle d\u00e9clar\u00e9. L\u2019enfant a ensuite r\u00e9ussi \u00e0 s\u2019enfuir. Un <a href=\"https:\/\/www.20minutes.fr\/dossier\/enseignant\" target=\"_blank\" class=\"c-link c-link--is-underlined\" rel=\"noopener\">enseignant<\/a> qui accompagnait le groupe s\u2019est interpos\u00e9 pour prot\u00e9ger les \u00e9l\u00e8ves. \u00ab\u00a0Il a tout pris\u00a0\u00bb, a expliqu\u00e9 Veronica Schooner. L\u2019enseignant a \u00e9t\u00e9 \u00e9vacu\u00e9 par h\u00e9licopt\u00e8re vers un centre hospitalier.<\/p>\n<\/p>\n<p>L\u2019animal \u00ab\u00a0agressif\u00a0\u00bb toujours recherch\u00e9<\/p>\n<p>La nation Nuxalk, qui administre le territoire, a \u00e9voqu\u00e9 un \u00ab\u00a0ours agressif\u00a0\u00bb et a demand\u00e9 aux habitants de rester chez eux et d\u2019\u00e9viter l\u2019autoroute tant que l\u2019animal n\u2019est pas captur\u00e9. Les autorit\u00e9s locales ont \u00e9galement pr\u00e9cis\u00e9 que les \u00e9l\u00e8ves concern\u00e9s fr\u00e9quentaient l\u2019\u00e9cole ind\u00e9pendante Acwsalcta. Dans un message publi\u00e9 sur Facebook, l\u2019\u00e9tablissement a affirm\u00e9\u00a0: \u00ab\u00a0Il est difficile de trouver les mots en ces temps tr\u00e8s difficiles\u00a0\u00bb.<\/p>\n<p><a href=\"https:\/\/www.20minutes.fr\/dossier\/canada\" target=\"_blank\" class=\"c-link c-btn c-btn--primary\" rel=\"noopener\">Notre dossier sur le Canada<\/a><\/p>\n<p>Dans un communiqu\u00e9, le chef de la nation Nuxalk, Samuel Schooner, a assur\u00e9 que \u00ab\u00a0toutes les personnes impliqu\u00e9es re\u00e7oivent un soutien m\u00e9dical\u00a0\u00bb et que la priorit\u00e9 restait \u00ab\u00a0de garantir leur s\u00e9curit\u00e9\u00a0\u00bb. Les sp\u00e9cialistes rappellent que les ours deviennent particuli\u00e8rement agressifs \u00e0 l\u2019approche de l\u2019<a href=\"https:\/\/www.20minutes.fr\/dossier\/hiver\" target=\"_blank\" class=\"c-link c-link--is-underlined\" rel=\"noopener\">hiver<\/a>, p\u00e9riode durant laquelle ils cherchent \u00e0 accumuler un maximum de graisse avant l\u2019hibernation.<\/p>\n","protected":false},"excerpt":{"rendered":"L\u2019attaque d\u2019un ours survenue jeudi dans une zone rurale de Colombie-Britannique, au Canada, a plong\u00e9 la communaut\u00e9 de&hellip;\n","protected":false},"author":2,"featured_media":550207,"comment_status":"","ping_status":"","sticky":false,"template":"","format":"standard","meta":{"footnotes":""},"categories":[2],"tags":[47,11,574,1122,1121,1011,27,74,12,25,15552],"class_list":{"0":"post-550206","1":"post","2":"type-post","3":"status-publish","4":"format-standard","5":"has-post-thumbnail","7":"category-actualites","8":"tag-actualite","9":"tag-actualites","10":"tag-canada","11":"tag-ecole","12":"tag-eleves","13":"tag-fr","14":"tag-france","15":"tag-monde","16":"tag-news","17":"tag-republique-francaise","18":"tag-vancouver"},"share_on_mastodon":{"url":"https:\/\/pubeurope.com\/@fr\/115590526835097929","error":""},"_links":{"self":[{"href":"https:\/\/www.europesays.com\/fr\/wp-json\/wp\/v2\/posts\/550206","targetHints":{"allow":["GET"]}}],"collection":[{"href":"https:\/\/www.europesays.com\/fr\/wp-json\/wp\/v2\/posts"}],"about":[{"href":"https:\/\/www.europesays.com\/fr\/wp-json\/wp\/v2\/types\/post"}],"author":[{"embeddable":true,"href":"https:\/\/www.europesays.com\/fr\/wp-json\/wp\/v2\/users\/2"}],"replies":[{"embeddable":true,"href":"https:\/\/www.europesays.com\/fr\/wp-json\/wp\/v2\/comments?post=550206"}],"version-history":[{"count":0,"href":"https:\/\/www.europesays.com\/fr\/wp-json\/wp\/v2\/posts\/550206\/revisions"}],"wp:featuredmedia":[{"embeddable":true,"href":"https:\/\/www.europesays.com\/fr\/wp-json\/wp\/v2\/media\/550207"}],"wp:attachment":[{"href":"https:\/\/www.europesays.com\/fr\/wp-json\/wp\/v2\/media?parent=550206"}],"wp:term":[{"taxonomy":"category","embeddable":true,"href":"https:\/\/www.europesays.com\/fr\/wp-json\/wp\/v2\/categories?post=550206"},{"taxonomy":"post_tag","embeddable":true,"href":"https:\/\/www.europesays.com\/fr\/wp-json\/wp\/v2\/tags?post=550206"}],"curies":[{"name":"wp","href":"https:\/\/api.w.org\/{rel}","templated":true}]}}