{"id":550208,"date":"2025-11-22T00:30:31","date_gmt":"2025-11-22T00:30:31","guid":{"rendered":"https:\/\/www.europesays.com\/fr\/550208\/"},"modified":"2025-11-22T00:30:31","modified_gmt":"2025-11-22T00:30:31","slug":"le-chanteur-et-theatral-jean-guidoni-est-mort-a-74-ans","status":"publish","type":"post","link":"https:\/\/www.europesays.com\/fr\/550208\/","title":{"rendered":"Le chanteur et th\u00e9\u00e2tral Jean Guidoni est mort \u00e0 74 ans"},"content":{"rendered":"<p class=\"article-p mdl\">C&rsquo;est un artiste hors normes, n\u00e9 en marge des codes, qui dispara\u00eet. Le chanteur Jean Guidoni, artiste singulier qui a marqu\u00e9 la sc\u00e8ne fran\u00e7aise avec son univers sulfureux et th\u00e9\u00e2tral, est mort ce vendredi 21 novembre \u00e0 Bordeaux, \u00e0 74 ans, a annonc\u00e9 son attach\u00e9e de presse \u00e0 l&rsquo;AFP. Jean Guidoni est d\u00e9c\u00e9d\u00e9 ce matin \u00ab\u00a0des suites d&rsquo;une maladie fulgurante\u00a0\u00bb, a pr\u00e9cis\u00e9 cette m\u00eame source.\u00a0<\/p>\n<p class=\"article-p mdl\">N\u00e9 en 1951 \u00e0 Toulon, dans un milieu modeste d\u2019origine corse, Jean Guidoni a d\u2019abord \u00e9t\u00e9 coiffeur \u00e0 Marseille avant de monter \u00e0 Paris. Dans les ann\u00e9es 1970, il fait ses premiers pas sur sc\u00e8ne, d\u00e9j\u00e0 \u00e0 contre-courant de la vari\u00e9t\u00e9 dominante. Les chansons qu\u2019on lui propose ne correspondent ni \u00e0 sa personnalit\u00e9, ni aux tourments qui l\u2019animent. Son univers se construit alors loin des compromis.<\/p>\n<p>            La rencontre d\u00e9cisive avec Pierre Philippe<\/p>\n<p class=\"article-p mdl\">Le tournant arrive lorsqu\u2019il croise le parolier Pierre Philippe, notamment connu pour ses adaptations du r\u00e9alisateur Fassbinder. C\u2019est une collaboration qui r\u00e9v\u00e9lera pleinement Guidoni. Sur sc\u00e8ne, il laisse jaillir son exub\u00e9rance, brouillant les codes du genre : bas r\u00e9sille, talons aiguilles, maquillage blanc\u2026 Une esth\u00e9tique provocatrice qui contribue \u00e0 faire de lui un artiste culte.<\/p>\n<p class=\"article-p mdl\">Jean Guidoni laisse derri\u00e8re lui des chansons qui ont fid\u00e9lis\u00e9 un public fervent, de Je marche dans les villes\u00a0\u00e0 Mort \u00e0 Venise\u00a0en passant par Tramway terminus nord. En 1982, il publie l&rsquo;album\u00a0Crime Passionnel, mis en musique par Astor Piazzolla. Pr\u00e9sent\u00e9 comme un \u00ab\u00a0op\u00e9ra pour homme seul\u00a0\u00bb, demeure l\u2019une de ses \u0153uvres phares, alliant textes \u00e9corch\u00e9s et intensit\u00e9 th\u00e9\u00e2trale.<\/p>\n<p>            Un cr\u00e9ateur prolifique, jusqu\u2019\u00e0 ses derniers mois<\/p>\n<p class=\"article-p mdl\">Toujours \u00e0 distance des logiques commerciales, Guidoni finira par \u00e9crire ses propres textes. Avec son album\u00a0La Pointe rouge sorti en 2007, il collabore avec Dominique A, Philippe Katerine, Jeanne Cherhal ou encore Mathias Malzieu. Son 17e album studio, Eldorado(s), est sorti en avril dernier.<\/p>\n<p class=\"article-p mdl\">Attach\u00e9 \u00e0 la sc\u00e8ne, il s\u2019\u00e9tait encore produit le 24 juin au Caf\u00e9 de la Danse, \u00e0 Paris. Son th\u00e9\u00e2tre pr\u00e9f\u00e9r\u00e9 restait celui des Bouffes du Nord, o\u00f9 il avait souvent trouv\u00e9 refuge artistique.<\/p>\n<p>    La r\u00e9daction vous recommande<\/p>\n<p class=\"s-newsletter__title\">\n                L\u2019actualit\u00e9 par la r\u00e9daction de RTL dans votre bo\u00eete mail.\n            <\/p>\n<p class=\"s-newsletter__subtitle\">\n                Gr\u00e2ce \u00e0 votre compte RTL abonnez-vous \u00e0 la newsletter RTL info pour suivre toute l&rsquo;actualit\u00e9 au quotidien\n            <\/p>\n<p>\n                                    Lire la suite\n                                <\/p>\n","protected":false},"excerpt":{"rendered":"C&rsquo;est un artiste hors normes, n\u00e9 en marge des codes, qui dispara\u00eet. Le chanteur Jean Guidoni, artiste singulier&hellip;\n","protected":false},"author":2,"featured_media":550209,"comment_status":"","ping_status":"","sticky":false,"template":"","format":"standard","meta":{"footnotes":""},"categories":[2],"tags":[11,898,3983,2414,107,1011,27,873,12,25],"class_list":{"0":"post-550208","1":"post","2":"type-post","3":"status-publish","4":"format-standard","5":"has-post-thumbnail","7":"category-actualites","8":"tag-actualites","9":"tag-alerte","10":"tag-deces","11":"tag-fil-culture","12":"tag-fil-info","13":"tag-fr","14":"tag-france","15":"tag-musique","16":"tag-news","17":"tag-republique-francaise"},"share_on_mastodon":{"url":"https:\/\/pubeurope.com\/@fr\/115590530503903040","error":""},"_links":{"self":[{"href":"https:\/\/www.europesays.com\/fr\/wp-json\/wp\/v2\/posts\/550208","targetHints":{"allow":["GET"]}}],"collection":[{"href":"https:\/\/www.europesays.com\/fr\/wp-json\/wp\/v2\/posts"}],"about":[{"href":"https:\/\/www.europesays.com\/fr\/wp-json\/wp\/v2\/types\/post"}],"author":[{"embeddable":true,"href":"https:\/\/www.europesays.com\/fr\/wp-json\/wp\/v2\/users\/2"}],"replies":[{"embeddable":true,"href":"https:\/\/www.europesays.com\/fr\/wp-json\/wp\/v2\/comments?post=550208"}],"version-history":[{"count":0,"href":"https:\/\/www.europesays.com\/fr\/wp-json\/wp\/v2\/posts\/550208\/revisions"}],"wp:featuredmedia":[{"embeddable":true,"href":"https:\/\/www.europesays.com\/fr\/wp-json\/wp\/v2\/media\/550209"}],"wp:attachment":[{"href":"https:\/\/www.europesays.com\/fr\/wp-json\/wp\/v2\/media?parent=550208"}],"wp:term":[{"taxonomy":"category","embeddable":true,"href":"https:\/\/www.europesays.com\/fr\/wp-json\/wp\/v2\/categories?post=550208"},{"taxonomy":"post_tag","embeddable":true,"href":"https:\/\/www.europesays.com\/fr\/wp-json\/wp\/v2\/tags?post=550208"}],"curies":[{"name":"wp","href":"https:\/\/api.w.org\/{rel}","templated":true}]}}